{"id":62682,"date":"2026-04-24T08:30:52","date_gmt":"2026-04-24T11:30:52","guid":{"rendered":"https:\/\/guialimeira.com.br\/coral-alicc-e-reconhecido-na-camara-pelos-dez-anos-de-criacao\/"},"modified":"2026-04-24T08:30:52","modified_gmt":"2026-04-24T11:30:52","slug":"coral-alicc-e-reconhecido-na-camara-pelos-dez-anos-de-criacao","status":"publish","type":"post","link":"https:\/\/guialimeira.com.br\/news\/coral-alicc-e-reconhecido-na-camara-pelos-dez-anos-de-criacao\/","title":{"rendered":"Coral ALICC \u00e9 reconhecido na C\u00e2mara pelos dez anos de cria\u00e7\u00e3o"},"content":{"rendered":"<p>Coral ALICC \u00e9 reconhecido na C\u00e2mara pelos dez anos de cria\u00e7\u00e3o<\/p>\n<p>Durante a sess\u00e3o ordin\u00e1ria da C\u00e2mara Municipal desta quarta-feira, 22 de abril, foi aprovada a Mo\u00e7\u00e3o N\u00b0 63\/2026, em reconhecimento aos dez anos de cria\u00e7\u00e3o do Coral ALICC. Segundo a autora, a m\u00fasica atua como instrumento de cura emocional, integra\u00e7\u00e3o social e fortalecimento da esperan\u00e7a.<\/p>\n<p>De acordo com o documento, a Associa\u00e7\u00e3o Limeirense de Cuidado e Carinho (Alicc) celebra neste ano 30 anos de hist\u00f3ria, marcada por uma trajet\u00f3ria de solidariedade, compromisso e cuidado com a vida. \u201cA entidade oferece suporte essencial \u00e0 qualidade de vida dos assistidos, com atendimento multidisciplinar nas \u00e1reas de assist\u00eancia social, psicologia, nutri\u00e7\u00e3o e fisioterapia, promovendo um cuidado integral e humanizado\u201d, destacou a propositora.<\/p>\n<p>Mara Isa Mattos Silveira explicou que o Coral ALICC celebra 10 anos de exist\u00eancia, tendo sido criado em 2016 por iniciativa do setor de psicologia, coordenado pela psic\u00f3loga Luci Mara Ribeiro Moreira como uma proposta inovadora de cuidado e acolhimento. A\u00a0 cria\u00e7\u00e3o nasceu da sens\u00edvel percep\u00e7\u00e3o dos benef\u00edcios das atividades coletivas, encontrando no canto coral uma poderosa ferramenta de transforma\u00e7\u00e3o, capaz de tocar n\u00e3o apenas vozes, mas tamb\u00e9m as almas.<\/p>\n<p>\u201cO projeto foi cuidadosamente estruturado, com base em fundamentos te\u00f3ricos que evidenciam os in\u00fameros benef\u00edcios do canto para a sa\u00fade mental, promovendo redu\u00e7\u00e3o da ansiedade, eleva\u00e7\u00e3o da autoestima e fortalecimento dos v\u00ednculos humanos. Dessa forma, em curto espa\u00e7o de tempo, formou-se o primeiro grupo, reunindo pacientes e familiares em uma experi\u00eancia \u00fanica de uni\u00e3o, acolhimento e supera\u00e7\u00e3o\u201d, ressaltou.<\/p>\n<p>A propositura descreve tamb\u00e9m que, desde seus primeiros ensaios, o Coral ALICC revelou grande potencial de transformar ambientes, promovendo alegria, leveza, integra\u00e7\u00e3o e renova\u00e7\u00e3o da esperan\u00e7a entre participantes e ouvintes. O sucesso do coral ultrapassou os limites da institui\u00e7\u00e3o, levando suas apresenta\u00e7\u00f5es \u00e0 comunidade e difundindo mensagens de f\u00e9, coragem, supera\u00e7\u00e3o e valoriza\u00e7\u00e3o da vida.<\/p>\n<p>\u201cAo longo de sua trajet\u00f3ria, contou com a dedica\u00e7\u00e3o de importantes regentes, incluindo Adilson Zacarias de Lima, Elizabeth de Almeida Jimenes e, desde 2019, o maestro Rosivaldo Mena Peres, que contribu\u00edram para a excel\u00eancia art\u00edstica do grupo\u201d, destacou a vereadora.<\/p>\n<p>Mara Isa Mattos Silveira justificou a congratula\u00e7\u00e3o dizendo que, ao longo de seus 10 anos de hist\u00f3ria, o Coral ALICC consolidou-se como um espa\u00e7o de acolhimento e transforma\u00e7\u00e3o na vida de pacientes oncol\u00f3gicos e seus familiares, indo al\u00e9m da m\u00fasica para promover inclus\u00e3o, fortalecimento emocional e resgate da dignidade. \u201cPara seus integrantes, o canto representa esperan\u00e7a diante das adversidades, traduzindo a capacidade de transformar dor em arte e luta em uni\u00e3o\u201d, considerou.<\/p>\n<p>Do Gabinete Parlamentar \u2013 Vereadora Mara Isa Mattos Silveira (PL)<\/p>\n<p>As mat\u00e9rias de origem dos Gabinetes Parlamentares s\u00e3o de inteira\u00a0 responsabilidade dos parlamentares e de suas assessorias. S\u00e3o devidamente assinadas e n\u00e3o refletem, necessariamente, a opini\u00e3o institucional da C\u00e2mara Municipal de Limeira.<\/p>\n<hr>\n<p><em>Fonte: <a href=\"https:\/\/www.limeira.sp.leg.br\/noticias\/view\/2026-04-24_coral-alicc-e-reconhecido-na-camara-pelos-dez-anos-de-criacao\" target=\"_blank\" rel=\"noopener\">C\u00e2mara Municipal de Limeira<\/a><\/em><\/p>\n","protected":false},"excerpt":{"rendered":"<p>Coral ALICC \u00e9 reconhecido na C\u00e2mara pelos dez anos de cria\u00e7\u00e3o<\/p>\n<p>Durante a sess\u00e3o ordin\u00e1ria da C\u00e2mara Municipal desta quarta-feira, 22 de abril, foi aprovada a Mo\u00e7\u00e3o N\u00b0 63\/2026, em reconhecimento aos dez anos de cria\u00e7\u00e3o do Coral ALICC. Segundo a autora, a m\u00fasica atua como instrumento de cura emocional<\/p>\n","protected":false},"author":4,"featured_media":62681,"comment_status":"","ping_status":"open","sticky":false,"template":"","format":"standard","meta":{"_jetpack_newsletter_access":"","_jetpack_dont_email_post_to_subs":false,"_jetpack_newsletter_tier_id":0,"_jetpack_memberships_contains_paywalled_content":false,"_mbp_banners":[],"_jetpack_feature_clip_id":0,"_jetpack_memberships_contains_paid_content":false,"footnotes":"","jetpack_publicize_message":"","jetpack_publicize_feature_enabled":true,"jetpack_social_post_already_shared":true,"jetpack_social_options":{"image_generator_settings":{"template":"highway","default_image_id":0,"font":"","enabled":false},"version":2},"jetpack_post_was_ever_published":false},"categories":[19],"tags":[],"class_list":["post-62682","post","type-post","status-publish","format-standard","has-post-thumbnail","category-politica"],"jetpack_publicize_connections":[],"jetpack-related-posts":[],"jetpack_shortlink":"https:\/\/wp.me\/p7Eq1F-gj0","jetpack_sharing_enabled":true,"jetpack_featured_media_url":"https:\/\/i0.wp.com\/guialimeira.com.br\/news\/wp-content\/uploads\/2026\/04\/noticia-camara-121.jpg?fit=1280%2C640&ssl=1","_links":{"self":[{"href":"https:\/\/guialimeira.com.br\/news\/wp-json\/wp\/v2\/posts\/62682","targetHints":{"allow":["GET"]}}],"collection":[{"href":"https:\/\/guialimeira.com.br\/news\/wp-json\/wp\/v2\/posts"}],"about":[{"href":"https:\/\/guialimeira.com.br\/news\/wp-json\/wp\/v2\/types\/post"}],"author":[{"embeddable":true,"href":"https:\/\/guialimeira.com.br\/news\/wp-json\/wp\/v2\/users\/4"}],"replies":[{"embeddable":true,"href":"https:\/\/guialimeira.com.br\/news\/wp-json\/wp\/v2\/comments?post=62682"}],"version-history":[{"count":0,"href":"https:\/\/guialimeira.com.br\/news\/wp-json\/wp\/v2\/posts\/62682\/revisions"}],"wp:featuredmedia":[{"embeddable":true,"href":"https:\/\/guialimeira.com.br\/news\/wp-json\/wp\/v2\/media\/62681"}],"wp:attachment":[{"href":"https:\/\/guialimeira.com.br\/news\/wp-json\/wp\/v2\/media?parent=62682"}],"wp:term":[{"taxonomy":"category","embeddable":true,"href":"https:\/\/guialimeira.com.br\/news\/wp-json\/wp\/v2\/categories?post=62682"},{"taxonomy":"post_tag","embeddable":true,"href":"https:\/\/guialimeira.com.br\/news\/wp-json\/wp\/v2\/tags?post=62682"}],"curies":[{"name":"wp","href":"https:\/\/api.w.org\/{rel}","templated":true}]}}