{"id":62680,"date":"2026-04-24T08:25:53","date_gmt":"2026-04-24T11:25:53","guid":{"rendered":"https:\/\/guialimeira.com.br\/mocao-de-reconhecimento-ao-coral-pequeninos-de-santa-luzia-e-aprovada-na-camara\/"},"modified":"2026-04-24T08:25:53","modified_gmt":"2026-04-24T11:25:53","slug":"mocao-de-reconhecimento-ao-coral-pequeninos-de-santa-luzia-e-aprovada-na-camara","status":"publish","type":"post","link":"https:\/\/guialimeira.com.br\/news\/mocao-de-reconhecimento-ao-coral-pequeninos-de-santa-luzia-e-aprovada-na-camara\/","title":{"rendered":"Mo\u00e7\u00e3o de reconhecimento ao Coral Pequeninos de Santa Luzia \u00e9 aprovada na C\u00e2mara"},"content":{"rendered":"<p>Mo\u00e7\u00e3o de reconhecimento ao Coral Pequeninos de Santa Luzia \u00e9 aprovada na C\u00e2mara<\/p>\n<p>A Mo\u00e7\u00e3o N\u00b0 21\/2026 de autoria do vereador Helder do T\u00e1xi (PSD) foi aprovada na sess\u00e3o ordin\u00e1ria que ocorreu nesta quarta-feira, 22 de abril. A homenagem destaca a trajet\u00f3ria e miss\u00e3o de evangeliza\u00e7\u00e3o do Coral Pequeninos de Santa Luzia atrav\u00e9s do canto.<\/p>\n<p>Segundo a propositura, a hist\u00f3ria do Coral \u00e9 uma prova de que grandes miss\u00f5es come\u00e7am nos cora\u00e7\u00f5es mais jovens. \u201cTudo teve in\u00edcio com Ester Domingues, que desde os quatro anos de idade demonstrava voca\u00e7\u00e3o servindo como coroinha na Comunidade S\u00e3o Jo\u00e3o Evangelista. Apoiada pela coordenadora dos coroinhas, Vanessa Morales e seus pais \u00c9derson e Karolyne, que s\u00e3o ministros na Par\u00f3quia Santa Luzia\u201d, ressaltou o autor.<\/p>\n<p>O vereador relatou que Ester sempre teve afinidade com a m\u00fasica desde pequena. O caminho dela cruzou com o de Rafael Santos, professor de m\u00fasica e atuante na Par\u00f3quia Santa Luzia. A metodologia de ensino de Rafael voltava-se apenas para crian\u00e7as acima dos oito anos, mas Ester insistiu at\u00e9 conseguir um teste e criou um la\u00e7o de amizade com o educador, que a ensinou t\u00e9cnicas de viol\u00e3o, canto e liturgia.<\/p>\n<p>Com o talento sendo compartilhado na internet pelo pai, surgiram os primeiros convites, o primeiro pela Comunidade S\u00e3o Jo\u00e3o Evangelista e o segundo a convite do padre Ricardo Ara\u00fajo, da Par\u00f3quia Santa Luzia. O p\u00e1roco expressou que um de seus sonhos era ter um coral de crian\u00e7as na igreja e Ester sentiu o chamado de formar seu pr\u00f3prio coral.<\/p>\n<p>Ainda descrito no documento, o padre deu total apoio \u00e0 iniciativa e a m\u00e3e de Ester assumiu a coordena\u00e7\u00e3o e organiza\u00e7\u00e3o. E ao longo do tempo, outras oito crian\u00e7as aceitaram o convite para fazer parte do projeto, o coral ensaiou por seis meses at\u00e9 chegar o primeiro teste pr\u00e1tico em uma missa. O resultado foi positivo e\u00a0 logo ap\u00f3s essa primeira missa, o padre pediu ao coordenador paroquial dos corais que inclu\u00edsse as crian\u00e7as na escala oficial da igreja.<\/p>\n<p>O Coral Pequeninos de Santa Luzia nasceu no dia 1\u00ba de mar\u00e7o de 2025 e os ensaios ocorrem semanalmente na Comunidade S\u00e3o Jo\u00e3o Evangelista, sendo composto por Ana Cec\u00edlia da Silva Alves, Ana Clara Serafim Oliveira, Antonio Guilherme Da Silva Filho, Arthur Gabriel Serafim, Ester Domingues, Ive Lav\u00ednia Oliveira Marcelino, L\u00edvia Reis Moreira, Manuela Rodrigues de Oliveira e Maria Helo\u00edsa Couto Tavares.<\/p>\n<p>O autor justificou a homenagem dizendo que esse projeto n\u00e3o seria, nada se n\u00e3o fosse o apoio dos pais e m\u00e3es de cada crian\u00e7a, que exercem um papel importante nesta caminhada. \u201cS\u00e3o as fam\u00edlias que incentivam, levam aos ensaios, acompanham nas missas e colaboram ativamente em todos os momentos e necessidades do coral. \u00c9 o compromisso e o &#8220;sim&#8221; de cada pai e m\u00e3e que permitem que essas vozes continuem firmes em seu prop\u00f3sito\u201d, concluiu Helder do T\u00e1xi.<\/p>\n<p>Do Gabinete Parlamentar \u2013 Vereador Helder do T\u00e1xi (PSD)<\/p>\n<p>As mat\u00e9rias de origem dos Gabinetes Parlamentares s\u00e3o de inteira\u00a0 responsabilidade dos parlamentares e de suas assessorias. S\u00e3o devidamente assinadas e n\u00e3o refletem, necessariamente, a opini\u00e3o institucional da C\u00e2mara Municipal de Limeira.<\/p>\n<hr>\n<p><em>Fonte: <a href=\"https:\/\/www.limeira.sp.leg.br\/noticias\/view\/2026-04-24_mocao-de-reconhecimento-ao-coral-pequeninos-de-santa-luzia-e-aprovada-na-camara\" target=\"_blank\" rel=\"noopener\">C\u00e2mara Municipal de Limeira<\/a><\/em><\/p>\n","protected":false},"excerpt":{"rendered":"<p>Mo\u00e7\u00e3o de reconhecimento ao Coral Pequeninos de Santa Luzia \u00e9 aprovada na C\u00e2mara<\/p>\n<p>A Mo\u00e7\u00e3o N\u00b0 21\/2026 de autoria do vereador Helder do T\u00e1xi (PSD) foi aprovada na sess\u00e3o ordin\u00e1ria que ocorreu nesta quarta-feira, 22 de abril. A homenagem destaca a trajet\u00f3ria e miss\u00e3o de evangeliza\u00e7\u00e3o do Coral Pequeninos<\/p>\n","protected":false},"author":4,"featured_media":62679,"comment_status":"","ping_status":"open","sticky":false,"template":"","format":"standard","meta":{"_jetpack_newsletter_access":"","_jetpack_dont_email_post_to_subs":false,"_jetpack_newsletter_tier_id":0,"_jetpack_memberships_contains_paywalled_content":false,"_mbp_banners":[],"_jetpack_feature_clip_id":0,"_jetpack_memberships_contains_paid_content":false,"footnotes":"","jetpack_publicize_message":"","jetpack_publicize_feature_enabled":true,"jetpack_social_post_already_shared":true,"jetpack_social_options":{"image_generator_settings":{"template":"highway","default_image_id":0,"font":"","enabled":false},"version":2},"jetpack_post_was_ever_published":false},"categories":[19],"tags":[],"class_list":["post-62680","post","type-post","status-publish","format-standard","has-post-thumbnail","category-politica"],"jetpack_publicize_connections":[],"jetpack-related-posts":[],"jetpack_shortlink":"https:\/\/wp.me\/p7Eq1F-giY","jetpack_sharing_enabled":true,"jetpack_featured_media_url":"https:\/\/i0.wp.com\/guialimeira.com.br\/news\/wp-content\/uploads\/2026\/04\/noticia-camara-120.jpg?fit=1280%2C640&ssl=1","_links":{"self":[{"href":"https:\/\/guialimeira.com.br\/news\/wp-json\/wp\/v2\/posts\/62680","targetHints":{"allow":["GET"]}}],"collection":[{"href":"https:\/\/guialimeira.com.br\/news\/wp-json\/wp\/v2\/posts"}],"about":[{"href":"https:\/\/guialimeira.com.br\/news\/wp-json\/wp\/v2\/types\/post"}],"author":[{"embeddable":true,"href":"https:\/\/guialimeira.com.br\/news\/wp-json\/wp\/v2\/users\/4"}],"replies":[{"embeddable":true,"href":"https:\/\/guialimeira.com.br\/news\/wp-json\/wp\/v2\/comments?post=62680"}],"version-history":[{"count":0,"href":"https:\/\/guialimeira.com.br\/news\/wp-json\/wp\/v2\/posts\/62680\/revisions"}],"wp:featuredmedia":[{"embeddable":true,"href":"https:\/\/guialimeira.com.br\/news\/wp-json\/wp\/v2\/media\/62679"}],"wp:attachment":[{"href":"https:\/\/guialimeira.com.br\/news\/wp-json\/wp\/v2\/media?parent=62680"}],"wp:term":[{"taxonomy":"category","embeddable":true,"href":"https:\/\/guialimeira.com.br\/news\/wp-json\/wp\/v2\/categories?post=62680"},{"taxonomy":"post_tag","embeddable":true,"href":"https:\/\/guialimeira.com.br\/news\/wp-json\/wp\/v2\/tags?post=62680"}],"curies":[{"name":"wp","href":"https:\/\/api.w.org\/{rel}","templated":true}]}}