{"id":62614,"date":"2026-04-23T18:25:52","date_gmt":"2026-04-23T21:25:52","guid":{"rendered":"https:\/\/guialimeira.com.br\/secretarios-nao-comparecem-e-comissao-reagenda-reuniao-com-mobilidade-urbana-e-seguranca\/"},"modified":"2026-04-23T18:25:52","modified_gmt":"2026-04-23T21:25:52","slug":"secretarios-nao-comparecem-e-comissao-reagenda-reuniao-com-mobilidade-urbana-e-seguranca","status":"publish","type":"post","link":"https:\/\/guialimeira.com.br\/news\/secretarios-nao-comparecem-e-comissao-reagenda-reuniao-com-mobilidade-urbana-e-seguranca\/","title":{"rendered":"Secret\u00e1rios n\u00e3o comparecem e Comiss\u00e3o reagenda reuni\u00e3o com Mobilidade Urbana e Seguran\u00e7a"},"content":{"rendered":"<p>Secret\u00e1rios n\u00e3o comparecem e Comiss\u00e3o reagenda reuni\u00e3o com Mobilidade Urbana e Seguran\u00e7a<\/p>\n<p>Ap\u00f3s a aus\u00eancia injustificada dos secret\u00e1rios de Mobilidade Urbana e Seguran\u00e7a P\u00fablica na reuni\u00e3o agendada para esta quinta-feira, 23 de abril, a Comiss\u00e3o de Seguran\u00e7a P\u00fablica da C\u00e2mara marcou uma nova data para discutir a seguran\u00e7a vi\u00e1ria nos pontos cr\u00edticos de Limeira. O convite foi motivado ap\u00f3s diversos acidentes de tr\u00e2nsito que resultaram em mortes nos \u00faltimos meses.<\/p>\n<p>O encontro acontece na pr\u00f3xima quinta-feira, 30 de abril, a partir das 16h, com transmiss\u00e3o ao vivo pelos canais de comunica\u00e7\u00e3o do Legislativo no Youtube, Facebook e site.<\/p>\n<p>Interliga\u00e7\u00e3o de ruas<\/p>\n<p>Na reuni\u00e3o os vereadores tamb\u00e9m solicitaram um estudo de viabilidade t\u00e9cnica para a interliga\u00e7\u00e3o e abertura das ruas H\u00e9lio Aparecido Clemente e Rosa Paulino, no Jardim Od\u00e9cio Degan. De acordo com eles, o objetivo \u00e9 otimizar o acesso de viaturas e fluidez vi\u00e1ria, refor\u00e7ar a seguran\u00e7a p\u00fablica e garantir acessibilidade local.<\/p>\n<p>O colegiado tamb\u00e9m questionou a exist\u00eancia de projeto referente \u00e0 interliga\u00e7\u00e3o da<\/p>\n<p>rua Oswaldo Figueiredo com a rua Elza de Lima Monnerat, visando conectar os bairros Jardim Od\u00e9cio Degan, S\u00e3o Louren\u00e7o e Itamarac\u00e1, ampliando a mobilidade urbana e seguran\u00e7a p\u00fablica na regi\u00e3o.<\/p>\n<p>A Comiss\u00e3o de Seguran\u00e7a P\u00fablica da C\u00e2mara \u00e9 composta pelos vereadores Costa J\u00fanior (Podemos), presidente; Felipe Penedo (PL), vice-presidente, e Carlinhos do Grotta (PL), secret\u00e1rio. As delibera\u00e7\u00f5es podem ser conferidas em ata.<\/p>\n<hr>\n<p><em>Fonte: <a href=\"https:\/\/www.limeira.sp.leg.br\/noticias\/view\/2026-04-23_secretarios-nao-comparecem-e-comissao-reagenda-reuniao-com-mobilidade-urbana-e-seguranca\" target=\"_blank\" rel=\"noopener\">C\u00e2mara Municipal de Limeira<\/a><\/em><\/p>\n","protected":false},"excerpt":{"rendered":"<p>Secret\u00e1rios n\u00e3o comparecem e Comiss\u00e3o reagenda reuni\u00e3o com Mobilidade Urbana e Seguran\u00e7a<\/p>\n<p>Ap\u00f3s a aus\u00eancia injustificada dos secret\u00e1rios de Mobilidade Urbana e Seguran\u00e7a P\u00fablica na reuni\u00e3o agendada para esta quinta-feira, 23 de abril, a Comiss\u00e3o de Seguran\u00e7a P\u00fablica da C\u00e2mara marcou uma nova data par<\/p>\n","protected":false},"author":4,"featured_media":62613,"comment_status":"","ping_status":"open","sticky":false,"template":"","format":"standard","meta":{"_jetpack_newsletter_access":"","_jetpack_dont_email_post_to_subs":false,"_jetpack_newsletter_tier_id":0,"_jetpack_memberships_contains_paywalled_content":false,"_mbp_banners":[],"_jetpack_feature_clip_id":0,"_jetpack_memberships_contains_paid_content":false,"footnotes":"","jetpack_publicize_message":"","jetpack_publicize_feature_enabled":true,"jetpack_social_post_already_shared":true,"jetpack_social_options":{"image_generator_settings":{"template":"highway","default_image_id":0,"font":"","enabled":false},"version":2},"jetpack_post_was_ever_published":false},"categories":[19],"tags":[],"class_list":["post-62614","post","type-post","status-publish","format-standard","has-post-thumbnail","category-politica"],"jetpack_publicize_connections":[],"jetpack-related-posts":[],"jetpack_shortlink":"https:\/\/wp.me\/p7Eq1F-ghU","jetpack_sharing_enabled":true,"jetpack_featured_media_url":"https:\/\/i0.wp.com\/guialimeira.com.br\/news\/wp-content\/uploads\/2026\/04\/noticia-camara-119.jpg?fit=1280%2C640&ssl=1","_links":{"self":[{"href":"https:\/\/guialimeira.com.br\/news\/wp-json\/wp\/v2\/posts\/62614","targetHints":{"allow":["GET"]}}],"collection":[{"href":"https:\/\/guialimeira.com.br\/news\/wp-json\/wp\/v2\/posts"}],"about":[{"href":"https:\/\/guialimeira.com.br\/news\/wp-json\/wp\/v2\/types\/post"}],"author":[{"embeddable":true,"href":"https:\/\/guialimeira.com.br\/news\/wp-json\/wp\/v2\/users\/4"}],"replies":[{"embeddable":true,"href":"https:\/\/guialimeira.com.br\/news\/wp-json\/wp\/v2\/comments?post=62614"}],"version-history":[{"count":0,"href":"https:\/\/guialimeira.com.br\/news\/wp-json\/wp\/v2\/posts\/62614\/revisions"}],"wp:featuredmedia":[{"embeddable":true,"href":"https:\/\/guialimeira.com.br\/news\/wp-json\/wp\/v2\/media\/62613"}],"wp:attachment":[{"href":"https:\/\/guialimeira.com.br\/news\/wp-json\/wp\/v2\/media?parent=62614"}],"wp:term":[{"taxonomy":"category","embeddable":true,"href":"https:\/\/guialimeira.com.br\/news\/wp-json\/wp\/v2\/categories?post=62614"},{"taxonomy":"post_tag","embeddable":true,"href":"https:\/\/guialimeira.com.br\/news\/wp-json\/wp\/v2\/tags?post=62614"}],"curies":[{"name":"wp","href":"https:\/\/api.w.org\/{rel}","templated":true}]}}