{"id":62612,"date":"2026-04-23T18:20:55","date_gmt":"2026-04-23T21:20:55","guid":{"rendered":"https:\/\/guialimeira.com.br\/possiveis-impactos-ambientais-em-loteamentos-no-pq-n-s-das-dores-sao-fiscalizados-pela-comissao-de-meio-ambiente\/"},"modified":"2026-04-23T18:20:55","modified_gmt":"2026-04-23T21:20:55","slug":"possiveis-impactos-ambientais-em-loteamentos-no-pq-n-s-das-dores-sao-fiscalizados-pela-comissao-de-meio-ambiente","status":"publish","type":"post","link":"https:\/\/guialimeira.com.br\/news\/possiveis-impactos-ambientais-em-loteamentos-no-pq-n-s-das-dores-sao-fiscalizados-pela-comissao-de-meio-ambiente\/","title":{"rendered":"Poss\u00edveis impactos ambientais em loteamentos no Pq. N. S. das Dores s\u00e3o fiscalizados pela Comiss\u00e3o de Meio Ambiente"},"content":{"rendered":"<p>Poss\u00edveis impactos ambientais em loteamentos no Pq. N. S. das Dores s\u00e3o fiscalizados pela Comiss\u00e3o de Meio Ambiente<\/p>\n<p>Preocupados com os poss\u00edveis impactos ambientais causados por dois novos empreendimentos imobili\u00e1rios localizados no Parque Nossa Senhora das Dores, principalmente em rela\u00e7\u00e3o \u00e0s \u00e1rvores plantadas em frente ao terreno, a Comiss\u00e3o de Meio Ambiente da C\u00e2mara fiscalizou os arredores do loteamento Arauc\u00e1rias na tarde desta quinta-feira, 23 de abril.<\/p>\n<p>O colegiado tamb\u00e9m vistoriou \u00e1reas verdes pr\u00f3ximas \u00e0 rua N\u00e9lia Foster Pezzoto, no\u00a0 Parque Ab\u00edlio Pedro, que est\u00e3o tomadas pelo mato e com lixo descartado irregularmente em diversos pontos.<\/p>\n<p>No loteamento os vereadores conversaram com Guilherme Garcia, propriet\u00e1rio da empresa Garcia Terraplenagem, respons\u00e1vel pelo empreendimento. Em rela\u00e7\u00e3o \u00e0s \u00e1rvores localizadas em frente ao terreno, ele informou que h\u00e1 um termo de compromisso ambiental firmado que compreende a recomposi\u00e7\u00e3o ambiental tanto dessa \u00e1rea, como de uma outra mais abaixo, no entanto disse que algumas \u00e1rvores precisar\u00e3o ser retiradas, com a devida compensa\u00e7\u00e3o.<\/p>\n<p>\u00c1reas verdes<\/p>\n<p>Nas \u00e1reas verdes localizadas no Parque Ab\u00edlio Pedro, na altura da rua N\u00e9lia Foster Pezzoto, os vereadores encontraram diversos pontos com descarte irregular de lixo, mesmo ap\u00f3s uma recente limpeza executada pela Prefeitura. O mato alto tamb\u00e9m foi um problema observado pelo colegiado, tanto nos passeios p\u00fablicos, dificultando a mobilidade, como nos canteiros centrais, no parquinho e no campinho de futebol.<\/p>\n<p>Durante a dilig\u00eancia os vereadores ressaltaram que as \u00e1reas s\u00e3o belas e poderiam ser bem utilizadas pela popula\u00e7\u00e3o, caso a Prefeitura criasse um bosque ou um parque linear.<\/p>\n<p>Ap\u00f3s receberem reclama\u00e7\u00f5es de diversos mun\u00edcipes sobre a qualidade da \u00e1gua nos \u00faltimos dias, em rela\u00e7\u00e3o a cores e odores, a Comiss\u00e3o deliberou convidar um representante da empresa para prestar esclarecimentos sobre o assunto na pr\u00f3xima reuni\u00e3o do colegiado, no dia 30 de abril, \u00e0s 15h. O evento ser\u00e1 transmitido ao vivo pelos canais de comunica\u00e7\u00e3o do Legislativo no Youtube, Facebook e site.<\/p>\n<p>Al\u00e9m disso, os vereadores tamb\u00e9m encaminharam of\u00edcio \u00e0 concession\u00e1ria, durante a reuni\u00e3o realizada nesta quinta-feira, 23 de abril, questionando sobre a qualidade da \u00e1gua, se houve registro de n\u00e3o conformidade com os padr\u00f5es estabelecidos e, em caso positivo, se a \u00e1gua est\u00e1 pr\u00f3pria para consumo humano e se h\u00e1 risco \u00e0 sa\u00fade p\u00fablica em rela\u00e7\u00e3o \u00e0s altera\u00e7\u00f5es relatadas.<\/p>\n<p>Questionou tamb\u00e9m sobre as altera\u00e7\u00f5es sensoriais relatadas pelos mun\u00edcipes, pedindo explica\u00e7\u00f5es sobre as altera\u00e7\u00f5es de cor, odor ou sabor, se houve mudan\u00e7a no manancial de capta\u00e7\u00e3o ou altera\u00e7\u00e3o no processo de tratamento e se foram realizadas limpezas de reservat\u00f3rios, descargas de rede, manuten\u00e7\u00f5es ou interven\u00e7\u00f5es operacionais.<\/p>\n<p>Pedem ainda relat\u00f3rio sobre ocorr\u00eancias operacionais nos \u00faltimos 30 dias e perguntam com que frequ\u00eancia s\u00e3o realizadas an\u00e1lises da \u00e1gua distribu\u00edda, se h\u00e1 monitoramento e qual abrang\u00eancia, se relat\u00f3rios de qualidade da \u00e1gua est\u00e3o dispon\u00edveis ao p\u00fablico e onde, quantas reclama\u00e7\u00f5es foram registradas nos \u00faltimos 30 dias e quais medidas corretivas e preventivas foram adotadas.<\/p>\n<p>Fazem parte da Comiss\u00e3o os vereadores Felipe Penedo (PL), presidente; Tatiane Lopes (Avante), vice-presidente; e Helder do T\u00e1xi (PSD), secret\u00e1rio. As delibera\u00e7\u00f5es feitas durante a reuni\u00e3o constam em ata.<\/p>\n<hr>\n<p><em>Fonte: <a href=\"https:\/\/www.limeira.sp.leg.br\/noticias\/view\/2026-04-23_possiveis-impactos-ambientais-em-loteamentos-no-pq-n-s-das-dores-sao-fiscalizados-pela-comissao-de-meio-ambiente\" target=\"_blank\" rel=\"noopener\">C\u00e2mara Municipal de Limeira<\/a><\/em><\/p>\n","protected":false},"excerpt":{"rendered":"<p>Poss\u00edveis impactos ambientais em loteamentos no Pq. N. S. das Dores s\u00e3o fiscalizados pela Comiss\u00e3o de Meio Ambiente<\/p>\n<p>Preocupados com os poss\u00edveis impactos ambientais causados por dois novos empreendimentos imobili\u00e1rios localizados no Parque Nossa Senhora das Dores, principalmente em rela\u00e7\u00e3o \u00e0s \u00e1rvor<\/p>\n","protected":false},"author":4,"featured_media":62611,"comment_status":"","ping_status":"open","sticky":false,"template":"","format":"standard","meta":{"_jetpack_newsletter_access":"","_jetpack_dont_email_post_to_subs":false,"_jetpack_newsletter_tier_id":0,"_jetpack_memberships_contains_paywalled_content":false,"_mbp_banners":[],"_jetpack_feature_clip_id":0,"_jetpack_memberships_contains_paid_content":false,"footnotes":"","jetpack_publicize_message":"","jetpack_publicize_feature_enabled":true,"jetpack_social_post_already_shared":true,"jetpack_social_options":{"image_generator_settings":{"template":"highway","default_image_id":0,"font":"","enabled":false},"version":2},"jetpack_post_was_ever_published":false},"categories":[19],"tags":[],"class_list":["post-62612","post","type-post","status-publish","format-standard","has-post-thumbnail","category-politica"],"jetpack_publicize_connections":[],"jetpack-related-posts":[],"jetpack_shortlink":"https:\/\/wp.me\/p7Eq1F-ghS","jetpack_sharing_enabled":true,"jetpack_featured_media_url":"https:\/\/i0.wp.com\/guialimeira.com.br\/news\/wp-content\/uploads\/2026\/04\/noticia-camara-118.jpg?fit=1280%2C640&ssl=1","_links":{"self":[{"href":"https:\/\/guialimeira.com.br\/news\/wp-json\/wp\/v2\/posts\/62612","targetHints":{"allow":["GET"]}}],"collection":[{"href":"https:\/\/guialimeira.com.br\/news\/wp-json\/wp\/v2\/posts"}],"about":[{"href":"https:\/\/guialimeira.com.br\/news\/wp-json\/wp\/v2\/types\/post"}],"author":[{"embeddable":true,"href":"https:\/\/guialimeira.com.br\/news\/wp-json\/wp\/v2\/users\/4"}],"replies":[{"embeddable":true,"href":"https:\/\/guialimeira.com.br\/news\/wp-json\/wp\/v2\/comments?post=62612"}],"version-history":[{"count":0,"href":"https:\/\/guialimeira.com.br\/news\/wp-json\/wp\/v2\/posts\/62612\/revisions"}],"wp:featuredmedia":[{"embeddable":true,"href":"https:\/\/guialimeira.com.br\/news\/wp-json\/wp\/v2\/media\/62611"}],"wp:attachment":[{"href":"https:\/\/guialimeira.com.br\/news\/wp-json\/wp\/v2\/media?parent=62612"}],"wp:term":[{"taxonomy":"category","embeddable":true,"href":"https:\/\/guialimeira.com.br\/news\/wp-json\/wp\/v2\/categories?post=62612"},{"taxonomy":"post_tag","embeddable":true,"href":"https:\/\/guialimeira.com.br\/news\/wp-json\/wp\/v2\/tags?post=62612"}],"curies":[{"name":"wp","href":"https:\/\/api.w.org\/{rel}","templated":true}]}}