{"id":6261,"date":"2024-05-24T12:37:45","date_gmt":"2024-05-24T15:37:45","guid":{"rendered":"https:\/\/guialimeira.com.br\/2024\/05\/24\/quatro-projetos-estao-na-pauta-da-sessao-de-segunda-feira-27-5\/"},"modified":"2024-05-24T12:37:45","modified_gmt":"2024-05-24T15:37:45","slug":"quatro-projetos-estao-na-pauta-da-sessao-de-segunda-feira-27-5","status":"publish","type":"post","link":"https:\/\/guialimeira.com.br\/news\/quatro-projetos-estao-na-pauta-da-sessao-de-segunda-feira-27-5\/","title":{"rendered":"Quatro projetos est\u00e3o na pauta da sess\u00e3o de segunda-feira (27\/5)"},"content":{"rendered":"<p> <br \/>\n<\/p>\n<div>\n<p>Acontece na segunda-feira, 27 de maio, a 17\u00aa sess\u00e3o ordin\u00e1ria da C\u00e2mara Municipal. Quatro projetos est\u00e3o em pauta e os parlamentares votam de acordo com a <a href=\"http:\/\/consulta.limeira.sp.leg.br\/Sessoes\/Documento\/346970\" rel=\"noopener\">Ordem do Dia<\/a>. Os trabalhos s\u00e3o transmitidos ao vivo pelos canais de comunica\u00e7\u00e3o do Legislativo no <a href=\"https:\/\/www.youtube.com\/user\/camaradelimeira\" rel=\"noopener\">Youtube<\/a>, <a href=\"https:\/\/www.facebook.com\/camaradelimeira\/\" rel=\"noopener\">Facebook<\/a> e <a href=\"http:\/\/www.limeira.sp.leg.br\/sessoes\/aovivo\" rel=\"noopener\">site<\/a>, e pela R\u00e1dio Limeira FM 106,9, a partir das 16h.\u00a0<\/p>\n<p>Tamb\u00e9m \u00e9 poss\u00edvel acompanhar a sess\u00e3o presencialmente no Plen\u00e1rio Vereador Vit\u00f3rio Bortolan, na C\u00e2mara, que fica na rua Pedro Zaccaria, 70, Jardim Santa Luiza. Para entrar no pr\u00e9dio basta apresentar documento de identifica\u00e7\u00e3o com foto.<\/p>\n<p>Confira os itens que v\u00e3o \u00e0 vota\u00e7\u00e3o:<\/p>\n<p><a href=\"http:\/\/consulta.limeira.sp.leg.br\/Documentos\/Documento\/302453\" rel=\"noopener\">Projeto de Lei N\u00b0 3\/2023<\/a>, de autoria da vereadora Lu Bogo (PL) que disp\u00f5e sobre o atendimento priorit\u00e1rio \u00e0s pessoas portadoras de l\u00fapus e ataxia em agendamento de consultas eletivas e exames no \u00e2mbito da rede municipal de sa\u00fade.<\/p>\n<p><a href=\"http:\/\/consulta.limeira.sp.leg.br\/Documentos\/Documento\/324330\" rel=\"noopener\">Projeto de Lei N\u00b0 135\/2023<\/a>, do vereador Nilton Santos (Republicanos), disp\u00f5e sobre as autoriza\u00e7\u00f5es do Poder Executivo em realizar permutas.<\/p>\n<p><a href=\"http:\/\/consulta.limeira.sp.leg.br\/Documentos\/Documento\/327229\" rel=\"noopener\">Projeto de Lei N\u00ba 164\/2023<\/a>, do vereador Helder do Taxi (PSD), institui e inclui no Calend\u00e1rio Oficial de Eventos o Dia Municipal do Ros\u00e1rio da Virgem Maria.\u00a0<\/p>\n<p><a href=\"http:\/\/consulta.limeira.sp.leg.br\/Documentos\/Documento\/340431\" rel=\"noopener\">Projeto de Decreto Legislativo N\u00ba 5\/2024<\/a>, do vereador Elias Barbosa (PRTB), concede o T\u00edtulo de Cidad\u00e3o Limeirense a Francisco Gon\u00e7alves de Lima.<\/p>\n<\/p><\/div>\n<p><br \/>\n<br \/><a href=\"https:\/\/www.limeira.sp.leg.br\/noticias\/view\/2024-05-24_quatro-projetos-estao-na-pauta-da-sessao-de-segundafeira-275\" rel=\"noopener\">Informa\u00e7\u00f5es CML<\/a><\/p>\n","protected":false},"excerpt":{"rendered":"<p>Acontece na segunda-feira, 27 de maio, a 17\u00aa sess\u00e3o ordin\u00e1ria da C\u00e2mara Municipal. Quatro projetos est\u00e3o em pauta e os parlamentares votam de acordo com a Ordem do Dia. Os trabalhos s\u00e3o transmitidos ao vivo pelos canais de comunica\u00e7\u00e3o do Legislativo no Youtube, Facebook e site, e pela R\u00e1dio Limeira FM 106,9, a partir das [&hellip;]<\/p>\n","protected":false},"author":1,"featured_media":0,"comment_status":"open","ping_status":"open","sticky":false,"template":"","format":"standard","meta":{"_jetpack_newsletter_access":"","_jetpack_dont_email_post_to_subs":false,"_jetpack_newsletter_tier_id":0,"_jetpack_memberships_contains_paywalled_content":false,"_mbp_banners":[],"_jetpack_feature_clip_id":0,"_jetpack_memberships_contains_paid_content":false,"footnotes":"","jetpack_publicize_message":"","jetpack_publicize_feature_enabled":true,"jetpack_social_post_already_shared":true,"jetpack_social_options":{"image_generator_settings":{"template":"highway","default_image_id":0,"font":"","enabled":false},"version":2},"jetpack_post_was_ever_published":false},"categories":[19],"tags":[],"class_list":["post-6261","post","type-post","status-publish","format-standard","category-politica"],"jetpack_publicize_connections":[],"jetpack-related-posts":[],"jetpack_shortlink":"https:\/\/wp.me\/p7Eq1F-1CZ","jetpack_sharing_enabled":true,"jetpack_featured_media_url":"","_links":{"self":[{"href":"https:\/\/guialimeira.com.br\/news\/wp-json\/wp\/v2\/posts\/6261","targetHints":{"allow":["GET"]}}],"collection":[{"href":"https:\/\/guialimeira.com.br\/news\/wp-json\/wp\/v2\/posts"}],"about":[{"href":"https:\/\/guialimeira.com.br\/news\/wp-json\/wp\/v2\/types\/post"}],"author":[{"embeddable":true,"href":"https:\/\/guialimeira.com.br\/news\/wp-json\/wp\/v2\/users\/1"}],"replies":[{"embeddable":true,"href":"https:\/\/guialimeira.com.br\/news\/wp-json\/wp\/v2\/comments?post=6261"}],"version-history":[{"count":0,"href":"https:\/\/guialimeira.com.br\/news\/wp-json\/wp\/v2\/posts\/6261\/revisions"}],"wp:attachment":[{"href":"https:\/\/guialimeira.com.br\/news\/wp-json\/wp\/v2\/media?parent=6261"}],"wp:term":[{"taxonomy":"category","embeddable":true,"href":"https:\/\/guialimeira.com.br\/news\/wp-json\/wp\/v2\/categories?post=6261"},{"taxonomy":"post_tag","embeddable":true,"href":"https:\/\/guialimeira.com.br\/news\/wp-json\/wp\/v2\/tags?post=6261"}],"curies":[{"name":"wp","href":"https:\/\/api.w.org\/{rel}","templated":true}]}}