{"id":626,"date":"2024-04-01T09:35:43","date_gmt":"2024-04-01T12:35:43","guid":{"rendered":"https:\/\/guialimeira.com.br\/2024\/04\/01\/geraldo-alckmin-e-diagnosticado-com-covid-19\/"},"modified":"2024-04-01T09:35:43","modified_gmt":"2024-04-01T12:35:43","slug":"geraldo-alckmin-e-diagnosticado-com-covid-19","status":"publish","type":"post","link":"https:\/\/guialimeira.com.br\/news\/geraldo-alckmin-e-diagnosticado-com-covid-19\/","title":{"rendered":"Geraldo Alckmin \u00e9 diagnosticado com covid-19"},"content":{"rendered":"<p> <br \/>\n<\/p>\n<div>\n<p>O vice-presidente da Rep\u00fablica e ministro do Desenvolvimento, Ind\u00fastria, Com\u00e9rcio e Servi\u00e7os, Geraldo Alckmin, foi diagnosticado com covid-19.<img data-recalc-dims=\"1\" decoding=\"async\" src=\"https:\/\/i0.wp.com\/agenciabrasil.ebc.com.br\/ebc.png?w=696&#038;ssl=1\" style=\"width:1px; height:1px; display:inline;\"\/><img data-recalc-dims=\"1\" decoding=\"async\" src=\"https:\/\/i0.wp.com\/agenciabrasil.ebc.com.br\/ebc.gif?w=696&#038;ssl=1\" style=\"width:1px; height:1px; display:inline;\"\/><\/p>\n<p>A informa\u00e7\u00e3o foi confirmada pela assessoria de imprensa dele. Em raz\u00e3o do quadro, Alckmin n\u00e3o cumpre agenda nesta segunda-feira (1\u00ba).<\/p>\n<p>\u201cO vice-presidente tem sintomas leves e passa bem. Ele permanecer\u00e1 em casa, para uma pronta recupera\u00e7\u00e3o, de acordo com recomenda\u00e7\u00e3o m\u00e9dica\u201d, destacou a assessoria em comunicado divulgado \u00e0 imprensa na noite deste domingo (31).<\/p>\n<\/p><\/div>\n<p><br \/>\n<br \/><a href=\"https:\/\/agenciabrasil.ebc.com.br\/geral\/noticia\/2024-04\/geraldo-alckmin-e-diagnosticado-com-covid-19\" rel=\"noopener\">Ag\u00eancia Brasil<\/a><\/p>\n","protected":false},"excerpt":{"rendered":"<p>O vice-presidente da Rep\u00fablica e ministro do Desenvolvimento, Ind\u00fastria, Com\u00e9rcio e Servi\u00e7os, Geraldo Alckmin, foi diagnosticado com covid-19. A informa\u00e7\u00e3o foi confirmada pela assessoria de imprensa dele. Em raz\u00e3o do quadro, Alckmin n\u00e3o cumpre agenda nesta segunda-feira (1\u00ba). \u201cO vice-presidente tem sintomas leves e passa bem. Ele permanecer\u00e1 em casa, para uma pronta recupera\u00e7\u00e3o, de [&hellip;]<\/p>\n","protected":false},"author":1,"featured_media":269,"comment_status":"open","ping_status":"open","sticky":false,"template":"","format":"standard","meta":{"_jetpack_newsletter_access":"","_jetpack_dont_email_post_to_subs":false,"_jetpack_newsletter_tier_id":0,"_jetpack_memberships_contains_paywalled_content":false,"_mbp_banners":[],"_jetpack_feature_clip_id":0,"_jetpack_memberships_contains_paid_content":false,"footnotes":"","jetpack_publicize_message":"","jetpack_publicize_feature_enabled":true,"jetpack_social_post_already_shared":true,"jetpack_social_options":{"image_generator_settings":{"template":"highway","default_image_id":0,"font":"","enabled":false},"version":2},"jetpack_post_was_ever_published":false},"categories":[1],"tags":[],"class_list":["post-626","post","type-post","status-publish","format-standard","has-post-thumbnail","category-geral"],"jetpack_publicize_connections":[],"jetpack-related-posts":[],"jetpack_shortlink":"https:\/\/wp.me\/p7Eq1F-a6","jetpack_sharing_enabled":true,"jetpack_featured_media_url":"https:\/\/i0.wp.com\/guialimeira.com.br\/news\/wp-content\/uploads\/2024\/03\/thumb_1200x600_agbrasil.png?fit=1200%2C600&ssl=1","_links":{"self":[{"href":"https:\/\/guialimeira.com.br\/news\/wp-json\/wp\/v2\/posts\/626","targetHints":{"allow":["GET"]}}],"collection":[{"href":"https:\/\/guialimeira.com.br\/news\/wp-json\/wp\/v2\/posts"}],"about":[{"href":"https:\/\/guialimeira.com.br\/news\/wp-json\/wp\/v2\/types\/post"}],"author":[{"embeddable":true,"href":"https:\/\/guialimeira.com.br\/news\/wp-json\/wp\/v2\/users\/1"}],"replies":[{"embeddable":true,"href":"https:\/\/guialimeira.com.br\/news\/wp-json\/wp\/v2\/comments?post=626"}],"version-history":[{"count":0,"href":"https:\/\/guialimeira.com.br\/news\/wp-json\/wp\/v2\/posts\/626\/revisions"}],"wp:featuredmedia":[{"embeddable":true,"href":"https:\/\/guialimeira.com.br\/news\/wp-json\/wp\/v2\/media\/269"}],"wp:attachment":[{"href":"https:\/\/guialimeira.com.br\/news\/wp-json\/wp\/v2\/media?parent=626"}],"wp:term":[{"taxonomy":"category","embeddable":true,"href":"https:\/\/guialimeira.com.br\/news\/wp-json\/wp\/v2\/categories?post=626"},{"taxonomy":"post_tag","embeddable":true,"href":"https:\/\/guialimeira.com.br\/news\/wp-json\/wp\/v2\/tags?post=626"}],"curies":[{"name":"wp","href":"https:\/\/api.w.org\/{rel}","templated":true}]}}