{"id":62560,"date":"2026-04-23T14:15:52","date_gmt":"2026-04-23T17:15:52","guid":{"rendered":"https:\/\/guialimeira.com.br\/marcio-do-estacionamento-cobra-providencias-da-prefeitura-sobre-escuridao-em-ruas-e-avenidas-de-limeira\/"},"modified":"2026-04-23T14:15:52","modified_gmt":"2026-04-23T17:15:52","slug":"marcio-do-estacionamento-cobra-providencias-da-prefeitura-sobre-escuridao-em-ruas-e-avenidas-de-limeira","status":"publish","type":"post","link":"https:\/\/guialimeira.com.br\/news\/marcio-do-estacionamento-cobra-providencias-da-prefeitura-sobre-escuridao-em-ruas-e-avenidas-de-limeira\/","title":{"rendered":"M\u00e1rcio do Estacionamento cobra provid\u00eancias da Prefeitura sobre escurid\u00e3o em ruas e avenidas de Limeira"},"content":{"rendered":"<p>M\u00e1rcio do Estacionamento cobra provid\u00eancias da Prefeitura sobre escurid\u00e3o em ruas e avenidas de Limeira<\/p>\n<p>A falta de ilumina\u00e7\u00e3o p\u00fablica em vias estrat\u00e9gicas de Limeira motivou o vereador\u00a0 M\u00e1rcio do Estacionamento (DC) a protocolar, no dia 16 de abril, o Requerimento N\u00ba 330\/2026. No documento, o parlamentar questiona a Prefeitura sobre o cronograma de manuten\u00e7\u00e3o e a efic\u00e1cia do servi\u00e7o prestado pela empresa contratada. M\u00e1rcio relatou um cen\u00e1rio de inseguran\u00e7a para pedestres e motoristas, apontando mais de 160 l\u00e2mpadas apagadas em pontos cr\u00edticos como proximidades de escolas, igrejas e unidades de sa\u00fade.<\/p>\n<p>Falta de ilumina\u00e7\u00e3o p\u00fablica<\/p>\n<p>O levantamento apresentado pelo vereador detalha a falta de manuten\u00e7\u00e3o em cinco grandes eixos da cidade. Segundo M\u00e1rcio, apenas no trecho entre a Assembleia de Deus e a Prefeitura, na avenida Maestro Xixirri, h\u00e1 20 l\u00e2mpadas apagadas. J\u00e1 na avenida Lauro Correa da Silva, o n\u00famero chega a 77 pontos de escurid\u00e3o, com destaque perigoso na travessia de pedestres em frente \u00e0 Par\u00f3quia Jesus Cristo Bom Pastor.<\/p>\n<p>Inseguran\u00e7a em \u00e1reas escolares e de sa\u00fade<\/p>\n<p>M\u00e1rcio do Estacionamento ressaltou sua preocupa\u00e7\u00e3o referente \u00e0s \u00e1reas escolares e de sa\u00fade. O requerimento aponta escurid\u00e3o total no entorno da Escola Municipal de Ensino Infantil e Fundamental (Emeief) Major Jos\u00e9 Levy Sobrinho, no qual constam dez l\u00e2mpadas queimadas, e na avenida Dr. Ant\u00f4nio de Luna, com 26 l\u00e2mpadas, onde, segundo o autor, a travessia em frente \u00e0 Unidade B\u00e1sica de Sa\u00fade (UBS) do Jardim Aeroporto \u00e9 considerada cr\u00edtica.<\/p>\n<p>&#8220;N\u00e3o se trata apenas de uma falha t\u00e9cnica, mas de um problema grave de seguran\u00e7a p\u00fablica. Vias com intenso fluxo de pessoas est\u00e3o sob risco iminente de assaltos e acidentes devido ao breu total&#8221;, justificou o vereador.<\/p>\n<p>Do Gabinete Parlamentar &#8211; Vereador M\u00e1rcio do Estacionamento (DC)<\/p>\n<p>*Fotos do Gabinete Parlamentar<\/p>\n<p>As mat\u00e9rias de origem dos Gabinetes Parlamentares s\u00e3o de inteira\u00a0 responsabilidade dos parlamentares e de suas assessorias. S\u00e3o devidamente assinadas e n\u00e3o refletem, necessariamente, a opini\u00e3o institucional da C\u00e2mara Municipal de Limeira.<\/p>\n<hr>\n<p><em>Fonte: <a href=\"https:\/\/www.limeira.sp.leg.br\/noticias\/view\/2026-04-23_marcio-do-estacionamento-cobra-providencias-da-prefeitura-sobre-escuridao-em-ruas-e-avenidas-de-limeira\" target=\"_blank\" rel=\"noopener\">C\u00e2mara Municipal de Limeira<\/a><\/em><\/p>\n","protected":false},"excerpt":{"rendered":"<p>M\u00e1rcio do Estacionamento cobra provid\u00eancias da Prefeitura sobre escurid\u00e3o em ruas e avenidas de Limeira<\/p>\n<p>A falta de ilumina\u00e7\u00e3o p\u00fablica em vias estrat\u00e9gicas de Limeira motivou o vereador\u00a0 M\u00e1rcio do Estacionamento (DC) a protocolar, no dia 16 de abril, o Requerimento N\u00ba 330\/2026. No documento, o parla<\/p>\n","protected":false},"author":4,"featured_media":62559,"comment_status":"","ping_status":"open","sticky":false,"template":"","format":"standard","meta":{"_jetpack_newsletter_access":"","_jetpack_dont_email_post_to_subs":false,"_jetpack_newsletter_tier_id":0,"_jetpack_memberships_contains_paywalled_content":false,"_mbp_banners":[],"_jetpack_feature_clip_id":0,"_jetpack_memberships_contains_paid_content":false,"footnotes":"","jetpack_publicize_message":"","jetpack_publicize_feature_enabled":true,"jetpack_social_post_already_shared":true,"jetpack_social_options":{"image_generator_settings":{"template":"highway","default_image_id":0,"font":"","enabled":false},"version":2},"jetpack_post_was_ever_published":false},"categories":[19],"tags":[],"class_list":["post-62560","post","type-post","status-publish","format-standard","has-post-thumbnail","category-politica"],"jetpack_publicize_connections":[],"jetpack-related-posts":[],"jetpack_shortlink":"https:\/\/wp.me\/p7Eq1F-gh2","jetpack_sharing_enabled":true,"jetpack_featured_media_url":"https:\/\/i0.wp.com\/guialimeira.com.br\/news\/wp-content\/uploads\/2026\/04\/noticia-camara-117.jpg?fit=1280%2C640&ssl=1","_links":{"self":[{"href":"https:\/\/guialimeira.com.br\/news\/wp-json\/wp\/v2\/posts\/62560","targetHints":{"allow":["GET"]}}],"collection":[{"href":"https:\/\/guialimeira.com.br\/news\/wp-json\/wp\/v2\/posts"}],"about":[{"href":"https:\/\/guialimeira.com.br\/news\/wp-json\/wp\/v2\/types\/post"}],"author":[{"embeddable":true,"href":"https:\/\/guialimeira.com.br\/news\/wp-json\/wp\/v2\/users\/4"}],"replies":[{"embeddable":true,"href":"https:\/\/guialimeira.com.br\/news\/wp-json\/wp\/v2\/comments?post=62560"}],"version-history":[{"count":0,"href":"https:\/\/guialimeira.com.br\/news\/wp-json\/wp\/v2\/posts\/62560\/revisions"}],"wp:featuredmedia":[{"embeddable":true,"href":"https:\/\/guialimeira.com.br\/news\/wp-json\/wp\/v2\/media\/62559"}],"wp:attachment":[{"href":"https:\/\/guialimeira.com.br\/news\/wp-json\/wp\/v2\/media?parent=62560"}],"wp:term":[{"taxonomy":"category","embeddable":true,"href":"https:\/\/guialimeira.com.br\/news\/wp-json\/wp\/v2\/categories?post=62560"},{"taxonomy":"post_tag","embeddable":true,"href":"https:\/\/guialimeira.com.br\/news\/wp-json\/wp\/v2\/tags?post=62560"}],"curies":[{"name":"wp","href":"https:\/\/api.w.org\/{rel}","templated":true}]}}