{"id":6256,"date":"2024-05-24T11:59:52","date_gmt":"2024-05-24T14:59:52","guid":{"rendered":"https:\/\/guialimeira.com.br\/2024\/05\/24\/jornal-da-biblioteca-pedagogica-engaja-alunos-e-professores-de-escolas-municipais\/"},"modified":"2024-05-24T11:59:52","modified_gmt":"2024-05-24T14:59:52","slug":"jornal-da-biblioteca-pedagogica-engaja-alunos-e-professores-de-escolas-municipais","status":"publish","type":"post","link":"https:\/\/guialimeira.com.br\/news\/jornal-da-biblioteca-pedagogica-engaja-alunos-e-professores-de-escolas-municipais\/","title":{"rendered":"Jornal da Biblioteca Pedag\u00f3gica engaja alunos e professores de escolas municipais"},"content":{"rendered":"<p> <br \/>\n<\/p>\n<div>\n            <main class=\"\">&#13;<br \/>\n                &#13;<br \/>\n&#13;<br \/>\n&#13;<br \/>\n&#13;<br \/>\n    <img data-recalc-dims=\"1\" decoding=\"async\" src=\"https:\/\/i0.wp.com\/ecrie.com.br\/sistema\/conteudos\/imagem\/m_137_0_1_24052024113716.jpeg?w=696&#038;ssl=1\" alt=\"Jornal da Biblioteca Pedag\u00f3gica engaja alunos e professores de escolas municipais\"\/>&#13;<br \/>\n&#13;<\/p>\n<p class=\"western\" style=\"text-align: justify;\" align=\"justify\">Curiosidades. Esse \u00e9 o g\u00eanero foco da 2\u00aa edi\u00e7\u00e3o do Jornal da Biblioteca Pedag\u00f3gica, da Secretaria de Educa\u00e7\u00e3o de Limeira, com o objetivo de estimular a curiosidade no incentivo do protagonismo infantil. A constru\u00e7\u00e3o do jornal teve o engajamento de alunos e professores da Emeief \u00c2ngelo Biasotto, Emeief Bairro dos Lopes, Emeief Prof.\u00aa Maria Ap. de Luca Moore e Emeief Tenente Aviador Ary Gomes de Castro.<\/p>\n<p>&#13;<\/p>\n<p class=\"western\" style=\"text-align: justify;\" align=\"justify\">Coordenadora da Biblioteca Pedag\u00f3gica, Taciana Lefcadito Alvares explica que o g\u00eanero Curiosidades se caracteriza por trazer uma informa\u00e7\u00e3o inesperada, incomum ou surpreendente sobre determinado assunto, por meio de uma linguagem clara e objetiva. \u201cA participa\u00e7\u00e3o dos alunos e dos professores das escolas permitiu explorar e exercitar a curiosidade sobre diversos assuntos\u201d, comenta.<\/p>\n<p>&#13;<\/p>\n<p class=\"western\" style=\"text-align: justify;\" align=\"justify\">Ainda segundo Taciana, a proposta do jornal possibilita uma conex\u00e3o significativa entre o conte\u00fado escolar e a realidade. \u201cIsso resulta na busca de acontecimentos reais numa fun\u00e7\u00e3o social, al\u00e9m de potencializar os estudantes a se tornarem protagonistas e produtores de informa\u00e7\u00e3o no processo de ensino-aprendizagem\u201d, observa.<\/p>\n<p>&#13;<\/p>\n<p class=\"western\" style=\"text-align: justify;\" align=\"justify\">Para a segunda edi\u00e7\u00e3o do peri\u00f3dico, todos os conte\u00fados do jornal s\u00e3o direcionados a textos de curiosidades e inclui uma entrevista com perguntas curiosas ao autor Pedro Bandeira. O escritor celebra, em 2024, 40 anos da cole\u00e7\u00e3o \u201cOs Karas\u201d e realizar\u00e1 um encontro virtual com alunos em 27 de maio, no Teatro Nair Bello. A live ser\u00e1 transmitida pelo canal da Secretaria de Educa\u00e7\u00e3o no YouTube (<span style=\"color: #000080;\"><span lang=\"zxx\"><u><a href=\"https:\/\/www.youTube.com\/EducacaoLimeira\" rel=\"noopener\">www.youTube.com\/EducacaoLimeira<\/a><\/u><\/span><\/span>).<\/p>\n<p>&#13;<\/p>\n<p class=\"western\" style=\"text-align: justify;\" align=\"justify\">A primeira publica\u00e7\u00e3o do jornal da Biblioteca Pedag\u00f3gica aconteceu em dezembro de 2023 e ambas as edi\u00e7\u00f5es est\u00e3o dispon\u00edveis na biblioteca.<\/p>\n<p>&#13;<br \/>\n&#13;<br \/>\n&#13;<br \/>\n&#13;<\/p>\n<aside class=\"list-related no-print\">&#13;<br \/>\n        &#13;<br \/>\n&#13;<\/p>\n<article class=\"list-item noticias \">&#13;<br \/>\n                    <a class=\"list-item__img\" href=\"https:\/\/limeira.sp.gov.br\/imprensa\/noticias\/educacao\/escritor-pedro-bandeira-realiza-encontro-virtual-com-alunos-de-escolas-municipais\" tabindex=\"-1\" aria-hidden=\"true\" rel=\"noopener\">&#13;<br \/>\n                        <img data-recalc-dims=\"1\" decoding=\"async\" src=\"https:\/\/i0.wp.com\/ecrie.com.br\/sistema\/conteudos\/imagem\/m_137_0_1_23052024151418.jpg?w=696&#038;ssl=1\" alt=\"Escritor Pedro Bandeira realiza encontro virtual com alunos de escolas municipais\"\/>&#13;<br \/>\n                    <\/a>&#13;<br \/>\n&#13;<br \/>\n                &#13;<br \/>\n            <\/article>\n<p>&#13;<\/p>\n<article class=\"list-item noticias \">&#13;<br \/>\n                    <a class=\"list-item__img\" href=\"https:\/\/limeira.sp.gov.br\/imprensa\/noticias\/educacao\/univesp-divulga-locais-de-prova-para-o-vestibular-2024\" tabindex=\"-1\" aria-hidden=\"true\" rel=\"noopener\">&#13;<br \/>\n                        <img data-recalc-dims=\"1\" decoding=\"async\" src=\"https:\/\/i0.wp.com\/ecrie.com.br\/sistema\/conteudos\/imagem\/m_137_0_1_01042024144011.jpg?w=696&#038;ssl=1\" alt=\"Univesp divulga locais de prova para o Vestibular 2024\"\/>&#13;<br \/>\n                    <\/a>&#13;<br \/>\n&#13;<br \/>\n                &#13;<br \/>\n            <\/article>\n<p>&#13;<\/p>\n<article class=\"list-item noticias \">&#13;<br \/>\n                    <a class=\"list-item__img\" href=\"https:\/\/limeira.sp.gov.br\/imprensa\/noticias\/educacao\/no-parque-cidade-alunos-conhecem-importancia-das-abelhas-nativas-sem-ferrao\" tabindex=\"-1\" aria-hidden=\"true\" rel=\"noopener\">&#13;<br \/>\n                        <img data-recalc-dims=\"1\" decoding=\"async\" src=\"https:\/\/i0.wp.com\/ecrie.com.br\/sistema\/conteudos\/imagem\/m_137_0_3_21052024160714.jpg?w=696&#038;ssl=1\" alt=\"No Parque Cidade, alunos conhecem import\u00e2ncia das abelhas-nativas-sem-ferr\u00e3o\"\/>&#13;<br \/>\n                    <\/a>&#13;<br \/>\n&#13;<br \/>\n                &#13;<br \/>\n            <\/article>\n<p>&#13;<br \/>\n    <\/aside>\n<p>&#13;<br \/>\n&#13;<br \/>\n            <\/main><\/p><\/div>\n<p><br \/>\n<br \/><a href=\"https:\/\/limeira.sp.gov.br\/jornal-da-biblioteca-pedagogica-engaja-alunos-e-professores-de-escolas-municipais\" rel=\"noopener\">Informa\u00e7\u00f5es da PML <\/a><\/p>\n","protected":false},"excerpt":{"rendered":"<p>&#13; &#13; &#13; &#13; &#13; &#13; &#13; Curiosidades. Esse \u00e9 o g\u00eanero foco da 2\u00aa edi\u00e7\u00e3o do Jornal da Biblioteca Pedag\u00f3gica, da Secretaria de Educa\u00e7\u00e3o de Limeira, com o objetivo de estimular a curiosidade no incentivo do protagonismo infantil. A constru\u00e7\u00e3o do jornal teve o engajamento de alunos e professores da Emeief \u00c2ngelo Biasotto, Emeief [&hellip;]<\/p>\n","protected":false},"author":1,"featured_media":6257,"comment_status":"open","ping_status":"open","sticky":false,"template":"","format":"standard","meta":{"_jetpack_newsletter_access":"","_jetpack_dont_email_post_to_subs":false,"_jetpack_newsletter_tier_id":0,"_jetpack_memberships_contains_paywalled_content":false,"_mbp_banners":[],"_jetpack_feature_clip_id":0,"_jetpack_memberships_contains_paid_content":false,"footnotes":"","jetpack_publicize_message":"","jetpack_publicize_feature_enabled":true,"jetpack_social_post_already_shared":true,"jetpack_social_options":{"image_generator_settings":{"template":"highway","default_image_id":0,"font":"","enabled":false},"version":2},"jetpack_post_was_ever_published":false},"categories":[16],"tags":[],"class_list":["post-6256","post","type-post","status-publish","format-standard","has-post-thumbnail","category-local"],"jetpack_publicize_connections":[],"jetpack-related-posts":[],"jetpack_shortlink":"https:\/\/wp.me\/p7Eq1F-1CU","jetpack_sharing_enabled":true,"jetpack_featured_media_url":"https:\/\/i0.wp.com\/guialimeira.com.br\/news\/wp-content\/uploads\/2024\/05\/m_137_0_1_24052024113716.jpeg?fit=900%2C567&ssl=1","_links":{"self":[{"href":"https:\/\/guialimeira.com.br\/news\/wp-json\/wp\/v2\/posts\/6256","targetHints":{"allow":["GET"]}}],"collection":[{"href":"https:\/\/guialimeira.com.br\/news\/wp-json\/wp\/v2\/posts"}],"about":[{"href":"https:\/\/guialimeira.com.br\/news\/wp-json\/wp\/v2\/types\/post"}],"author":[{"embeddable":true,"href":"https:\/\/guialimeira.com.br\/news\/wp-json\/wp\/v2\/users\/1"}],"replies":[{"embeddable":true,"href":"https:\/\/guialimeira.com.br\/news\/wp-json\/wp\/v2\/comments?post=6256"}],"version-history":[{"count":0,"href":"https:\/\/guialimeira.com.br\/news\/wp-json\/wp\/v2\/posts\/6256\/revisions"}],"wp:featuredmedia":[{"embeddable":true,"href":"https:\/\/guialimeira.com.br\/news\/wp-json\/wp\/v2\/media\/6257"}],"wp:attachment":[{"href":"https:\/\/guialimeira.com.br\/news\/wp-json\/wp\/v2\/media?parent=6256"}],"wp:term":[{"taxonomy":"category","embeddable":true,"href":"https:\/\/guialimeira.com.br\/news\/wp-json\/wp\/v2\/categories?post=6256"},{"taxonomy":"post_tag","embeddable":true,"href":"https:\/\/guialimeira.com.br\/news\/wp-json\/wp\/v2\/tags?post=6256"}],"curies":[{"name":"wp","href":"https:\/\/api.w.org\/{rel}","templated":true}]}}