{"id":62558,"date":"2026-04-23T14:10:53","date_gmt":"2026-04-23T17:10:53","guid":{"rendered":"https:\/\/guialimeira.com.br\/mocao-de-reconhecimento-ao-professor-e-pesquisador-vilmar-do-nascimento-rocha-e-aprovada\/"},"modified":"2026-04-23T14:10:53","modified_gmt":"2026-04-23T17:10:53","slug":"mocao-de-reconhecimento-ao-professor-e-pesquisador-vilmar-do-nascimento-rocha-e-aprovada","status":"publish","type":"post","link":"https:\/\/guialimeira.com.br\/news\/mocao-de-reconhecimento-ao-professor-e-pesquisador-vilmar-do-nascimento-rocha-e-aprovada\/","title":{"rendered":"Mo\u00e7\u00e3o de reconhecimento ao professor e pesquisador Vilmar do Nascimento Rocha \u00e9 aprovada"},"content":{"rendered":"<p>Mo\u00e7\u00e3o de reconhecimento ao professor e pesquisador Vilmar do Nascimento Rocha \u00e9 aprovada<\/p>\n<p>A C\u00e2mara Municipal de Limeira aprovou na sess\u00e3o ordin\u00e1ria desta quarta-feira, 22 de abril, a Mo\u00e7\u00e3o N\u00ba 29\/2026 em reconhecimento ao professor e pesquisador, Vilmar do Nascimento Rocha pelo trabalho desenvolvido na Educa\u00e7\u00e3o Profissional Paulista, especialmente na Escola Estadual \u201cGustavo Peccinini\u201d, em Limeira.<\/p>\n<p>De acordo com a propositura, o homenageado atua como docente e professor de Apoio ao Estudante do Ensino T\u00e9cnico (Paeet) do curso t\u00e9cnico em administra\u00e7\u00e3o, exercendo fun\u00e7\u00e3o de coordena\u00e7\u00e3o e promovendo o fortalecimento do ensino t\u00e9cnico, acompanhamento pr\u00f3ximo dos estudantes e das respectivas fam\u00edlias.<\/p>\n<p>Conforme texto legislativo, Valmir \u00e9 bacharel em administra\u00e7\u00e3o (Unisa), licenciado em letras \u2013 portugu\u00eas e ingl\u00eas (Uneb), especialista em gest\u00e3o empresarial (UniNassau), especialista em ensino de l\u00ednguas mediado por computador (UFMG) e mestre em letras: cultura, educa\u00e7\u00e3o e linguagens (Uesb). \u201cSua atua\u00e7\u00e3o docente consolidada ao longo de quase duas d\u00e9cadas, abrangendo o ensino de l\u00edngua inglesa na escola p\u00fablica, l\u00edngua portuguesa no ensino m\u00e9dio privado e disciplinas t\u00e9cnicas de administra\u00e7\u00e3o no ensino t\u00e9cnico, al\u00e9m da coordena\u00e7\u00e3o de curso&#8221;, pontuou o autor.<\/p>\n<p>Segundo o parlamentar, o professor tamb\u00e9m contribuiu \u00e0 pesquisa cient\u00edfica, destacando-se na implementa\u00e7\u00e3o pioneira do grupo de pesquisa em linguagens e tecnologia (Lintec), na Rede Sesi Bahia, com expressiva produ\u00e7\u00e3o acad\u00eamica e premia\u00e7\u00f5es em feiras nacionais, incluindo reconhecimento na Feira Brasileira de Ci\u00eancias e Engenharia (Febrace).<\/p>\n<p>O homenageado ainda atua no ensino superior como subcoordenador do LaGaTT e integrante do LabCulTLet (Uesb), al\u00e9m de l\u00edder na Lexicum Ci\u00eancia, com mentoria acad\u00eamica a graduandos e p\u00f3s-graduandos. Na educa\u00e7\u00e3o b\u00e1sica, aplicou a metodologia STEAM, incentivou a inicia\u00e7\u00e3o cient\u00edfica e fundou o grupo CASAS. Valmir tamb\u00e9m promove parcerias e oportunidades aos estudantes, bem como conquistas em feiras cient\u00edficas nacionais, como Febrace, Femic e FBJC, al\u00e9m de reconhecimentos institucionais por pr\u00e1ticas pedag\u00f3gicas inovadoras.<\/p>\n<p>\u201cA presente Mo\u00e7\u00e3o constitui justa homenagem a um profissional que transforma vidas por meio do conhecimento, fortalece a educa\u00e7\u00e3o p\u00fablica e contribui para a constru\u00e7\u00e3o de uma sociedade mais cr\u00edtica, \u00e9tica e preparada para os desafios contempor\u00e2neos\u201d, refor\u00e7ou Guilherme Guido.<\/p>\n<p>Do Gabinete Parlamentar \u2013 Vereador\u00a0 Guilherme Guido (PL)<\/p>\n<p>As mat\u00e9rias de origem dos Gabinetes Parlamentares s\u00e3o de inteira\u00a0 responsabilidade dos parlamentares e de suas assessorias. S\u00e3o devidamente assinadas e n\u00e3o refletem, necessariamente, a opini\u00e3o institucional da C\u00e2mara Municipal de Limeira.<\/p>\n<hr>\n<p><em>Fonte: <a href=\"https:\/\/www.limeira.sp.leg.br\/noticias\/view\/2026-04-23_mocao-de-reconhecimento-ao-professor-e-pesquisador-vilmar-do-nascimento-rocha-e-aprovada\" target=\"_blank\" rel=\"noopener\">C\u00e2mara Municipal de Limeira<\/a><\/em><\/p>\n","protected":false},"excerpt":{"rendered":"<p>Mo\u00e7\u00e3o de reconhecimento ao professor e pesquisador Vilmar do Nascimento Rocha \u00e9 aprovada<\/p>\n<p>A C\u00e2mara Municipal de Limeira aprovou na sess\u00e3o ordin\u00e1ria desta quarta-feira, 22 de abril, a Mo\u00e7\u00e3o N\u00ba 29\/2026 em reconhecimento ao professor e pesquisador, Vilmar do Nascimento Rocha pelo trabalho desenvolvido <\/p>\n","protected":false},"author":4,"featured_media":62557,"comment_status":"","ping_status":"open","sticky":false,"template":"","format":"standard","meta":{"_jetpack_newsletter_access":"","_jetpack_dont_email_post_to_subs":false,"_jetpack_newsletter_tier_id":0,"_jetpack_memberships_contains_paywalled_content":false,"_mbp_banners":[],"_jetpack_feature_clip_id":0,"_jetpack_memberships_contains_paid_content":false,"footnotes":"","jetpack_publicize_message":"","jetpack_publicize_feature_enabled":true,"jetpack_social_post_already_shared":true,"jetpack_social_options":{"image_generator_settings":{"template":"highway","default_image_id":0,"font":"","enabled":false},"version":2},"jetpack_post_was_ever_published":false},"categories":[19],"tags":[],"class_list":["post-62558","post","type-post","status-publish","format-standard","has-post-thumbnail","category-politica"],"jetpack_publicize_connections":[],"jetpack-related-posts":[],"jetpack_shortlink":"https:\/\/wp.me\/p7Eq1F-gh0","jetpack_sharing_enabled":true,"jetpack_featured_media_url":"https:\/\/i0.wp.com\/guialimeira.com.br\/news\/wp-content\/uploads\/2026\/04\/noticia-camara-116.jpg?fit=1280%2C640&ssl=1","_links":{"self":[{"href":"https:\/\/guialimeira.com.br\/news\/wp-json\/wp\/v2\/posts\/62558","targetHints":{"allow":["GET"]}}],"collection":[{"href":"https:\/\/guialimeira.com.br\/news\/wp-json\/wp\/v2\/posts"}],"about":[{"href":"https:\/\/guialimeira.com.br\/news\/wp-json\/wp\/v2\/types\/post"}],"author":[{"embeddable":true,"href":"https:\/\/guialimeira.com.br\/news\/wp-json\/wp\/v2\/users\/4"}],"replies":[{"embeddable":true,"href":"https:\/\/guialimeira.com.br\/news\/wp-json\/wp\/v2\/comments?post=62558"}],"version-history":[{"count":0,"href":"https:\/\/guialimeira.com.br\/news\/wp-json\/wp\/v2\/posts\/62558\/revisions"}],"wp:featuredmedia":[{"embeddable":true,"href":"https:\/\/guialimeira.com.br\/news\/wp-json\/wp\/v2\/media\/62557"}],"wp:attachment":[{"href":"https:\/\/guialimeira.com.br\/news\/wp-json\/wp\/v2\/media?parent=62558"}],"wp:term":[{"taxonomy":"category","embeddable":true,"href":"https:\/\/guialimeira.com.br\/news\/wp-json\/wp\/v2\/categories?post=62558"},{"taxonomy":"post_tag","embeddable":true,"href":"https:\/\/guialimeira.com.br\/news\/wp-json\/wp\/v2\/tags?post=62558"}],"curies":[{"name":"wp","href":"https:\/\/api.w.org\/{rel}","templated":true}]}}