{"id":62556,"date":"2026-04-23T14:00:53","date_gmt":"2026-04-23T17:00:53","guid":{"rendered":"https:\/\/guialimeira.com.br\/dr-marcelo-rossi-faz-mocao-pelos-64-anos-da-empresa-maquinas-furlan\/"},"modified":"2026-04-23T14:00:53","modified_gmt":"2026-04-23T17:00:53","slug":"dr-marcelo-rossi-faz-mocao-pelos-64-anos-da-empresa-maquinas-furlan","status":"publish","type":"post","link":"https:\/\/guialimeira.com.br\/news\/dr-marcelo-rossi-faz-mocao-pelos-64-anos-da-empresa-maquinas-furlan\/","title":{"rendered":"Dr. Marcelo Rossi faz mo\u00e7\u00e3o pelos 64 anos da empresa M\u00e1quinas Furlan"},"content":{"rendered":"<p>Dr. Marcelo Rossi faz mo\u00e7\u00e3o pelos 64 anos da empresa M\u00e1quinas Furlan<\/p>\n<p>A Mo\u00e7\u00e3o N\u00b0 58\/2026 do vereador Dr. Marcelo Rossi (MDB) foi aprovada na sess\u00e3o ordin\u00e1ria desta quarta-feira, 22 de abril, e homenageia a empresa M\u00e1quinas Furlan em celebra\u00e7\u00e3o aos 64 anos de funda\u00e7\u00e3o, destacando contribui\u00e7\u00e3o ao desenvolvimento industrial, econ\u00f4mico e social do munic\u00edpio.<\/p>\n<p>No documento, o parlamentar descreveu que a M\u00e1quinas Furlan foi fundada em Limeira, em 14 de mar\u00e7o de 1962, pelo empres\u00e1rio Geraldo Furlan, e que atualmente a empresa \u00e9 liderada pelos irm\u00e3os Valter Zutin Furlan, CEO, e Wagner Zutin Furlan, presidente do Conselho de Administra\u00e7\u00e3o, que d\u00e3o continuidade ao legado deixado pelo pai. \u201cMarcado pela resili\u00eancia e coragem para administrar uma das l\u00edderes de mercado no Brasil, com atua\u00e7\u00e3o na Am\u00e9rica do Norte, Am\u00e9rica Central e Am\u00e9rica do Sul\u201d, pontuou.<\/p>\n<p>Dr. Marcelo acrescentou que a corpora\u00e7\u00e3o tem investimento cont\u00ednuo em engenharia pr\u00f3pria e na consolida\u00e7\u00e3o de fundi\u00e7\u00e3o, diferenciais competitivos que permitem o desenvolvimento de tecnologias adaptadas \u00e0 realidade de cada opera\u00e7\u00e3o. Al\u00e9m da proje\u00e7\u00e3o internacional, que expandiu para toda a Am\u00e9rica Latina, posicionando-se como parceira estrat\u00e9gica e refer\u00eancia de confiabilidade e durabilidade no setor de minera\u00e7\u00e3o. Ele mencionou ainda a recente estrutura\u00e7\u00e3o das Divis\u00f5es de Loca\u00e7\u00e3o e Pe\u00e7as de Reposi\u00e7\u00e3o, bem como a conquista da certifica\u00e7\u00e3o ISO 9001, que atesta o compromisso da companhia com a qualidade, a padroniza\u00e7\u00e3o e a melhoria cont\u00ednua de processos.<\/p>\n<p>A empresa, conforme a mo\u00e7\u00e3o, vem avan\u00e7ando na moderniza\u00e7\u00e3o do parque industrial, com a introdu\u00e7\u00e3o de rob\u00f4s industriais, automa\u00e7\u00e3o de processos, impress\u00e3o 3D e novas tecnologias de fabrica\u00e7\u00e3o, elevando o n\u00edvel de precis\u00e3o, produtividade e seguran\u00e7a das opera\u00e7\u00f5es. Segundo o vereador, ao mesmo tempo, a Furlan vem fortalecendo iniciativas ligadas \u00e0 sustentabilidade, com foco em efici\u00eancia energ\u00e9tica, reaproveitamento de materiais e economia circular, garantindo avan\u00e7o tecnol\u00f3gico alinhado \u00e0 responsabilidade ambiental.<\/p>\n<p>\u201cO desenvolvimento das pessoas e o fortalecimento da cultura organizacional seguem como pilares fundamentais para sustentar o crescimento da empresa\u201d, completou o parlamentar.<\/p>\n<p>Do Gabinete Parlamentar \u2013 Vereador Dr. Marcelo Rossi (MDB)<\/p>\n<p>As mat\u00e9rias de origem dos Gabinetes Parlamentares s\u00e3o de inteira\u00a0 responsabilidade dos parlamentares e de suas assessorias. S\u00e3o devidamente assinadas e n\u00e3o refletem, necessariamente, a opini\u00e3o institucional da C\u00e2mara Municipal de Limeira.<\/p>\n<hr>\n<p><em>Fonte: <a href=\"https:\/\/www.limeira.sp.leg.br\/noticias\/view\/2026-04-23_dr-marcelo-rossi-faz-mocao-pelos-64-anos-da-empresa-maquinas-furlan\" target=\"_blank\" rel=\"noopener\">C\u00e2mara Municipal de Limeira<\/a><\/em><\/p>\n","protected":false},"excerpt":{"rendered":"<p>Dr. Marcelo Rossi faz mo\u00e7\u00e3o pelos 64 anos da empresa M\u00e1quinas Furlan<\/p>\n<p>A Mo\u00e7\u00e3o N\u00b0 58\/2026 do vereador Dr. Marcelo Rossi (MDB) foi aprovada na sess\u00e3o ordin\u00e1ria desta quarta-feira, 22 de abril, e homenageia a empresa M\u00e1quinas Furlan em celebra\u00e7\u00e3o aos 64 anos de funda\u00e7\u00e3o, destacando contribui\u00e7\u00e3o ao dese<\/p>\n","protected":false},"author":4,"featured_media":62555,"comment_status":"","ping_status":"open","sticky":false,"template":"","format":"standard","meta":{"_jetpack_newsletter_access":"","_jetpack_dont_email_post_to_subs":false,"_jetpack_newsletter_tier_id":0,"_jetpack_memberships_contains_paywalled_content":false,"_mbp_banners":[],"_jetpack_feature_clip_id":0,"_jetpack_memberships_contains_paid_content":false,"footnotes":"","jetpack_publicize_message":"","jetpack_publicize_feature_enabled":true,"jetpack_social_post_already_shared":true,"jetpack_social_options":{"image_generator_settings":{"template":"highway","default_image_id":0,"font":"","enabled":false},"version":2},"jetpack_post_was_ever_published":false},"categories":[19],"tags":[],"class_list":["post-62556","post","type-post","status-publish","format-standard","has-post-thumbnail","category-politica"],"jetpack_publicize_connections":[],"jetpack-related-posts":[],"jetpack_shortlink":"https:\/\/wp.me\/p7Eq1F-ggY","jetpack_sharing_enabled":true,"jetpack_featured_media_url":"https:\/\/i0.wp.com\/guialimeira.com.br\/news\/wp-content\/uploads\/2026\/04\/noticia-camara-115.jpg?fit=1280%2C640&ssl=1","_links":{"self":[{"href":"https:\/\/guialimeira.com.br\/news\/wp-json\/wp\/v2\/posts\/62556","targetHints":{"allow":["GET"]}}],"collection":[{"href":"https:\/\/guialimeira.com.br\/news\/wp-json\/wp\/v2\/posts"}],"about":[{"href":"https:\/\/guialimeira.com.br\/news\/wp-json\/wp\/v2\/types\/post"}],"author":[{"embeddable":true,"href":"https:\/\/guialimeira.com.br\/news\/wp-json\/wp\/v2\/users\/4"}],"replies":[{"embeddable":true,"href":"https:\/\/guialimeira.com.br\/news\/wp-json\/wp\/v2\/comments?post=62556"}],"version-history":[{"count":0,"href":"https:\/\/guialimeira.com.br\/news\/wp-json\/wp\/v2\/posts\/62556\/revisions"}],"wp:featuredmedia":[{"embeddable":true,"href":"https:\/\/guialimeira.com.br\/news\/wp-json\/wp\/v2\/media\/62555"}],"wp:attachment":[{"href":"https:\/\/guialimeira.com.br\/news\/wp-json\/wp\/v2\/media?parent=62556"}],"wp:term":[{"taxonomy":"category","embeddable":true,"href":"https:\/\/guialimeira.com.br\/news\/wp-json\/wp\/v2\/categories?post=62556"},{"taxonomy":"post_tag","embeddable":true,"href":"https:\/\/guialimeira.com.br\/news\/wp-json\/wp\/v2\/tags?post=62556"}],"curies":[{"name":"wp","href":"https:\/\/api.w.org\/{rel}","templated":true}]}}