{"id":62549,"date":"2026-04-23T13:15:54","date_gmt":"2026-04-23T16:15:54","guid":{"rendered":"https:\/\/guialimeira.com.br\/comissao-solicita-a-secretaria-municipal-de-saude-detalhamento-de-custos-por-unidade-da-rede-primaria\/"},"modified":"2026-04-23T13:15:54","modified_gmt":"2026-04-23T16:15:54","slug":"comissao-solicita-a-secretaria-municipal-de-saude-detalhamento-de-custos-por-unidade-da-rede-primaria","status":"publish","type":"post","link":"https:\/\/guialimeira.com.br\/news\/comissao-solicita-a-secretaria-municipal-de-saude-detalhamento-de-custos-por-unidade-da-rede-primaria\/","title":{"rendered":"Comiss\u00e3o solicita \u00e0 Secretaria Municipal de Sa\u00fade detalhamento de custos por unidade da rede prim\u00e1ria"},"content":{"rendered":"<p>Comiss\u00e3o solicita \u00e0 Secretaria Municipal de Sa\u00fade detalhamento de custos por unidade da rede prim\u00e1ria<\/p>\n<p>A transpar\u00eancia dos investimentos em aten\u00e7\u00e3o prim\u00e1ria foi pauta da reuni\u00e3o da Comiss\u00e3o de Sa\u00fade da C\u00e2mara de Limeira nesta quinta-feira, 23 de abril. Os vereadores deliberaram encaminhar \u00e0 Prefeitura pedido detalhamento dos custos de cada unidade da rede p\u00fablica municipal. O colegiado tamb\u00e9m solicitou informa\u00e7\u00f5es \u00e0 Vigil\u00e2ncia Sanit\u00e1ria sobre o monitoramento da qualidade da \u00e1gua pot\u00e1vel distribu\u00edda \u00e0 popula\u00e7\u00e3o.<\/p>\n<p>Acerca das despesas com a aten\u00e7\u00e3o prim\u00e1ria, a Comiss\u00e3o reiterou um pedido feito anteriormente \u00e0 Secretaria Municipal de Sa\u00fade ap\u00f3s considerar que os esclarecimentos enviados sobre a estrutura or\u00e7ament\u00e1ria trataram da rede de forma global, sem especificar os dados de cada unidade de atendimento.<\/p>\n<p>No novo of\u00edcio, os membros buscam dados em rela\u00e7\u00e3o aos custos mensais de funcionamento, utilizando mem\u00f3rias de c\u00e1lculo ou crit\u00e9rios t\u00e9cnicos que permitam a identifica\u00e7\u00e3o individualizada dos gastos. Os parlamentares tamb\u00e9m solicitaram a m\u00e9dia mensal de atendimentos por local, com a indica\u00e7\u00e3o dos principais servi\u00e7os prestados, e relat\u00f3rios que relacionam os custos operacionais com a produ\u00e7\u00e3o assistencial.<\/p>\n<p>Conforme deliberado na reuni\u00e3o, caso o Poder Executivo n\u00e3o possua a apura\u00e7\u00e3o cont\u00e1bil individualizada, dever\u00e1 detalhar quais dados gerenciais est\u00e3o dispon\u00edveis e justificar a aus\u00eancia de informa\u00e7\u00f5es espec\u00edficas, al\u00e9m de indicar se h\u00e1 previs\u00e3o de adotar mecanismos de acompanhamento futuro.<\/p>\n<p>An\u00e1lise da \u00e1gua<\/p>\n<p>Outro assunto pautado foi o monitoramento da \u00e1gua distribu\u00edda em Limeira. O colegiado expediu of\u00edcio \u00e0 Vigil\u00e2ncia Sanit\u00e1ria para que seja informado como ocorre o processo de amostragem, quais s\u00e3o as diretrizes de an\u00e1lise e em quais pontos estrat\u00e9gicos as coletas s\u00e3o realizadas.<\/p>\n<p>Eles tamb\u00e9m questionam acerca da divulga\u00e7\u00e3o dos resultados \u00e0 popula\u00e7\u00e3o e se houve mudan\u00e7as na periodicidade dos testes de qualidade ap\u00f3s a condena\u00e7\u00e3o da concession\u00e1ria BRK em 2024.<\/p>\n<p>Agenda<\/p>\n<p>Uma visita t\u00e9cnica \u00e0 Unidade B\u00e1sica de Sa\u00fade (UBS) do Cecap, localizada no Parque Victor D&#8217;Andr\u00e9a, foi agendada para o dia 30 de abril, \u00e0s 10h15. O objetivo, segundo os vereadores, \u00e9 verificar as condi\u00e7\u00f5es de infraestrutura e a qualidade do atendimento oferecido aos usu\u00e1rios naquela regi\u00e3o.<\/p>\n<p>Comiss\u00e3o<\/p>\n<p>A Comiss\u00e3o de Sa\u00fade \u00e9 respons\u00e1vel por tratar e fiscalizar todos os assuntos relacionados a hospitais p\u00fablicos e privados que atendem pacientes do SUS, bem como manifestar-se sobre assuntos ligados \u00e0 vigil\u00e2ncia sanit\u00e1ria, epidemiol\u00f3gica e nutricional, al\u00e9m de elaborar campanhas e a\u00e7\u00f5es preventivas sobre sa\u00fade e controle de epidemias.<\/p>\n<p>O colegiado \u00e9 formado pelos vereadores Dr. Marcelo Rossi (MDB), presidente; Z\u00e9 da Farm\u00e1cia (Solidariedade), vice-presidente, e Elias Barbosa (PRTB), secret\u00e1rio. Eles se re\u00fanem ordinariamente \u00e0s quintas-feiras, a partir das 10h. Todas as delibera\u00e7\u00f5es foram registradas em ata.<\/p>\n<hr>\n<p><em>Fonte: <a href=\"https:\/\/www.limeira.sp.leg.br\/noticias\/view\/2026-04-23_comissao-solicita-a-secretaria-municipal-de-saude-detalhamento-de-custos-por-unidade-da-rede-primaria\" target=\"_blank\" rel=\"noopener\">C\u00e2mara Municipal de Limeira<\/a><\/em><\/p>\n","protected":false},"excerpt":{"rendered":"<p>Comiss\u00e3o solicita \u00e0 Secretaria Municipal de Sa\u00fade detalhamento de custos por unidade da rede prim\u00e1ria<\/p>\n<p>A transpar\u00eancia dos investimentos em aten\u00e7\u00e3o prim\u00e1ria foi pauta da reuni\u00e3o da Comiss\u00e3o de Sa\u00fade da C\u00e2mara de Limeira nesta quinta-feira, 23 de abril. Os vereadores deliberaram encaminhar \u00e0 Prefeitu<\/p>\n","protected":false},"author":4,"featured_media":62548,"comment_status":"","ping_status":"open","sticky":false,"template":"","format":"standard","meta":{"_jetpack_newsletter_access":"","_jetpack_dont_email_post_to_subs":false,"_jetpack_newsletter_tier_id":0,"_jetpack_memberships_contains_paywalled_content":false,"_mbp_banners":[],"_jetpack_feature_clip_id":0,"_jetpack_memberships_contains_paid_content":false,"footnotes":"","jetpack_publicize_message":"","jetpack_publicize_feature_enabled":true,"jetpack_social_post_already_shared":true,"jetpack_social_options":{"image_generator_settings":{"template":"highway","default_image_id":0,"font":"","enabled":false},"version":2},"jetpack_post_was_ever_published":false},"categories":[19],"tags":[],"class_list":["post-62549","post","type-post","status-publish","format-standard","has-post-thumbnail","category-politica"],"jetpack_publicize_connections":[],"jetpack-related-posts":[],"jetpack_shortlink":"https:\/\/wp.me\/p7Eq1F-ggR","jetpack_sharing_enabled":true,"jetpack_featured_media_url":"https:\/\/i0.wp.com\/guialimeira.com.br\/news\/wp-content\/uploads\/2026\/04\/noticia-camara-114.jpg?fit=1280%2C640&ssl=1","_links":{"self":[{"href":"https:\/\/guialimeira.com.br\/news\/wp-json\/wp\/v2\/posts\/62549","targetHints":{"allow":["GET"]}}],"collection":[{"href":"https:\/\/guialimeira.com.br\/news\/wp-json\/wp\/v2\/posts"}],"about":[{"href":"https:\/\/guialimeira.com.br\/news\/wp-json\/wp\/v2\/types\/post"}],"author":[{"embeddable":true,"href":"https:\/\/guialimeira.com.br\/news\/wp-json\/wp\/v2\/users\/4"}],"replies":[{"embeddable":true,"href":"https:\/\/guialimeira.com.br\/news\/wp-json\/wp\/v2\/comments?post=62549"}],"version-history":[{"count":0,"href":"https:\/\/guialimeira.com.br\/news\/wp-json\/wp\/v2\/posts\/62549\/revisions"}],"wp:featuredmedia":[{"embeddable":true,"href":"https:\/\/guialimeira.com.br\/news\/wp-json\/wp\/v2\/media\/62548"}],"wp:attachment":[{"href":"https:\/\/guialimeira.com.br\/news\/wp-json\/wp\/v2\/media?parent=62549"}],"wp:term":[{"taxonomy":"category","embeddable":true,"href":"https:\/\/guialimeira.com.br\/news\/wp-json\/wp\/v2\/categories?post=62549"},{"taxonomy":"post_tag","embeddable":true,"href":"https:\/\/guialimeira.com.br\/news\/wp-json\/wp\/v2\/tags?post=62549"}],"curies":[{"name":"wp","href":"https:\/\/api.w.org\/{rel}","templated":true}]}}