{"id":6254,"date":"2024-05-24T11:50:00","date_gmt":"2024-05-24T14:50:00","guid":{"rendered":"https:\/\/guialimeira.com.br\/2024\/05\/24\/sp-prorroga-campanhas-de-atualizacao-de-rebanhos-e-vacinacao\/"},"modified":"2024-05-24T11:50:00","modified_gmt":"2024-05-24T14:50:00","slug":"sp-prorroga-campanhas-de-atualizacao-de-rebanhos-e-vacinacao","status":"publish","type":"post","link":"https:\/\/guialimeira.com.br\/news\/sp-prorroga-campanhas-de-atualizacao-de-rebanhos-e-vacinacao\/","title":{"rendered":"SP prorroga campanhas de atualiza\u00e7\u00e3o de rebanhos e vacina\u00e7\u00e3o"},"content":{"rendered":"<p> <br \/>\n<\/p>\n<div id=\"\">&#13;<br \/>\n                                <!-- Title -->&#13;<br \/>\n                                &#13;<br \/>\n&#13;<br \/>\n                                <!-- Excerpt -->&#13;<\/p>\n<p class=\"excerpt\">Todas as f\u00eameas bovinas e bubalinas de tr\u00eas a oito meses de idade devem receber a vacina durante a campanha<\/p>\n<p>&#13;<br \/>\n&#13;<br \/>\n                                &#13;\n                            <\/p><\/div>\n<div id=\"\">&#13;<\/p>\n<figure id=\"attachment_5890142\" style=\"width: 100%;max-width: 771px\" class=\"wp-caption alignnone caption-hide\"><img data-recalc-dims=\"1\" decoding=\"async\" loading=\"lazy\" class=\"wp-image-5890142\" src=\"https:\/\/i0.wp.com\/www.saopaulo.sp.gov.br\/wp-content\/uploads\/2024\/05\/Sanidade-Animal-PRORROGACAO-CAMPANHAS-1-1-300x205.jpg?resize=696%2C476&#038;ssl=1\" alt=\"\" width=\"696\" height=\"476\" srcset=\"https:\/\/www.saopaulo.sp.gov.br\/wp-content\/uploads\/2024\/05\/Sanidade-Animal-PRORROGACAO-CAMPANHAS-1-1-300x205.jpg 300w, https:\/\/www.saopaulo.sp.gov.br\/wp-content\/uploads\/2024\/05\/Sanidade-Animal-PRORROGACAO-CAMPANHAS-1-1-100x69.jpg 100w, https:\/\/www.saopaulo.sp.gov.br\/wp-content\/uploads\/2024\/05\/Sanidade-Animal-PRORROGACAO-CAMPANHAS-1-1-768x525.jpg 768w, https:\/\/www.saopaulo.sp.gov.br\/wp-content\/uploads\/2024\/05\/Sanidade-Animal-PRORROGACAO-CAMPANHAS-1-1-620x424.jpg 620w, https:\/\/www.saopaulo.sp.gov.br\/wp-content\/uploads\/2024\/05\/Sanidade-Animal-PRORROGACAO-CAMPANHAS-1-1.jpg 1000w\" sizes=\"auto, (max-width: 771px) 100vw, 771px\"\/><figcaption class=\"wp-caption-text\">Vacina\u00e7\u00e3o de bovinas e bubalinas contra a brucelose<\/figcaption><\/figure>\n<p>Portaria CDA 19\/2024 publicada na quarta-feira (22) estabelece para o estado de S\u00e3o Paulo a prorroga\u00e7\u00e3o do prazo at\u00e9 30 de junho para a vacina\u00e7\u00e3o de bovinas e bubalinas contra a brucelose e at\u00e9 o dia 7 de julho para a atualiza\u00e7\u00e3o dos rebanhos e para a entrega de declara\u00e7\u00f5es de vacina\u00e7\u00e3o.<\/p>\n<p>De acordo com a publica\u00e7\u00e3o, a medida se d\u00e1 em virtude do desabastecimento dos insumos\/imunizantes necess\u00e1rios \u00e0 vacina\u00e7\u00e3o dos animais contra a enfermidade em todo o pa\u00eds. \u201cPor serem campanhas que sempre acontecem simultaneamente e pensando na maior comodidade ao produtor, a Defesa Agropecu\u00e1ria estende excepcionalmente os dois calend\u00e1rios\u201d, comenta Luiz Henrique Barrochelo, m\u00e9dico-veterin\u00e1rio e coordenador da Coordenadoria de Defesa Agropecu\u00e1ria (CDA) da Secretaria de Agricultura e Abastecimento (SAA).<\/p>\n<p>A Defesa Agropecu\u00e1ria informa que, desde o dia 1 de maio de 2024, a Guia de Tr\u00e2nsito Animal (GTA) somente \u00e9 emitida ap\u00f3s a atualiza\u00e7\u00e3o de todas as esp\u00e9cies animais existentes na propriedade (bovinos, b\u00fafalos, equinos, asininos, muares, su\u00ednos, ovinos, caprinos, aves, peixes e outros animais aqu\u00e1ticos, colmeias de abelhas e bicho da seda).<\/p>\n<p>Para orientar o produtor nesta nova etapa, principalmente em rela\u00e7\u00e3o \u00e0 atualiza\u00e7\u00e3o do saldo do rebanho, tr\u00e2nsito e vigil\u00e2ncia para a Febre Aftosa, est\u00e1 dispon\u00edvel um \u201c<a href=\"https:\/\/www.defesa.agricultura.sp.gov.br\/arquivos\/sanidade-animal\/atualizacao_rebanho.pdf\" target=\"_blank\" rel=\"noopener noreferrer\">D\u00favidas Frequentes<\/a>\u201d. Al\u00e9m disso, a Defesa Agropecu\u00e1ria est\u00e1 disponibilizando tutoriais para o uso do Gedave que, no dia 25 de abril, lan\u00e7ou sua vers\u00e3o 2.0 em seu canal do Youtube. Acesse <a href=\"https:\/\/www.youtube.com\/watch?v=cx0uGGhmrgE\" target=\"_blank\" rel=\"noopener noreferrer\">aqui<\/a>.<\/p>\n<figure id=\"attachment_5890143\" style=\"width: 100%;max-width: 680px\" class=\"wp-caption alignnone caption-hide\"><img data-recalc-dims=\"1\" decoding=\"async\" loading=\"lazy\" class=\" wp-image-5890143\" src=\"https:\/\/i0.wp.com\/www.saopaulo.sp.gov.br\/wp-content\/uploads\/2024\/05\/Sanidade-Animal-PRORROGACAO-CAMPANHAS-2-300x300.jpeg?resize=680%2C680&#038;ssl=1\" alt=\"\" width=\"680\" height=\"680\" srcset=\"https:\/\/www.saopaulo.sp.gov.br\/wp-content\/uploads\/2024\/05\/Sanidade-Animal-PRORROGACAO-CAMPANHAS-2-300x300.jpeg 300w, https:\/\/www.saopaulo.sp.gov.br\/wp-content\/uploads\/2024\/05\/Sanidade-Animal-PRORROGACAO-CAMPANHAS-2-1024x1024.jpeg 1024w, https:\/\/www.saopaulo.sp.gov.br\/wp-content\/uploads\/2024\/05\/Sanidade-Animal-PRORROGACAO-CAMPANHAS-2-768x768.jpeg 768w, https:\/\/www.saopaulo.sp.gov.br\/wp-content\/uploads\/2024\/05\/Sanidade-Animal-PRORROGACAO-CAMPANHAS-2-1536x1536.jpeg 1536w, https:\/\/www.saopaulo.sp.gov.br\/wp-content\/uploads\/2024\/05\/Sanidade-Animal-PRORROGACAO-CAMPANHAS-2.jpeg 1600w\" sizes=\"auto, (max-width: 680px) 100vw, 680px\"\/><\/figure>\n<h3><strong>Brucelose<\/strong><\/h3>\n<p>Nesta etapa, devem ser vacinadas todas as f\u00eameas bovinas e bubalinas de tr\u00eas a oito meses de idade. Por se tratar de uma vacina viva, pass\u00edvel de infec\u00e7\u00e3o para quem a manipula, a vacina\u00e7\u00e3o deve ser feita por um m\u00e9dico-veterin\u00e1rio cadastrado que, al\u00e9m de garantir a correta aplica\u00e7\u00e3o do imunizante, fornece o atestado de vacina\u00e7\u00e3o ao produtor.<\/p>\n<p>A rela\u00e7\u00e3o dos m\u00e9dicos-veterin\u00e1rios cadastrados na Defesa Agropecu\u00e1ria para realizar a vacina\u00e7\u00e3o em diversos munic\u00edpios do estado de S\u00e3o Paulo est\u00e1 dispon\u00edvel em <a href=\"https:\/\/www.defesa.agricultura.sp.gov.br\/credenciados\/\" target=\"_blank\" rel=\"noopener noreferrer\">https:\/\/www.defesa.agricultura.sp.gov.br\/credenciados\/<\/a>. A emiss\u00e3o do atestado de vacina\u00e7\u00e3o contra brucelose pelo m\u00e9dico-veterin\u00e1rio cadastrado n\u00e3o dispensa a obrigatoriedade da declara\u00e7\u00e3o da vacina\u00e7\u00e3o.<\/p>\n<p>Para manter e preservar o rebanho, a Defesa Agropecu\u00e1ria atua de diversas maneiras, sendo elas a obrigatoriedade da vacina\u00e7\u00e3o de f\u00eameas bovinas e bubalinas contra a brucelose; o abate sanit\u00e1rio ou eutan\u00e1sia de animais acometidos pela doen\u00e7a; a exig\u00eancia de atestado de exames para brucelose e tuberculose para o tr\u00e2nsito de animais destinados \u00e0 reprodu\u00e7\u00e3o ou para participa\u00e7\u00e3o em feiras, exposi\u00e7\u00f5es, leil\u00f5es e provas esportivas como rodeios, al\u00e9m de medidas volunt\u00e1rias como a certifica\u00e7\u00e3o de propriedades livres.<\/p>\n<p>Al\u00e9m disso, tamb\u00e9m \u00e9 respons\u00e1vel pela realiza\u00e7\u00e3o de inqu\u00e9ritos epidemiol\u00f3gicos para determinar a preval\u00eancia da doen\u00e7a no estado de S\u00e3o Paulo.<\/p>\n<p>Siga o canal \u201cGoverno de S\u00e3o Paulo\u201d no WhatsApp:<br \/><a href=\"https:\/\/bit.ly\/govspnozap\" target=\"_blank\" rel=\"noopener noreferrer\">https:\/\/bit.ly\/govspnozap<\/a><\/p>\n<\/p><\/div>\n<p><br \/>\n<br \/><a href=\"https:\/\/www.saopaulo.sp.gov.br\/spnoticias\/ultimas-noticias\/sp-prorroga-campanhas-de-atualizacao-de-rebanhos-e-de-vacinacao-contra-brucelose\/\" rel=\"noopener\">Informa\u00e7\u00f5es GOV.SP<\/a><\/p>\n","protected":false},"excerpt":{"rendered":"<p>&#13; &#13; &#13; &#13; &#13; Todas as f\u00eameas bovinas e bubalinas de tr\u00eas a oito meses de idade devem receber a vacina durante a campanha &#13; &#13; &#13; &#13; Vacina\u00e7\u00e3o de bovinas e bubalinas contra a brucelose Portaria CDA 19\/2024 publicada na quarta-feira (22) estabelece para o estado de S\u00e3o Paulo a prorroga\u00e7\u00e3o do prazo [&hellip;]<\/p>\n","protected":false},"author":1,"featured_media":6255,"comment_status":"open","ping_status":"open","sticky":false,"template":"","format":"standard","meta":{"_jetpack_newsletter_access":"","_jetpack_dont_email_post_to_subs":false,"_jetpack_newsletter_tier_id":0,"_jetpack_memberships_contains_paywalled_content":false,"_mbp_banners":[],"_jetpack_feature_clip_id":0,"_jetpack_memberships_contains_paid_content":false,"footnotes":"","jetpack_publicize_message":"","jetpack_publicize_feature_enabled":true,"jetpack_social_post_already_shared":true,"jetpack_social_options":{"image_generator_settings":{"template":"highway","default_image_id":0,"font":"","enabled":false},"version":2},"jetpack_post_was_ever_published":false},"categories":[21],"tags":[],"class_list":["post-6254","post","type-post","status-publish","format-standard","has-post-thumbnail","category-sp-news"],"jetpack_publicize_connections":[],"jetpack-related-posts":[],"jetpack_shortlink":"https:\/\/wp.me\/p7Eq1F-1CS","jetpack_sharing_enabled":true,"jetpack_featured_media_url":"https:\/\/i0.wp.com\/guialimeira.com.br\/news\/wp-content\/uploads\/2024\/05\/SP-prorroga-campanhas-de-atualizacao-de-rebanhos-e-vacinacao.jpg?fit=300%2C205&ssl=1","_links":{"self":[{"href":"https:\/\/guialimeira.com.br\/news\/wp-json\/wp\/v2\/posts\/6254","targetHints":{"allow":["GET"]}}],"collection":[{"href":"https:\/\/guialimeira.com.br\/news\/wp-json\/wp\/v2\/posts"}],"about":[{"href":"https:\/\/guialimeira.com.br\/news\/wp-json\/wp\/v2\/types\/post"}],"author":[{"embeddable":true,"href":"https:\/\/guialimeira.com.br\/news\/wp-json\/wp\/v2\/users\/1"}],"replies":[{"embeddable":true,"href":"https:\/\/guialimeira.com.br\/news\/wp-json\/wp\/v2\/comments?post=6254"}],"version-history":[{"count":0,"href":"https:\/\/guialimeira.com.br\/news\/wp-json\/wp\/v2\/posts\/6254\/revisions"}],"wp:featuredmedia":[{"embeddable":true,"href":"https:\/\/guialimeira.com.br\/news\/wp-json\/wp\/v2\/media\/6255"}],"wp:attachment":[{"href":"https:\/\/guialimeira.com.br\/news\/wp-json\/wp\/v2\/media?parent=6254"}],"wp:term":[{"taxonomy":"category","embeddable":true,"href":"https:\/\/guialimeira.com.br\/news\/wp-json\/wp\/v2\/categories?post=6254"},{"taxonomy":"post_tag","embeddable":true,"href":"https:\/\/guialimeira.com.br\/news\/wp-json\/wp\/v2\/tags?post=6254"}],"curies":[{"name":"wp","href":"https:\/\/api.w.org\/{rel}","templated":true}]}}