{"id":62538,"date":"2026-04-23T12:15:53","date_gmt":"2026-04-23T15:15:53","guid":{"rendered":"https:\/\/guialimeira.com.br\/comissao-de-constituicao-justica-e-redacao-analisa-21-projetos\/"},"modified":"2026-04-23T12:15:53","modified_gmt":"2026-04-23T15:15:53","slug":"comissao-de-constituicao-justica-e-redacao-analisa-21-projetos","status":"publish","type":"post","link":"https:\/\/guialimeira.com.br\/news\/comissao-de-constituicao-justica-e-redacao-analisa-21-projetos\/","title":{"rendered":"Comiss\u00e3o de Constitui\u00e7\u00e3o, Justi\u00e7a e Reda\u00e7\u00e3o analisa 21 projetos"},"content":{"rendered":"<p>Comiss\u00e3o de Constitui\u00e7\u00e3o, Justi\u00e7a e Reda\u00e7\u00e3o analisa 21 projetos<\/p>\n<p>Em reuni\u00e3o extraordin\u00e1ria realizada nesta quinta-feira, 23 de abril, a Comiss\u00e3o de Constitui\u00e7\u00e3o, Justi\u00e7a e Reda\u00e7\u00e3o (CCJR) analisou 21 proposituras e elaborou\u00a0 pareceres favor\u00e1veis a sete delas. Os demais projetos permanecem em estudo ou foram encaminhados \u00e0s comiss\u00f5es permanentes da Casa, conforme registro em ata.<\/p>\n<p>A CCJR analisa os aspectos constitucional, legal, regimental, gramatical e l\u00f3gico de todas as proposi\u00e7\u00f5es que tramitam na C\u00e2mara. Fazem parte da Comiss\u00e3o as vereadoras Mara Isa Mattos Silveira (PL), presidente; Mariana Calsa (PSB), vice-presidente; e Joyce Dias (PSD), secret\u00e1ria.<\/p>\n<p>Confira as proposituras com pareceres favor\u00e1veis:<\/p>\n<p>Projeto de Lei Complementar N\u00ba 10\/2026, da Prefeitura, altera dispositivos da Lei Complementar N\u00ba 972\/2025, que disp\u00f5e sobre a Estrutura administrativa do Poder Executivo, cria os cargos em comiss\u00e3o, fun\u00e7\u00f5es gratificadas necess\u00e1rias e d\u00e1 nova organiza\u00e7\u00e3o.<\/p>\n<p>Projeto de Resolu\u00e7\u00e3o N\u00ba 10\/2026, do vereador Everton Ferreira (PSD), altera a reda\u00e7\u00e3o do caput e acrescenta o \u00a7 4\u00ba ao art. 5\u00ba e modifica a reda\u00e7\u00e3o do art. 11 da Resolu\u00e7\u00e3o N\u00ba 592\/2014, que disp\u00f5e sobre as viagens para o atendimento dos interesses.<\/p>\n<p>Projeto de Lei N\u00ba 41\/2026, do vereador Everton Ferreira (PSD), modifica e acrescenta dispositivos na Lei Ordin\u00e1ria N\u00ba 2.729\/1995, e suas altera\u00e7\u00f5es, que disp\u00f5e sobre a pol\u00edtica municipal de atendimento dos direitos da crian\u00e7a e do adolescente, cria o Conselho Municipal e o Conselho Tutelar e institui o Fundo Municipal.<\/p>\n<p>Projeto de Lei N\u00ba 42\/2026, da vereadora Mariana Calsa (PSB), disp\u00f5e sobre a obrigatoriedade de divulga\u00e7\u00e3o de informa\u00e7\u00f5es relativas aos contratos de loca\u00e7\u00e3o de im\u00f3veis firmados pela administra\u00e7\u00e3o p\u00fablica.<\/p>\n<p>Projeto de Lei N\u00ba 43\/2026, dos vereadores Nilton Santos (Republicanos), Costa Junior (Podemos) e Bruna Magalh\u00e3es (PRTB), institui, no \u00e2mbito do Munic\u00edpio de Limeira, o Dia das Agentes Femininas de Seguran\u00e7a P\u00fablica.<\/p>\n<p>Projeto de Lei N\u00ba 45\/2026, da Prefeitura, disp\u00f5e sobre o Programa de Seguran\u00e7a Cidad\u00e3 e institui os Polos de A\u00e7\u00f5es Integradas em Seguran\u00e7a &#8211; PAIS.<\/p>\n<p>Substitutivo N\u00ba 9 ao Projeto de Lei N\u00ba 179\/2022, da Prefeitura, define a pr\u00e1tica da telemedicina no Munic\u00edpio de Limeira.<\/p>\n<hr>\n<p><em>Fonte: <a href=\"https:\/\/www.limeira.sp.leg.br\/noticias\/view\/2026-04-23_comissao-de-constituicao-justica-e-redacao-analisa-21-projetos\" target=\"_blank\" rel=\"noopener\">C\u00e2mara Municipal de Limeira<\/a><\/em><\/p>\n","protected":false},"excerpt":{"rendered":"<p>Comiss\u00e3o de Constitui\u00e7\u00e3o, Justi\u00e7a e Reda\u00e7\u00e3o analisa 21 projetos<\/p>\n<p>Em reuni\u00e3o extraordin\u00e1ria realizada nesta quinta-feira, 23 de abril, a Comiss\u00e3o de Constitui\u00e7\u00e3o, Justi\u00e7a e Reda\u00e7\u00e3o (CCJR) analisou 21 proposituras e elaborou\u00a0 pareceres favor\u00e1veis a sete delas. Os demais projetos permanecem em estudo o<\/p>\n","protected":false},"author":4,"featured_media":62537,"comment_status":"","ping_status":"open","sticky":false,"template":"","format":"standard","meta":{"_jetpack_newsletter_access":"","_jetpack_dont_email_post_to_subs":false,"_jetpack_newsletter_tier_id":0,"_jetpack_memberships_contains_paywalled_content":false,"_mbp_banners":[],"_jetpack_feature_clip_id":0,"_jetpack_memberships_contains_paid_content":false,"footnotes":"","jetpack_publicize_message":"","jetpack_publicize_feature_enabled":true,"jetpack_social_post_already_shared":true,"jetpack_social_options":{"image_generator_settings":{"template":"highway","default_image_id":0,"font":"","enabled":false},"version":2},"jetpack_post_was_ever_published":false},"categories":[19],"tags":[],"class_list":["post-62538","post","type-post","status-publish","format-standard","has-post-thumbnail","category-politica"],"jetpack_publicize_connections":[],"jetpack-related-posts":[],"jetpack_shortlink":"https:\/\/wp.me\/p7Eq1F-ggG","jetpack_sharing_enabled":true,"jetpack_featured_media_url":"https:\/\/i0.wp.com\/guialimeira.com.br\/news\/wp-content\/uploads\/2026\/04\/noticia-camara-113.jpg?fit=1280%2C640&ssl=1","_links":{"self":[{"href":"https:\/\/guialimeira.com.br\/news\/wp-json\/wp\/v2\/posts\/62538","targetHints":{"allow":["GET"]}}],"collection":[{"href":"https:\/\/guialimeira.com.br\/news\/wp-json\/wp\/v2\/posts"}],"about":[{"href":"https:\/\/guialimeira.com.br\/news\/wp-json\/wp\/v2\/types\/post"}],"author":[{"embeddable":true,"href":"https:\/\/guialimeira.com.br\/news\/wp-json\/wp\/v2\/users\/4"}],"replies":[{"embeddable":true,"href":"https:\/\/guialimeira.com.br\/news\/wp-json\/wp\/v2\/comments?post=62538"}],"version-history":[{"count":0,"href":"https:\/\/guialimeira.com.br\/news\/wp-json\/wp\/v2\/posts\/62538\/revisions"}],"wp:featuredmedia":[{"embeddable":true,"href":"https:\/\/guialimeira.com.br\/news\/wp-json\/wp\/v2\/media\/62537"}],"wp:attachment":[{"href":"https:\/\/guialimeira.com.br\/news\/wp-json\/wp\/v2\/media?parent=62538"}],"wp:term":[{"taxonomy":"category","embeddable":true,"href":"https:\/\/guialimeira.com.br\/news\/wp-json\/wp\/v2\/categories?post=62538"},{"taxonomy":"post_tag","embeddable":true,"href":"https:\/\/guialimeira.com.br\/news\/wp-json\/wp\/v2\/tags?post=62538"}],"curies":[{"name":"wp","href":"https:\/\/api.w.org\/{rel}","templated":true}]}}