{"id":62530,"date":"2026-04-23T11:10:53","date_gmt":"2026-04-23T14:10:53","guid":{"rendered":"https:\/\/guialimeira.com.br\/bruna-magalhaes-requer-informacoes-sobre-qualidade-da-agua-em-limeira\/"},"modified":"2026-04-23T11:10:53","modified_gmt":"2026-04-23T14:10:53","slug":"bruna-magalhaes-requer-informacoes-sobre-qualidade-da-agua-em-limeira","status":"publish","type":"post","link":"https:\/\/guialimeira.com.br\/news\/bruna-magalhaes-requer-informacoes-sobre-qualidade-da-agua-em-limeira\/","title":{"rendered":"Bruna Magalh\u00e3es requer informa\u00e7\u00f5es sobre qualidade da \u00e1gua em Limeira"},"content":{"rendered":"<p>Bruna Magalh\u00e3es requer informa\u00e7\u00f5es sobre qualidade da \u00e1gua em Limeira<\/p>\n<p>A vereadora Bruna Magalh\u00e3es (PRTB) protocolou nesta ter\u00e7a-feira, 22 de abril o Requerimento N\u00ba 345\/2026 na C\u00e2mara Municipal de Limeira, solicitando informa\u00e7\u00f5es detalhadas \u00e0 Prefeitura sobre a qualidade da \u00e1gua fornecida \u00e0 popula\u00e7\u00e3o pela concession\u00e1ria BRK Ambiental.<\/p>\n<p>A iniciativa, conforme explica a parlamentar, surge ap\u00f3s diversos relatos de moradores sobre altera\u00e7\u00f5es no gosto e odor da \u00e1gua, al\u00e9m de preocupa\u00e7\u00f5es levantadas por an\u00e1lises independentes que indicam poss\u00edvel eleva\u00e7\u00e3o de par\u00e2metros relacionados \u00e0 presen\u00e7a de subst\u00e2ncias org\u00e2nicas.<\/p>\n<p>No requerimento, a vereadora solicitou o envio de laudos atualizados de potabilidade, informa\u00e7\u00f5es sobre os par\u00e2metros monitorados, eventuais registros de irregularidades e as medidas adotadas pelo Munic\u00edpio para fiscaliza\u00e7\u00e3o do servi\u00e7o prestado pela concession\u00e1ria.<\/p>\n<p>\u201c\u00c1gua de qualidade \u00e9 um direito b\u00e1sico da popula\u00e7\u00e3o. Nosso objetivo \u00e9 garantir transpar\u00eancia, entender o que est\u00e1 acontecendo e cobrar as provid\u00eancias necess\u00e1rias para assegurar a seguran\u00e7a de todos\u201d, destacou Bruna Magalh\u00e3es. De acordo com ela, o documento tamb\u00e9m questiona o controle de poss\u00edveis subprodutos gerados no processo de tratamento da \u00e1gua, que, em determinadas condi\u00e7\u00f5es, podem impactar a sa\u00fade da popula\u00e7\u00e3o.<\/p>\n<p>Do Gabinete Parlamentar &#8211; Vereadora Bruna Magalh\u00e3es (PRTB)<\/p>\n<p>As mat\u00e9rias de origem dos Gabinetes Parlamentares s\u00e3o de inteira\u00a0 responsabilidade dos parlamentares e de suas assessorias. S\u00e3o devidamente assinadas e n\u00e3o refletem, necessariamente, a opini\u00e3o institucional da C\u00e2mara Municipal de Limeira.<\/p>\n<hr>\n<p><em>Fonte: <a href=\"https:\/\/www.limeira.sp.leg.br\/noticias\/view\/2026-04-23_bruna-magalhaes-requer-informacoes-sobre-qualidade-da-agua-em-limeira\" target=\"_blank\" rel=\"noopener\">C\u00e2mara Municipal de Limeira<\/a><\/em><\/p>\n","protected":false},"excerpt":{"rendered":"<p>Bruna Magalh\u00e3es requer informa\u00e7\u00f5es sobre qualidade da \u00e1gua em Limeira<\/p>\n<p>A vereadora Bruna Magalh\u00e3es (PRTB) protocolou nesta ter\u00e7a-feira, 22 de abril o Requerimento N\u00ba 345\/2026 na C\u00e2mara Municipal de Limeira, solicitando informa\u00e7\u00f5es detalhadas \u00e0 Prefeitura sobre a qualidade da \u00e1gua fornecida \u00e0 popula\u00e7<\/p>\n","protected":false},"author":4,"featured_media":62529,"comment_status":"","ping_status":"open","sticky":false,"template":"","format":"standard","meta":{"_jetpack_newsletter_access":"","_jetpack_dont_email_post_to_subs":false,"_jetpack_newsletter_tier_id":0,"_jetpack_memberships_contains_paywalled_content":false,"_mbp_banners":[],"_jetpack_feature_clip_id":0,"_jetpack_memberships_contains_paid_content":false,"footnotes":"","jetpack_publicize_message":"","jetpack_publicize_feature_enabled":true,"jetpack_social_post_already_shared":true,"jetpack_social_options":{"image_generator_settings":{"template":"highway","default_image_id":0,"font":"","enabled":false},"version":2},"jetpack_post_was_ever_published":false},"categories":[19],"tags":[],"class_list":["post-62530","post","type-post","status-publish","format-standard","has-post-thumbnail","category-politica"],"jetpack_publicize_connections":[],"jetpack-related-posts":[],"jetpack_shortlink":"https:\/\/wp.me\/p7Eq1F-ggy","jetpack_sharing_enabled":true,"jetpack_featured_media_url":"https:\/\/i0.wp.com\/guialimeira.com.br\/news\/wp-content\/uploads\/2026\/04\/noticia-camara-112.jpg?fit=1280%2C640&ssl=1","_links":{"self":[{"href":"https:\/\/guialimeira.com.br\/news\/wp-json\/wp\/v2\/posts\/62530","targetHints":{"allow":["GET"]}}],"collection":[{"href":"https:\/\/guialimeira.com.br\/news\/wp-json\/wp\/v2\/posts"}],"about":[{"href":"https:\/\/guialimeira.com.br\/news\/wp-json\/wp\/v2\/types\/post"}],"author":[{"embeddable":true,"href":"https:\/\/guialimeira.com.br\/news\/wp-json\/wp\/v2\/users\/4"}],"replies":[{"embeddable":true,"href":"https:\/\/guialimeira.com.br\/news\/wp-json\/wp\/v2\/comments?post=62530"}],"version-history":[{"count":0,"href":"https:\/\/guialimeira.com.br\/news\/wp-json\/wp\/v2\/posts\/62530\/revisions"}],"wp:featuredmedia":[{"embeddable":true,"href":"https:\/\/guialimeira.com.br\/news\/wp-json\/wp\/v2\/media\/62529"}],"wp:attachment":[{"href":"https:\/\/guialimeira.com.br\/news\/wp-json\/wp\/v2\/media?parent=62530"}],"wp:term":[{"taxonomy":"category","embeddable":true,"href":"https:\/\/guialimeira.com.br\/news\/wp-json\/wp\/v2\/categories?post=62530"},{"taxonomy":"post_tag","embeddable":true,"href":"https:\/\/guialimeira.com.br\/news\/wp-json\/wp\/v2\/tags?post=62530"}],"curies":[{"name":"wp","href":"https:\/\/api.w.org\/{rel}","templated":true}]}}