{"id":62521,"date":"2026-04-23T09:55:49","date_gmt":"2026-04-23T12:55:49","guid":{"rendered":"https:\/\/guialimeira.com.br\/homenagens-camara-aprova-titulos-de-cidadao-e-projeto-de-nome-de-rua-do-jardim-das-orquideas\/"},"modified":"2026-04-23T09:55:49","modified_gmt":"2026-04-23T12:55:49","slug":"homenagens-camara-aprova-titulos-de-cidadao-e-projeto-de-nome-de-rua-do-jardim-das-orquideas","status":"publish","type":"post","link":"https:\/\/guialimeira.com.br\/news\/homenagens-camara-aprova-titulos-de-cidadao-e-projeto-de-nome-de-rua-do-jardim-das-orquideas\/","title":{"rendered":"Homenagens: C\u00e2mara aprova t\u00edtulos de cidad\u00e3o e projeto de nome de rua do Jardim das Orqu\u00eddeas"},"content":{"rendered":"<p>Homenagens: C\u00e2mara aprova t\u00edtulos de cidad\u00e3o e projeto de nome de rua no Jardim das Orqu\u00eddeas<\/p>\n<p>A C\u00e2mara Municipal aprovou durante a sess\u00e3o ordin\u00e1ria desta quarta-feira, 22 de abril, a concess\u00e3o de dois T\u00edtulos de Cidad\u00e3o Limeirense. Por meio do Projeto de Decreto Legislativo N\u00ba 6\/2026 e do Projeto de Decreto Legislativo N\u00ba 9\/2026, ser\u00e3o homenageados Marco Ant\u00f4nio Lopes Lima e Massaru Nagao, respectivamente. Tamb\u00e9m foi aprovado o Projeto de Lei N\u00ba 86\/2025 que homenageia Alaor Domingos Alves com a perpetua\u00e7\u00e3o de seu nome na rua Projetada 10, do loteamento Jardim das Orqu\u00eddeas pelo. As proposi\u00e7\u00f5es s\u00e3o de autoria dos vereadores M\u00e1rcio do Estacionamento (DC), Dr. Marcelo Rossi (MDB) e Guilherme Guido (PL).<\/p>\n<p>Marco Ant\u00f4nio Lopes Lima<\/p>\n<p>Natural de Macap\u00e1 (AP), Marco fazia sua resid\u00eancia m\u00e9dica em Campinas e dava plant\u00e3o na Santa Casa de Limeira, desde 2003 reside em Limeira. De acordo com o documento, Marco se interessou pela medicina no final da d\u00e9cada de 80 e em 1995 se formou pela Universidade Federal do Par\u00e1. \u201cA escolha pela medicina alicer\u00e7ou n\u00e3o apenas o que mais tarde confirmaria sua voca\u00e7\u00e3o t\u00e9cnica e consolidar sua carreira. Em 1995, iniciou uma trajet\u00f3ria de sucesso e amor ao pr\u00f3ximo por meio da profiss\u00e3o escolhida bem mais cedo, na sua inf\u00e2ncia\u201d, destacou o autor.<\/p>\n<p>O m\u00e9dico Marco Ant\u00f4nio atualmente atua no Hospital Unimed e em seu consult\u00f3rio, tamb\u00e9m trabalhou no Hospital Medical, no servi\u00e7o p\u00fablico da Santa Casa da Miseric\u00f3rdia, no Hospital Humanit\u00e1ria, al\u00e9m de trabalhar por 20 anos em Unidades B\u00e1sicas de Sa\u00fade (UBSs), sendo a maior parte no Jardim Aeroporto. Para o autor da homenagem, Dr. Marcelo Rossi, ressaltou que Marco Ant\u00f4nio resume sua voca\u00e7\u00e3o dizendo que a medicina \u00e9 algo que ele faz com muita \u00e9tica e respeito a todos os pacientes que s\u00e3o atendidos por ele.<\/p>\n<p>O parlamentar justificou a homenagem destacando que Marco Ant\u00f4nio n\u00e3o tinha parentes m\u00e9dicos e percebeu a medicina como um dom de vida que se comprovou ao longo de 31 anos desde a sua forma\u00e7\u00e3o. \u201cHoje, aos 53 anos, Dr. Marco Antonio olha para o passado e sente gratid\u00e3o \u00e0 cidade de Limeira, onde continuar\u00e1 exercendo a medicina com um sentimento que une f\u00e9 e ci\u00eancia. Essa homenagem n\u00e3o \u00e9 somente a sua carreira como especialista, mas tamb\u00e9m sobre a maneira oficial e p\u00fablica a sua dedica\u00e7\u00e3o ao pr\u00f3ximo atrav\u00e9s do seu trabalho\u201d, afirmou.<\/p>\n<p>Massaru Nagao<\/p>\n<p>Conforme a proposta, Massaru Nagao \u00e9 natural de Pomp\u00e9ia (SP) e reside em Limeira desde 1998. \u00c9 graduado em Direito desde 1977 e iniciou sua vida profissional como banc\u00e1rio e posteriormente, exerceu a advocacia por mais de 15 anos na cidade e comarca de Dracena (SP), per\u00edodo em que adquiriu experi\u00eancia jur\u00eddica e profissional.<\/p>\n<p>Conforme texto legislativo, Massaru Nagao fundou, juntamente com s\u00f3cios, a empresa Limerppan Distribuidora de Produtos Aliment\u00edcios LTDA, que atua no com\u00e9rcio atacadista de produtos aliment\u00edcios, voltados ao setor de panifica\u00e7\u00e3o e confeitaria. \u201cNeste ano, a empresa completa 28 anos de atividade em Limeira, marco que evidencia sua solidez, credibilidade e importante papel no desenvolvimento econ\u00f4mico local. Ao longo desse per\u00edodo, consolidou-se como refer\u00eancia, contribuindo diretamente para o abastecimento do setor aliment\u00edcio e atuando como distribuidora de importantes marcas do segmento\u201d, pontuou o autor.<\/p>\n<p>A justificativa de Guilherme Guido para a congratula\u00e7\u00e3o \u00e9 de reconhecer a trajet\u00f3ria pessoal, profissional e empresarial, al\u00e9m do desenvolvimento econ\u00f4mico e social que Massaru Nagao contribuiu para Limeira. \u201cSua trajet\u00f3ria tamb\u00e9m evidencia envolvimento com a comunidade e participa\u00e7\u00e3o em iniciativas associativas, refor\u00e7ando seu compromisso com o desenvolvimento social e institucional na cidade. Ao longo dos anos, Massaru construiu uma hist\u00f3ria de dedica\u00e7\u00e3o, trabalho e gratid\u00e3o para o Munic\u00edpio, reconhecendo em Limeira o local onde consolidou sua vida, sua fam\u00edlia e sua realiza\u00e7\u00e3o pessoal e profissional\u201d, descreveu.<\/p>\n<p>Alaor Domingos Alves<\/p>\n<p>Segundo o projeto, Alaor \u00e9 natural de S\u00e3o Pedro da Uni\u00e3o (MG) e chegou \u00e0 Limeira aos sete anos de idade. Desde cedo, assumiu responsabilidades que n\u00e3o cabiam a uma crian\u00e7a, trabalhando na ro\u00e7a para ajudar a sustentar os irm\u00e3os.<\/p>\n<p>Al\u00e9m de ter trabalhado na ro\u00e7a, o homenageado tamb\u00e9m atuou na empresa Freios Vargas por 30 anos, al\u00e9m de ser fundador da Limersondas Po\u00e7os Artesianos que completa 30 anos de exist\u00eancia. Tamb\u00e9m serviu como ministro da palavra na Par\u00f3quia Santa Luzia por 25 anos e participou de a\u00e7\u00f5es sociais ligadas \u00e0 Par\u00f3quia, com diversos projetos voltados \u00e0 popula\u00e7\u00e3o em situa\u00e7\u00e3o de vulnerabilidade.<\/p>\n<p>O vereador M\u00e1rcio do Estacionamento justificou a proposta dizendo que Alaor Domingos Alves sempre foi movido pelo desejo de ajudar e fazer o bem, al\u00e9m de ter sido um homem de grande cora\u00e7\u00e3o, amigo leal, pai exemplar e cidad\u00e3o honesto. \u201cSua partida em fevereiro de 2015, consequ\u00eancia de um tr\u00e1gico roubo em sua resid\u00eancia, mas seu legado permanece vivo atrav\u00e9s da fam\u00edlia, da empresa que fundou e de todos que foram tocados por sua presen\u00e7a. Sua hist\u00f3ria inspira pela for\u00e7a com que venceu as dificuldades da vida e construiu um caminho digno. Alaor foi um homem de coragem, f\u00e9 e trabalho. Sua inf\u00e2ncia dif\u00edcil forjou um car\u00e1ter \u00edntegro e batalhador, sendo exemplo de honestidade e sucesso empreendedor, levando f\u00e9, esperan\u00e7a e ensinamentos crist\u00e3os \u00e0 comunidade\u201d, afirmou.<\/p>\n<hr>\n<p><em>Fonte: <a href=\"https:\/\/www.limeira.sp.leg.br\/noticias\/view\/2026-04-23_homenagens-camara-aprova-titulos-de-cidadao-e-projeto-de-nome-de-rua-do-jardim-das-orquideas\" target=\"_blank\" rel=\"noopener\">C\u00e2mara Municipal de Limeira<\/a><\/em><\/p>\n","protected":false},"excerpt":{"rendered":"<p>Homenagens: C\u00e2mara aprova t\u00edtulos de cidad\u00e3o e projeto de nome de rua no Jardim das Orqu\u00eddeas<\/p>\n<p>A C\u00e2mara Municipal aprovou durante a sess\u00e3o ordin\u00e1ria desta quarta-feira, 22 de abril, a concess\u00e3o de dois T\u00edtulos de Cidad\u00e3o Limeirense. Por meio do Projeto de Decreto Legislativo N\u00ba 6\/2026 e do Projeto d<\/p>\n","protected":false},"author":4,"featured_media":62520,"comment_status":"","ping_status":"open","sticky":false,"template":"","format":"standard","meta":{"_jetpack_newsletter_access":"","_jetpack_dont_email_post_to_subs":false,"_jetpack_newsletter_tier_id":0,"_jetpack_memberships_contains_paywalled_content":false,"_mbp_banners":[],"_jetpack_feature_clip_id":0,"_jetpack_memberships_contains_paid_content":false,"footnotes":"","jetpack_publicize_message":"","jetpack_publicize_feature_enabled":true,"jetpack_social_post_already_shared":true,"jetpack_social_options":{"image_generator_settings":{"template":"highway","default_image_id":0,"font":"","enabled":false},"version":2},"jetpack_post_was_ever_published":false},"categories":[19],"tags":[],"class_list":["post-62521","post","type-post","status-publish","format-standard","has-post-thumbnail","category-politica"],"jetpack_publicize_connections":[],"jetpack-related-posts":[],"jetpack_shortlink":"https:\/\/wp.me\/p7Eq1F-ggp","jetpack_sharing_enabled":true,"jetpack_featured_media_url":"https:\/\/i0.wp.com\/guialimeira.com.br\/news\/wp-content\/uploads\/2026\/04\/noticia-camara-2.png?fit=1280%2C640&ssl=1","_links":{"self":[{"href":"https:\/\/guialimeira.com.br\/news\/wp-json\/wp\/v2\/posts\/62521","targetHints":{"allow":["GET"]}}],"collection":[{"href":"https:\/\/guialimeira.com.br\/news\/wp-json\/wp\/v2\/posts"}],"about":[{"href":"https:\/\/guialimeira.com.br\/news\/wp-json\/wp\/v2\/types\/post"}],"author":[{"embeddable":true,"href":"https:\/\/guialimeira.com.br\/news\/wp-json\/wp\/v2\/users\/4"}],"replies":[{"embeddable":true,"href":"https:\/\/guialimeira.com.br\/news\/wp-json\/wp\/v2\/comments?post=62521"}],"version-history":[{"count":0,"href":"https:\/\/guialimeira.com.br\/news\/wp-json\/wp\/v2\/posts\/62521\/revisions"}],"wp:featuredmedia":[{"embeddable":true,"href":"https:\/\/guialimeira.com.br\/news\/wp-json\/wp\/v2\/media\/62520"}],"wp:attachment":[{"href":"https:\/\/guialimeira.com.br\/news\/wp-json\/wp\/v2\/media?parent=62521"}],"wp:term":[{"taxonomy":"category","embeddable":true,"href":"https:\/\/guialimeira.com.br\/news\/wp-json\/wp\/v2\/categories?post=62521"},{"taxonomy":"post_tag","embeddable":true,"href":"https:\/\/guialimeira.com.br\/news\/wp-json\/wp\/v2\/tags?post=62521"}],"curies":[{"name":"wp","href":"https:\/\/api.w.org\/{rel}","templated":true}]}}