{"id":62511,"date":"2026-04-23T09:35:53","date_gmt":"2026-04-23T12:35:53","guid":{"rendered":"https:\/\/guialimeira.com.br\/equipamentos-de-conveniencia-como-minimercados-ou-lavanderias-poderao-ser-instalados-em-condominios\/"},"modified":"2026-04-23T09:35:53","modified_gmt":"2026-04-23T12:35:53","slug":"equipamentos-de-conveniencia-como-minimercados-ou-lavanderias-poderao-ser-instalados-em-condominios","status":"publish","type":"post","link":"https:\/\/guialimeira.com.br\/news\/equipamentos-de-conveniencia-como-minimercados-ou-lavanderias-poderao-ser-instalados-em-condominios\/","title":{"rendered":"Equipamentos de conveni\u00eancia como minimercados ou lavanderias poder\u00e3o ser instalados em condom\u00ednios"},"content":{"rendered":"<p>Equipamentos de conveni\u00eancia como minimercados ou lavanderias poder\u00e3o ser instalados em condom\u00ednios<\/p>\n<p>Condom\u00ednios residenciais poder\u00e3o ter instalados internamente equipamentos de conveni\u00eancia como minimercados aut\u00f4nomos, mercados automatizados, m\u00e1quinas autom\u00e1ticas de alimentos e bebidas, lavanderias compartilhadas e lockers de encomendas. \u00c9 o que prev\u00ea o Projeto de Lei N\u00ba 29\/2026, de autoria do vereador Felipe Penedo (PL), aprovado na sess\u00e3o ordin\u00e1ria desta quarta-feira, 22 de abril.<\/p>\n<p>A proposta estabelece que esses equipamentos n\u00e3o ser\u00e3o considerados como atividade comercial se o uso for restrito a moradores, se n\u00e3o houver atendimento ao p\u00fablico externo ou acesso direto pela via p\u00fablica, se estiver localizado na \u00e1rea interna comum do condom\u00ednio e se n\u00e3o houver impacto significativo na circula\u00e7\u00e3o urbana. Outra determina\u00e7\u00e3o \u00e9 que o funcionamento destes equipamentos dever\u00e1 observar as normas sanit\u00e1rias, de seguran\u00e7a e de conviv\u00eancia condominial.<\/p>\n<p>De acordo com Felipe Penedo, o projeto visa modernizar a legisla\u00e7\u00e3o municipal vigente, reconhecendo essas novas formas de servi\u00e7os internos nos condom\u00ednios e estabelecendo crit\u00e9rios para o funcionamento, evitando interpreta\u00e7\u00f5es divergentes e inseguran\u00e7a jur\u00eddica para moradores ou para o poder p\u00fablico.<\/p>\n<p>O projeto aprovado segue para aprecia\u00e7\u00e3o do prefeito Murilo F\u00e9lix (Podemos) para san\u00e7\u00e3o ou veto. Se sancionado, ser\u00e1 promulgado e publicado no Jornal Oficial do Munic\u00edpio e passa a ser lei.<\/p>\n<hr>\n<p><em>Fonte: <a href=\"https:\/\/www.limeira.sp.leg.br\/noticias\/view\/2026-04-23_equipamentos-de-conveniencia-como-minimercados-ou-lavanderias-poderao-ser-instalados-em-condominios\" target=\"_blank\" rel=\"noopener\">C\u00e2mara Municipal de Limeira<\/a><\/em><\/p>\n","protected":false},"excerpt":{"rendered":"<p>Equipamentos de conveni\u00eancia como minimercados ou lavanderias poder\u00e3o ser instalados em condom\u00ednios<\/p>\n<p>Condom\u00ednios residenciais poder\u00e3o ter instalados internamente equipamentos de conveni\u00eancia como minimercados aut\u00f4nomos, mercados automatizados, m\u00e1quinas autom\u00e1ticas de alimentos e bebidas, lavanderias<\/p>\n","protected":false},"author":4,"featured_media":62510,"comment_status":"","ping_status":"open","sticky":false,"template":"","format":"standard","meta":{"_jetpack_newsletter_access":"","_jetpack_dont_email_post_to_subs":false,"_jetpack_newsletter_tier_id":0,"_jetpack_memberships_contains_paywalled_content":false,"_mbp_banners":[],"_jetpack_feature_clip_id":0,"_jetpack_memberships_contains_paid_content":false,"footnotes":"","jetpack_publicize_message":"","jetpack_publicize_feature_enabled":true,"jetpack_social_post_already_shared":true,"jetpack_social_options":{"image_generator_settings":{"template":"highway","default_image_id":0,"font":"","enabled":false},"version":2},"jetpack_post_was_ever_published":false},"categories":[19],"tags":[],"class_list":["post-62511","post","type-post","status-publish","format-standard","has-post-thumbnail","category-politica"],"jetpack_publicize_connections":[],"jetpack-related-posts":[],"jetpack_shortlink":"https:\/\/wp.me\/p7Eq1F-ggf","jetpack_sharing_enabled":true,"jetpack_featured_media_url":"https:\/\/i0.wp.com\/guialimeira.com.br\/news\/wp-content\/uploads\/2026\/04\/noticia-camara-110.jpg?fit=1280%2C640&ssl=1","_links":{"self":[{"href":"https:\/\/guialimeira.com.br\/news\/wp-json\/wp\/v2\/posts\/62511","targetHints":{"allow":["GET"]}}],"collection":[{"href":"https:\/\/guialimeira.com.br\/news\/wp-json\/wp\/v2\/posts"}],"about":[{"href":"https:\/\/guialimeira.com.br\/news\/wp-json\/wp\/v2\/types\/post"}],"author":[{"embeddable":true,"href":"https:\/\/guialimeira.com.br\/news\/wp-json\/wp\/v2\/users\/4"}],"replies":[{"embeddable":true,"href":"https:\/\/guialimeira.com.br\/news\/wp-json\/wp\/v2\/comments?post=62511"}],"version-history":[{"count":0,"href":"https:\/\/guialimeira.com.br\/news\/wp-json\/wp\/v2\/posts\/62511\/revisions"}],"wp:featuredmedia":[{"embeddable":true,"href":"https:\/\/guialimeira.com.br\/news\/wp-json\/wp\/v2\/media\/62510"}],"wp:attachment":[{"href":"https:\/\/guialimeira.com.br\/news\/wp-json\/wp\/v2\/media?parent=62511"}],"wp:term":[{"taxonomy":"category","embeddable":true,"href":"https:\/\/guialimeira.com.br\/news\/wp-json\/wp\/v2\/categories?post=62511"},{"taxonomy":"post_tag","embeddable":true,"href":"https:\/\/guialimeira.com.br\/news\/wp-json\/wp\/v2\/tags?post=62511"}],"curies":[{"name":"wp","href":"https:\/\/api.w.org\/{rel}","templated":true}]}}