{"id":62509,"date":"2026-04-23T09:30:58","date_gmt":"2026-04-23T12:30:58","guid":{"rendered":"https:\/\/guialimeira.com.br\/declarada-utilidade-publica-a-associacao-desportiva-e-recreativa-educacional-e-cultural-crescendo-para-o-futuro\/"},"modified":"2026-04-23T09:30:58","modified_gmt":"2026-04-23T12:30:58","slug":"declarada-utilidade-publica-a-associacao-desportiva-e-recreativa-educacional-e-cultural-crescendo-para-o-futuro","status":"publish","type":"post","link":"https:\/\/guialimeira.com.br\/news\/declarada-utilidade-publica-a-associacao-desportiva-e-recreativa-educacional-e-cultural-crescendo-para-o-futuro\/","title":{"rendered":"Declarada utilidade p\u00fablica \u00e0 Associa\u00e7\u00e3o Desportiva e Recreativa Educacional e Cultural Crescendo para o Futuro"},"content":{"rendered":"<p>Declarada utilidade p\u00fablica \u00e0 Associa\u00e7\u00e3o Desportiva e Recreativa Educacional e Cultural Crescendo para o Futuro<\/p>\n<p>Por meio da aprova\u00e7\u00e3o do Projeto de Lei N\u00ba 274\/2025, na sess\u00e3o ordin\u00e1ria desta quarta-feira, 22 de abril, a C\u00e2mara Municipal de Limeira declarou de utilidade p\u00fablica a Associa\u00e7\u00e3o Desportiva e Recreativa Educacional e Cultural Crescendo para o Futuro. A iniciativa \u00e9 do vereador Costa Junior (Podemos).<\/p>\n<p>A institui\u00e7\u00e3o de direito privado, sem fins lucrativos, pol\u00edticos ou religiosos, desde 2018, possui car\u00e1ter cultural, esportivo e social. Localizada no bairro Jardim Residencial Cana\u00e3 tem como finalidade ministrar instru\u00e7\u00f5es de pr\u00e1ticas esportivas, incluindo artes marciais, aos seus Associados e dependentes maiores de cinco anos de idade; promover a\u00e7\u00f5es que estimulem a pr\u00e1tica esportiva \u00e0s crian\u00e7as e adolescentes, tamb\u00e9m a\u00e7\u00f5es culturais e recreativas.<\/p>\n<p>\u201cUm dos principais focos do trabalho est\u00e1 ligado \u00e0 \u00e1rea esportiva, em que o esporte, incluindo as artes marciais aparece como um forte est\u00edmulo educacional, recreativo e de sa\u00fade, ajudando a socializar e a formar especialmente crian\u00e7as e adolescentes, em conson\u00e2ncia com o seu objetivo de crescimento moral, c\u00edvico, social e cultural da comunidade\u201d, descreveu Costa Junior, na justificativa ao projeto.<\/p>\n<p>A propositura est\u00e1 embasada pela Lei N\u00b0 1.269\/1971 que define as exig\u00eancias a serem cumpridas por sociedades civis, associa\u00e7\u00f5es e funda\u00e7\u00f5es para serem declaradas de utilidade p\u00fablica. Para a declara\u00e7\u00e3o de utilidade p\u00fablica, essas entidades devem ter o fim exclusivo de servir \u00e0 coletividade.<\/p>\n<p>Com o projeto de lei aprovado, o Legislativo conceder\u00e1 \u00e0 Associa\u00e7\u00e3o Desportiva e Recreativa Educacional e Cultural Crescendo para o Futuro a oportunidade de captar recursos e parcerias para assim cumprir os objetivos propostos pela institui\u00e7\u00e3o.<\/p>\n<hr>\n<p><em>Fonte: <a href=\"https:\/\/www.limeira.sp.leg.br\/noticias\/view\/2026-04-23_declarada-utilidade-publica-a-associacao-desportiva-e-recreativa-educacional-e-cultural-crescendo-para-o-futuro\" target=\"_blank\" rel=\"noopener\">C\u00e2mara Municipal de Limeira<\/a><\/em><\/p>\n","protected":false},"excerpt":{"rendered":"<p>Declarada utilidade p\u00fablica \u00e0 Associa\u00e7\u00e3o Desportiva e Recreativa Educacional e Cultural Crescendo para o Futuro<\/p>\n<p>Por meio da aprova\u00e7\u00e3o do Projeto de Lei N\u00ba 274\/2025, na sess\u00e3o ordin\u00e1ria desta quarta-feira, 22 de abril, a C\u00e2mara Municipal de Limeira declarou de utilidade p\u00fablica a Associa\u00e7\u00e3o Desporti<\/p>\n","protected":false},"author":4,"featured_media":62508,"comment_status":"","ping_status":"open","sticky":false,"template":"","format":"standard","meta":{"_jetpack_newsletter_access":"","_jetpack_dont_email_post_to_subs":false,"_jetpack_newsletter_tier_id":0,"_jetpack_memberships_contains_paywalled_content":false,"_mbp_banners":[],"_jetpack_feature_clip_id":0,"_jetpack_memberships_contains_paid_content":false,"footnotes":"","jetpack_publicize_message":"","jetpack_publicize_feature_enabled":true,"jetpack_social_post_already_shared":true,"jetpack_social_options":{"image_generator_settings":{"template":"highway","default_image_id":0,"font":"","enabled":false},"version":2},"jetpack_post_was_ever_published":false},"categories":[19],"tags":[],"class_list":["post-62509","post","type-post","status-publish","format-standard","has-post-thumbnail","category-politica"],"jetpack_publicize_connections":[],"jetpack-related-posts":[],"jetpack_shortlink":"https:\/\/wp.me\/p7Eq1F-ggd","jetpack_sharing_enabled":true,"jetpack_featured_media_url":"https:\/\/i0.wp.com\/guialimeira.com.br\/news\/wp-content\/uploads\/2026\/04\/noticia-camara-109.jpg?fit=1280%2C640&ssl=1","_links":{"self":[{"href":"https:\/\/guialimeira.com.br\/news\/wp-json\/wp\/v2\/posts\/62509","targetHints":{"allow":["GET"]}}],"collection":[{"href":"https:\/\/guialimeira.com.br\/news\/wp-json\/wp\/v2\/posts"}],"about":[{"href":"https:\/\/guialimeira.com.br\/news\/wp-json\/wp\/v2\/types\/post"}],"author":[{"embeddable":true,"href":"https:\/\/guialimeira.com.br\/news\/wp-json\/wp\/v2\/users\/4"}],"replies":[{"embeddable":true,"href":"https:\/\/guialimeira.com.br\/news\/wp-json\/wp\/v2\/comments?post=62509"}],"version-history":[{"count":0,"href":"https:\/\/guialimeira.com.br\/news\/wp-json\/wp\/v2\/posts\/62509\/revisions"}],"wp:featuredmedia":[{"embeddable":true,"href":"https:\/\/guialimeira.com.br\/news\/wp-json\/wp\/v2\/media\/62508"}],"wp:attachment":[{"href":"https:\/\/guialimeira.com.br\/news\/wp-json\/wp\/v2\/media?parent=62509"}],"wp:term":[{"taxonomy":"category","embeddable":true,"href":"https:\/\/guialimeira.com.br\/news\/wp-json\/wp\/v2\/categories?post=62509"},{"taxonomy":"post_tag","embeddable":true,"href":"https:\/\/guialimeira.com.br\/news\/wp-json\/wp\/v2\/tags?post=62509"}],"curies":[{"name":"wp","href":"https:\/\/api.w.org\/{rel}","templated":true}]}}