{"id":62506,"date":"2026-04-23T09:25:56","date_gmt":"2026-04-23T12:25:56","guid":{"rendered":"https:\/\/guialimeira.com.br\/dois-projetos-que-criam-campanha-de-prevencao-e-combate-as-queimadas-em-limeira-sao-aprovados\/"},"modified":"2026-04-23T09:25:56","modified_gmt":"2026-04-23T12:25:56","slug":"dois-projetos-que-criam-campanha-de-prevencao-e-combate-as-queimadas-em-limeira-sao-aprovados","status":"publish","type":"post","link":"https:\/\/guialimeira.com.br\/news\/dois-projetos-que-criam-campanha-de-prevencao-e-combate-as-queimadas-em-limeira-sao-aprovados\/","title":{"rendered":"Dois projetos que criam campanha de preven\u00e7\u00e3o e combate \u00e0s queimadas em Limeira s\u00e3o aprovados"},"content":{"rendered":"<p>Dois projetos que criam campanha de preven\u00e7\u00e3o e combate \u00e0s queimadas em Limeira s\u00e3o aprovados<\/p>\n<p>Com o objetivo de informar, sensibilizar e mobilizar a popula\u00e7\u00e3o acerca dos riscos, consequ\u00eancias e penalidades das queimadas urbanas e rurais, foram aprovados na sess\u00e3o ordin\u00e1ria desta quarta-feira, 22 de abril, os Projeto de Lei N\u00ba 227\/2025 (Substitutivo N\u00ba 70) e Projeto de Resolu\u00e7\u00e3o N\u00ba 37\/2025. As proposituras s\u00e3o de autoria do vereador Estev\u00e3o Nogueira (Avante) e da Comiss\u00e3o de Meio Ambiente, composta pelos vereadores Felipe Penedo (PL), Tatiane Lopes (Avante) e Helder do T\u00e1xi (PSD), e instituem campanhas permanentes de preven\u00e7\u00e3o e combate \u00e0s queimadas em Limeira a serem realizadas anualmente.<\/p>\n<p>De acordo com os projetos, as campanhas ter\u00e3o como principais diretrizes a divulga\u00e7\u00e3o cont\u00ednua de informa\u00e7\u00f5es educativas em meios de comunica\u00e7\u00e3o oficiais, escolas, reparti\u00e7\u00f5es p\u00fablicas e eventos municipais. Tamb\u00e9m preveem a realiza\u00e7\u00e3o de palestras, semin\u00e1rios, oficinas e debates, especialmente em per\u00edodos de maior risco de inc\u00eandios.<\/p>\n<p>Al\u00e9m disso, contemplam a produ\u00e7\u00e3o e distribui\u00e7\u00e3o de materiais informativos, tanto impressos quanto digitais, bem como o estabelecimento de parcerias com escolas, universidades, entidades civis, Corpo de Bombeiros, \u00f3rg\u00e3os ambientais e associa\u00e7\u00f5es de moradores. As propostas ainda buscam estimular a participa\u00e7\u00e3o da sociedade civil na den\u00fancia e fiscaliza\u00e7\u00e3o de queimadas, por meio da divulga\u00e7\u00e3o de canais oficiais, al\u00e9m de informar sobre as consequ\u00eancias ambientais, econ\u00f4micas, sociais e \u00e0 sa\u00fade p\u00fablica, bem como as previs\u00f5es previstas em lei.<\/p>\n<p>Apesar das semelhan\u00e7as nos objetivos das proposituras, as iniciativas se diferenciam quanto \u00e0 execu\u00e7\u00e3o. O Projeto de Lei N\u00ba 227\/2025 vinculado \u00e0 Prefeitura prev\u00ea a implementa\u00e7\u00e3o das a\u00e7\u00f5es no \u00e2mbito do Poder Executivo, com possibilidade de ades\u00e3o nos n\u00edveis estadual e federal. J\u00e1 o Projeto de Resolu\u00e7\u00e3o N\u00ba 37\/2025 da C\u00e2mara Municipal trata de uma a\u00e7\u00e3o de car\u00e1ter interno do Legislativo, conduzida por vereadores e estruturada no \u00e2mbito institucional da Casa.<\/p>\n<p>\u201cAs campanhas educativas e os esfor\u00e7os de sensibiliza\u00e7\u00e3o j\u00e1 se provaram eficazes em contextos semelhantes, gerando resultados positivos no engajamento popular e na redu\u00e7\u00e3o dos casos\u201d, refor\u00e7aram os parlamentares na justificativa dos projetos.<\/p>\n<hr>\n<p><em>Fonte: <a href=\"https:\/\/www.limeira.sp.leg.br\/noticias\/view\/2026-04-23_dois-projetos-que-criam-campanha-de-prevencao-e-combate-as-queimadas-em-limeira-sao-aprovados\" target=\"_blank\" rel=\"noopener\">C\u00e2mara Municipal de Limeira<\/a><\/em><\/p>\n","protected":false},"excerpt":{"rendered":"<p>Dois projetos que criam campanha de preven\u00e7\u00e3o e combate \u00e0s queimadas em Limeira s\u00e3o aprovados<\/p>\n<p>Com o objetivo de informar, sensibilizar e mobilizar a popula\u00e7\u00e3o acerca dos riscos, consequ\u00eancias e penalidades das queimadas urbanas e rurais, foram aprovados na sess\u00e3o ordin\u00e1ria desta quarta-feira, 22 de<\/p>\n","protected":false},"author":4,"featured_media":62505,"comment_status":"","ping_status":"open","sticky":false,"template":"","format":"standard","meta":{"_jetpack_newsletter_access":"","_jetpack_dont_email_post_to_subs":false,"_jetpack_newsletter_tier_id":0,"_jetpack_memberships_contains_paywalled_content":false,"_mbp_banners":[],"_jetpack_feature_clip_id":0,"_jetpack_memberships_contains_paid_content":false,"footnotes":"","jetpack_publicize_message":"","jetpack_publicize_feature_enabled":true,"jetpack_social_post_already_shared":true,"jetpack_social_options":{"image_generator_settings":{"template":"highway","default_image_id":0,"font":"","enabled":false},"version":2},"jetpack_post_was_ever_published":false},"categories":[19],"tags":[],"class_list":["post-62506","post","type-post","status-publish","format-standard","has-post-thumbnail","category-politica"],"jetpack_publicize_connections":[],"jetpack-related-posts":[],"jetpack_shortlink":"https:\/\/wp.me\/p7Eq1F-gga","jetpack_sharing_enabled":true,"jetpack_featured_media_url":"https:\/\/i0.wp.com\/guialimeira.com.br\/news\/wp-content\/uploads\/2026\/04\/noticia-camara-108.jpg?fit=1280%2C640&ssl=1","_links":{"self":[{"href":"https:\/\/guialimeira.com.br\/news\/wp-json\/wp\/v2\/posts\/62506","targetHints":{"allow":["GET"]}}],"collection":[{"href":"https:\/\/guialimeira.com.br\/news\/wp-json\/wp\/v2\/posts"}],"about":[{"href":"https:\/\/guialimeira.com.br\/news\/wp-json\/wp\/v2\/types\/post"}],"author":[{"embeddable":true,"href":"https:\/\/guialimeira.com.br\/news\/wp-json\/wp\/v2\/users\/4"}],"replies":[{"embeddable":true,"href":"https:\/\/guialimeira.com.br\/news\/wp-json\/wp\/v2\/comments?post=62506"}],"version-history":[{"count":0,"href":"https:\/\/guialimeira.com.br\/news\/wp-json\/wp\/v2\/posts\/62506\/revisions"}],"wp:featuredmedia":[{"embeddable":true,"href":"https:\/\/guialimeira.com.br\/news\/wp-json\/wp\/v2\/media\/62505"}],"wp:attachment":[{"href":"https:\/\/guialimeira.com.br\/news\/wp-json\/wp\/v2\/media?parent=62506"}],"wp:term":[{"taxonomy":"category","embeddable":true,"href":"https:\/\/guialimeira.com.br\/news\/wp-json\/wp\/v2\/categories?post=62506"},{"taxonomy":"post_tag","embeddable":true,"href":"https:\/\/guialimeira.com.br\/news\/wp-json\/wp\/v2\/tags?post=62506"}],"curies":[{"name":"wp","href":"https:\/\/api.w.org\/{rel}","templated":true}]}}