{"id":62474,"date":"2026-04-22T22:21:12","date_gmt":"2026-04-23T01:21:12","guid":{"rendered":"https:\/\/guialimeira.com.br\/camara-aprova-oito-projetos-e-20-mocoes-alem-de-encaminhar-11-requerimentos-a-prefeitura\/"},"modified":"2026-04-22T22:21:12","modified_gmt":"2026-04-23T01:21:12","slug":"camara-aprova-oito-projetos-e-20-mocoes-alem-de-encaminhar-11-requerimentos-a-prefeitura","status":"publish","type":"post","link":"https:\/\/guialimeira.com.br\/news\/camara-aprova-oito-projetos-e-20-mocoes-alem-de-encaminhar-11-requerimentos-a-prefeitura\/","title":{"rendered":"C\u00e2mara aprova oito projetos e 20 mo\u00e7\u00f5es, al\u00e9m de encaminhar 11 requerimentos \u00e0 Prefeitura"},"content":{"rendered":"<p>C\u00e2mara aprova oito projetos e 20 mo\u00e7\u00f5es, al\u00e9m de encaminhar 11 requerimentos \u00e0 Prefeitura<\/p>\n<p>Na sess\u00e3o ordin\u00e1ria desta segunda-feira, 22 de abril, a C\u00e2mara Municipal de Limeira aprovou oito projetos pautados para vota\u00e7\u00e3o na Ordem do Dia. No Expediente, parte destinada \u00e0 leitura de documentos protocolados no Legislativo, foram discutidos e encaminhados 11 requerimentos \u00e0 Prefeitura e aprovadas 20 mo\u00e7\u00f5es.<\/p>\n<p>Representantes de institui\u00e7\u00f5es e mun\u00edcipes homenageados pela C\u00e2mara assistiram presencialmente \u00e0s discuss\u00f5es. Os trabalhos s\u00e3o transmitidos ao vivo; para ter acesso ao v\u00eddeo na \u00edntegra clique neste link.<\/p>\n<p>Confira o resultado da vota\u00e7\u00e3o dos projetos da Ordem do Dia:<\/p>\n<p>Aprovado &#8211; Projeto de Lei N\u00ba 86\/2025, do vereador Marcio do Estacionamento (DC), perpetua o nome de Alaor Domingos Alves na Rua Projetada 10, do loteamento Jardim das Orqu\u00eddeas.<\/p>\n<p>Aprovado &#8211; Projeto de Lei N\u00ba 227\/2025, do vereador Estev\u00e3o Nogueira (Avante) e da Comiss\u00e3o de Meio Ambiente, composta pelos vereadores Felipe Penedo (PL), Tatiane Lopes (Avante) e Helder do T\u00e1xi (PSD), institui a Campanha Permanente de Preven\u00e7\u00e3o e Combate \u00e0s Queimadas em Limeira.<\/p>\n<p>Aprovado &#8211; Projeto de Resolu\u00e7\u00e3o N\u00ba 37\/2025, dos vereadores Estev\u00e3o Nogueira (Avante), Helder do T\u00e1xi (MDB), Tatiane Lopes (Avante), Felipe Penedo (PL), institui no \u00e2mbito da C\u00e2mara Municipal de Limeira a Campanha Permanente de Conscientiza\u00e7\u00e3o e Preven\u00e7\u00e3o \u00e0s Queimadas.<\/p>\n<p>Aprovado &#8211; Projeto de Lei N\u00ba 240\/2025, da vereadora Mariana Calsa (PSB), altera dispositivos da Lei N\u00ba 5588\/2015, que disp\u00f5e sobre a obrigatoriedade de manuten\u00e7\u00e3o, alinhamento e retirada de fios e cabos em desuso nos postes de energia el\u00e9trica em Limeira, estabelecendo o prazo de 15 dias para que as empresas que os utilizem regularizem a situa\u00e7\u00e3o de cabos ou instrumentos existentes.<\/p>\n<p>Aprovado &#8211; Projeto de Lei N\u00ba 274\/2025, do vereador Costa Junior (Podemos), declara de utilidade p\u00fablica a Associa\u00e7\u00e3o Desportiva e Recreativa Educacional e Cultural Crescendo para o Futuro.<\/p>\n<p>Aprovado &#8211; Projeto de Lei N\u00ba 29\/2026, do vereador Felipe Penedo (PL), disp\u00f5e sobre a instala\u00e7\u00e3o de equipamentos de conveni\u00eancia em condom\u00ednios residenciais em Limeira.<\/p>\n<p>Aprovado &#8211; Projeto de Decreto Legislativo N\u00ba 6\/2026, do vereador Dr. Marcelo Rossi (MDB), concede o T\u00edtulo de Cidad\u00e3o Limeirense a Marco Ant\u00f4nio Lopes Lima pelos servi\u00e7os prestados a Limeira.<\/p>\n<p>Aprovado &#8211; Projeto de Decreto Legislativo N\u00ba 9\/2026, do vereador Guilherme Guido (PL), concede o T\u00edtulo de Cidad\u00e3o Limeirense a Massaru Nagao, pelos servi\u00e7os prestados a Limeira.<\/p>\n<hr>\n<p><em>Fonte: <a href=\"https:\/\/www.limeira.sp.leg.br\/noticias\/view\/2026-04-22_camara-aprova-oito-projetos-e-20-mocoes-alem-de-encaminhar-11-requerimentos-a-prefeitura\" target=\"_blank\" rel=\"noopener\">C\u00e2mara Municipal de Limeira<\/a><\/em><\/p>\n","protected":false},"excerpt":{"rendered":"<p>C\u00e2mara aprova oito projetos e 20 mo\u00e7\u00f5es, al\u00e9m de encaminhar 11 requerimentos \u00e0 Prefeitura<\/p>\n<p>Na sess\u00e3o ordin\u00e1ria desta segunda-feira, 22 de abril, a C\u00e2mara Municipal de Limeira aprovou oito projetos pautados para vota\u00e7\u00e3o na Ordem do Dia. No Expediente, parte destinada \u00e0 leitura de documentos protocola<\/p>\n","protected":false},"author":4,"featured_media":62473,"comment_status":"","ping_status":"open","sticky":false,"template":"","format":"standard","meta":{"_jetpack_newsletter_access":"","_jetpack_dont_email_post_to_subs":false,"_jetpack_newsletter_tier_id":0,"_jetpack_memberships_contains_paywalled_content":false,"_mbp_banners":[],"_jetpack_feature_clip_id":0,"_jetpack_memberships_contains_paid_content":false,"footnotes":"","jetpack_publicize_message":"","jetpack_publicize_feature_enabled":true,"jetpack_social_post_already_shared":true,"jetpack_social_options":{"image_generator_settings":{"template":"highway","default_image_id":0,"font":"","enabled":false},"version":2},"jetpack_post_was_ever_published":false},"categories":[19],"tags":[],"class_list":["post-62474","post","type-post","status-publish","format-standard","has-post-thumbnail","category-politica"],"jetpack_publicize_connections":[],"jetpack-related-posts":[],"jetpack_shortlink":"https:\/\/wp.me\/p7Eq1F-gfE","jetpack_sharing_enabled":true,"jetpack_featured_media_url":"https:\/\/i0.wp.com\/guialimeira.com.br\/news\/wp-content\/uploads\/2026\/04\/noticia-camara-107.jpg?fit=1280%2C640&ssl=1","_links":{"self":[{"href":"https:\/\/guialimeira.com.br\/news\/wp-json\/wp\/v2\/posts\/62474","targetHints":{"allow":["GET"]}}],"collection":[{"href":"https:\/\/guialimeira.com.br\/news\/wp-json\/wp\/v2\/posts"}],"about":[{"href":"https:\/\/guialimeira.com.br\/news\/wp-json\/wp\/v2\/types\/post"}],"author":[{"embeddable":true,"href":"https:\/\/guialimeira.com.br\/news\/wp-json\/wp\/v2\/users\/4"}],"replies":[{"embeddable":true,"href":"https:\/\/guialimeira.com.br\/news\/wp-json\/wp\/v2\/comments?post=62474"}],"version-history":[{"count":0,"href":"https:\/\/guialimeira.com.br\/news\/wp-json\/wp\/v2\/posts\/62474\/revisions"}],"wp:featuredmedia":[{"embeddable":true,"href":"https:\/\/guialimeira.com.br\/news\/wp-json\/wp\/v2\/media\/62473"}],"wp:attachment":[{"href":"https:\/\/guialimeira.com.br\/news\/wp-json\/wp\/v2\/media?parent=62474"}],"wp:term":[{"taxonomy":"category","embeddable":true,"href":"https:\/\/guialimeira.com.br\/news\/wp-json\/wp\/v2\/categories?post=62474"},{"taxonomy":"post_tag","embeddable":true,"href":"https:\/\/guialimeira.com.br\/news\/wp-json\/wp\/v2\/tags?post=62474"}],"curies":[{"name":"wp","href":"https:\/\/api.w.org\/{rel}","templated":true}]}}