{"id":62450,"date":"2026-04-22T18:35:57","date_gmt":"2026-04-22T21:35:57","guid":{"rendered":"https:\/\/guialimeira.com.br\/comissao-de-educacao-recebe-demanda-sobre-enquadramento-previdenciario\/"},"modified":"2026-04-22T18:35:57","modified_gmt":"2026-04-22T21:35:57","slug":"comissao-de-educacao-recebe-demanda-sobre-enquadramento-previdenciario","status":"publish","type":"post","link":"https:\/\/guialimeira.com.br\/news\/comissao-de-educacao-recebe-demanda-sobre-enquadramento-previdenciario\/","title":{"rendered":"Comiss\u00e3o de Educa\u00e7\u00e3o recebe demanda sobre enquadramento previdenci\u00e1rio"},"content":{"rendered":"<p>Comiss\u00e3o de Educa\u00e7\u00e3o recebe demanda sobre enquadramento previdenci\u00e1rio<\/p>\n<p>A Comiss\u00e3o de Educa\u00e7\u00e3o e Ci\u00eancias da C\u00e2mara de Limeira recebeu um grupo representado por pessoas dos cargos de diretor, vice-diretor, coordenador e supervisor de escolas municipais na reuni\u00e3o desta quarta-feira, 22 de abril. O tema pautado na discuss\u00e3o foi o enquadramento previdenci\u00e1rio de profissionais da rede municipal de ensino junto ao Instituto de Previd\u00eancia Municipal de Limeira (IPML).<\/p>\n<p>Ao apresentar a demanda, a categoria apontou que h\u00e1 dificuldades em rela\u00e7\u00e3o ao reconhecimento desses cargos espec\u00edficos como integrantes da carreira do magist\u00e9rio para fins de benef\u00edcios e contagem de tempo previdenci\u00e1rio pela autarquia.<\/p>\n<p>A Comiss\u00e3o debateu a necessidade de di\u00e1logo com o IPML e com a Prefeitura para buscar entendimento sobre o pedido e a garantia de direitos dos servidores que exercem fun\u00e7\u00f5es de gest\u00e3o e suporte pedag\u00f3gico. Segundo a presidente do colegiado, Mariana Calsa (PSB), as informa\u00e7\u00f5es disponibilizadas durante a reuni\u00e3o ser\u00e3o devidamente analisadas pelos vereadores e posteriormente ser\u00e3o feitos os encaminhamentos necess\u00e1rios.<\/p>\n<p>A reuni\u00e3o desta semana contou com a presen\u00e7a de representantes do Observat\u00f3rio Social do Brasil (OSB) Limeira. Os integrantes da entidade acompanharam os trabalhos parlamentares dentro das a\u00e7\u00f5es de monitoramento da transpar\u00eancia e fiscaliza\u00e7\u00e3o da gest\u00e3o p\u00fablica no \u00e2mbito do Legislativo Limeirense.<\/p>\n<p>A Comiss\u00e3o<\/p>\n<p>A Comiss\u00e3o de Educa\u00e7\u00e3o e Ci\u00eancias \u00e9 composta pelos vereadores Mariana Calsa (PSB), presidente; Nilton Santos (Republicanos), vice-presidente; e Waguinho de Santa Luzia (PP), secret\u00e1rio; e tem como compet\u00eancia a fiscaliza\u00e7\u00e3o de assuntos relacionados \u00e0 educa\u00e7\u00e3o e ao ensino.<\/p>\n<p>Os membros tamb\u00e9m s\u00e3o respons\u00e1veis por abordar a pol\u00edtica e sistema educacional nos aspectos institucionais, estruturais, funcionais e legais, al\u00e9m de opinarem acerca de projetos da rede municipal de ensino, programas e pol\u00edticas p\u00fablicas que tratem do ambiente escolar, dos professores e estudantes, bem como servidores da rede de ensino, servi\u00e7os, equipamentos e programas educacionais.<\/p>\n<p>As delibera\u00e7\u00f5es s\u00e3o registradas em ata.<\/p>\n<hr>\n<p><em>Fonte: <a href=\"https:\/\/www.limeira.sp.leg.br\/noticias\/view\/2026-04-22_comissao-de-educacao-recebe-demanda-sobre-enquadramento-previdenciario\" target=\"_blank\" rel=\"noopener\">C\u00e2mara Municipal de Limeira<\/a><\/em><\/p>\n","protected":false},"excerpt":{"rendered":"<p>Comiss\u00e3o de Educa\u00e7\u00e3o recebe demanda sobre enquadramento previdenci\u00e1rio<\/p>\n<p>A Comiss\u00e3o de Educa\u00e7\u00e3o e Ci\u00eancias da C\u00e2mara de Limeira recebeu um grupo representado por pessoas dos cargos de diretor, vice-diretor, coordenador e supervisor de escolas municipais na reuni\u00e3o desta quarta-feira, 22 de abril. O t<\/p>\n","protected":false},"author":4,"featured_media":62449,"comment_status":"","ping_status":"open","sticky":false,"template":"","format":"standard","meta":{"_jetpack_newsletter_access":"","_jetpack_dont_email_post_to_subs":false,"_jetpack_newsletter_tier_id":0,"_jetpack_memberships_contains_paywalled_content":false,"_mbp_banners":[],"_jetpack_feature_clip_id":0,"_jetpack_memberships_contains_paid_content":false,"footnotes":"","jetpack_publicize_message":"","jetpack_publicize_feature_enabled":true,"jetpack_social_post_already_shared":true,"jetpack_social_options":{"image_generator_settings":{"template":"highway","default_image_id":0,"font":"","enabled":false},"version":2},"jetpack_post_was_ever_published":false},"categories":[19],"tags":[],"class_list":["post-62450","post","type-post","status-publish","format-standard","has-post-thumbnail","category-politica"],"jetpack_publicize_connections":[],"jetpack-related-posts":[],"jetpack_shortlink":"https:\/\/wp.me\/p7Eq1F-gfg","jetpack_sharing_enabled":true,"jetpack_featured_media_url":"https:\/\/i0.wp.com\/guialimeira.com.br\/news\/wp-content\/uploads\/2026\/04\/noticia-camara-105.jpg?fit=1280%2C640&ssl=1","_links":{"self":[{"href":"https:\/\/guialimeira.com.br\/news\/wp-json\/wp\/v2\/posts\/62450","targetHints":{"allow":["GET"]}}],"collection":[{"href":"https:\/\/guialimeira.com.br\/news\/wp-json\/wp\/v2\/posts"}],"about":[{"href":"https:\/\/guialimeira.com.br\/news\/wp-json\/wp\/v2\/types\/post"}],"author":[{"embeddable":true,"href":"https:\/\/guialimeira.com.br\/news\/wp-json\/wp\/v2\/users\/4"}],"replies":[{"embeddable":true,"href":"https:\/\/guialimeira.com.br\/news\/wp-json\/wp\/v2\/comments?post=62450"}],"version-history":[{"count":0,"href":"https:\/\/guialimeira.com.br\/news\/wp-json\/wp\/v2\/posts\/62450\/revisions"}],"wp:featuredmedia":[{"embeddable":true,"href":"https:\/\/guialimeira.com.br\/news\/wp-json\/wp\/v2\/media\/62449"}],"wp:attachment":[{"href":"https:\/\/guialimeira.com.br\/news\/wp-json\/wp\/v2\/media?parent=62450"}],"wp:term":[{"taxonomy":"category","embeddable":true,"href":"https:\/\/guialimeira.com.br\/news\/wp-json\/wp\/v2\/categories?post=62450"},{"taxonomy":"post_tag","embeddable":true,"href":"https:\/\/guialimeira.com.br\/news\/wp-json\/wp\/v2\/tags?post=62450"}],"curies":[{"name":"wp","href":"https:\/\/api.w.org\/{rel}","templated":true}]}}