{"id":624,"date":"2024-04-01T09:00:42","date_gmt":"2024-04-01T12:00:42","guid":{"rendered":"https:\/\/guialimeira.com.br\/2024\/04\/01\/forca-nacional-continuara-apoiando-ibama-na-amazonia-legal\/"},"modified":"2024-04-01T09:00:42","modified_gmt":"2024-04-01T12:00:42","slug":"forca-nacional-continuara-apoiando-ibama-na-amazonia-legal","status":"publish","type":"post","link":"https:\/\/guialimeira.com.br\/news\/forca-nacional-continuara-apoiando-ibama-na-amazonia-legal\/","title":{"rendered":"For\u00e7a Nacional continuar\u00e1 apoiando Ibama na Amaz\u00f4nia Legal"},"content":{"rendered":"<p> <br \/>\n<\/p>\n<div>\n<p>O Minist\u00e9rio da Justi\u00e7a e Seguran\u00e7a P\u00fablica prorrogou, at\u00e9 31 de dezembro de 2024, o emprego da For\u00e7a Nacional de Seguran\u00e7a P\u00fablica (FNSP) nas a\u00e7\u00f5es de fiscaliza\u00e7\u00e3o e repress\u00e3o ao desmatamento ilegal e outros crimes ambientais na Amaz\u00f4nia Legal. A medida foi publicada nesta segunda-feira (1\u00ba), no <a href=\"https:\/\/www.in.gov.br\/web\/dou\/-\/portaria-mjsp-n-642-de-28-de-marco-de-2024-550936957\" target=\"_blank\" rel=\"noopener\"><em>Di\u00e1rio Oficial da Uni\u00e3o<\/em><\/a>\u00a0e tem validade de 275 dias.<img data-recalc-dims=\"1\" decoding=\"async\" src=\"https:\/\/i0.wp.com\/agenciabrasil.ebc.com.br\/ebc.png?w=696&#038;ssl=1\" style=\"width:1px; height:1px; display:inline;\"\/><img data-recalc-dims=\"1\" decoding=\"async\" src=\"https:\/\/i0.wp.com\/agenciabrasil.ebc.com.br\/ebc.gif?w=696&#038;ssl=1\" style=\"width:1px; height:1px; display:inline;\"\/><\/p>\n<p>Os agentes permanecer\u00e3o na regi\u00e3o prestando apoio ao Instituto Brasileiro do Meio Ambiente e dos Recursos Naturais Renov\u00e1veis (Ibama), inclusive nas a\u00e7\u00f5es de combate aos inc\u00eandios florestais e queimadas. A intensifica\u00e7\u00e3o do monitoramento e controle ambiental \u00e9 um dos 12 eixos previstos no Plano de A\u00e7\u00e3o para Preven\u00e7\u00e3o e Controle do Desmatamento na Amaz\u00f4nia Legal (PPCDAm), que foi atualizado, est\u00e1 em sua 5\u00aa fase, ap\u00f3s a retomada das pol\u00edticas ambientais em 2023, e estabeleceu a meta de desmatamento zero at\u00e9 2030.<\/p>\n<p>Por medida de seguran\u00e7a, a diretoria da For\u00e7a Nacional de Seguran\u00e7a P\u00fablica n\u00e3o divulga o contingente disponibilizado para atuar nas a\u00e7\u00f5es, mas\u00a0cada opera\u00e7\u00e3o\u00a0segue um planejamento e recebe o apoio log\u00edstico do pr\u00f3prio Ibama na regi\u00e3o.<\/p>\n<h2>Rio de Janeiro<\/h2>\n<p>A FNSP tamb\u00e9m foi autorizada a permanecer atuando no estado do Rio de Janeiro por mais 30 dias, \u201cnos servi\u00e7os imprescind\u00edveis \u00e0 preserva\u00e7\u00e3o da ordem p\u00fablica e da incolumidade das pessoas e do patrim\u00f4nio, em car\u00e1ter epis\u00f3dico e planejado\u201d, conforme portaria tamb\u00e9m publicada no <em><a href=\"https:\/\/www.in.gov.br\/en\/web\/dou\/-\/portaria-mjsp-n-644-de-28-de-marco-de-2024-550912803\" target=\"_blank\" rel=\"noopener\">Di\u00e1rio Oficial da Uni\u00e3o<\/a>.<\/em><\/p>\n<p>A <a href=\"https:\/\/agenciabrasil.ebc.com.br\/geral\/noticia\/2024-03\/rio-pede-prorrogacao-da-presenca-da-forca-nacional-de-seguranca\" target=\"_blank\" rel=\"noopener\">prorroga\u00e7\u00e3o<\/a> j\u00e1 havia sido solicitada pelo governador do Rio de Janeiro, Cl\u00e1udio Castro, no \u00faltimo dia 28 de mar\u00e7o. Com a confirma\u00e7\u00e3o, os agentes permanecer\u00e3o apoiando as for\u00e7as de seguran\u00e7a locais nas opera\u00e7\u00f5es de patrulhamento das rodovias federais.<\/p>\n<\/p><\/div>\n<p><br \/>\n<br \/><a href=\"https:\/\/agenciabrasil.ebc.com.br\/justica\/noticia\/2024-04\/forca-nacional-continuara-apoiando-ibama-na-amazonia-legal\" rel=\"noopener\">Ag\u00eancia Brasil<\/a><\/p>\n","protected":false},"excerpt":{"rendered":"<p>O Minist\u00e9rio da Justi\u00e7a e Seguran\u00e7a P\u00fablica prorrogou, at\u00e9 31 de dezembro de 2024, o emprego da For\u00e7a Nacional de Seguran\u00e7a P\u00fablica (FNSP) nas a\u00e7\u00f5es de fiscaliza\u00e7\u00e3o e repress\u00e3o ao desmatamento ilegal e outros crimes ambientais na Amaz\u00f4nia Legal. A medida foi publicada nesta segunda-feira (1\u00ba), no Di\u00e1rio Oficial da Uni\u00e3o\u00a0e tem validade de 275 [&hellip;]<\/p>\n","protected":false},"author":1,"featured_media":625,"comment_status":"open","ping_status":"open","sticky":false,"template":"","format":"standard","meta":{"_jetpack_newsletter_access":"","_jetpack_dont_email_post_to_subs":false,"_jetpack_newsletter_tier_id":0,"_jetpack_memberships_contains_paywalled_content":false,"_mbp_banners":[],"_jetpack_feature_clip_id":0,"_jetpack_memberships_contains_paid_content":false,"footnotes":"","jetpack_publicize_message":"","jetpack_publicize_feature_enabled":true,"jetpack_social_post_already_shared":true,"jetpack_social_options":{"image_generator_settings":{"template":"highway","default_image_id":0,"font":"","enabled":false},"version":2},"jetpack_post_was_ever_published":false},"categories":[22],"tags":[],"class_list":["post-624","post","type-post","status-publish","format-standard","has-post-thumbnail","category-nacional"],"jetpack_publicize_connections":[],"jetpack-related-posts":[],"jetpack_shortlink":"https:\/\/wp.me\/p7Eq1F-a4","jetpack_sharing_enabled":true,"jetpack_featured_media_url":"https:\/\/i0.wp.com\/guialimeira.com.br\/news\/wp-content\/uploads\/2024\/04\/53542032608_f4d2d11900_o.jpg?fit=1600%2C800&ssl=1","_links":{"self":[{"href":"https:\/\/guialimeira.com.br\/news\/wp-json\/wp\/v2\/posts\/624","targetHints":{"allow":["GET"]}}],"collection":[{"href":"https:\/\/guialimeira.com.br\/news\/wp-json\/wp\/v2\/posts"}],"about":[{"href":"https:\/\/guialimeira.com.br\/news\/wp-json\/wp\/v2\/types\/post"}],"author":[{"embeddable":true,"href":"https:\/\/guialimeira.com.br\/news\/wp-json\/wp\/v2\/users\/1"}],"replies":[{"embeddable":true,"href":"https:\/\/guialimeira.com.br\/news\/wp-json\/wp\/v2\/comments?post=624"}],"version-history":[{"count":0,"href":"https:\/\/guialimeira.com.br\/news\/wp-json\/wp\/v2\/posts\/624\/revisions"}],"wp:featuredmedia":[{"embeddable":true,"href":"https:\/\/guialimeira.com.br\/news\/wp-json\/wp\/v2\/media\/625"}],"wp:attachment":[{"href":"https:\/\/guialimeira.com.br\/news\/wp-json\/wp\/v2\/media?parent=624"}],"wp:term":[{"taxonomy":"category","embeddable":true,"href":"https:\/\/guialimeira.com.br\/news\/wp-json\/wp\/v2\/categories?post=624"},{"taxonomy":"post_tag","embeddable":true,"href":"https:\/\/guialimeira.com.br\/news\/wp-json\/wp\/v2\/tags?post=624"}],"curies":[{"name":"wp","href":"https:\/\/api.w.org\/{rel}","templated":true}]}}