{"id":6239,"date":"2024-05-24T09:34:43","date_gmt":"2024-05-24T12:34:43","guid":{"rendered":"https:\/\/guialimeira.com.br\/2024\/05\/24\/em-roda-de-conversa-mariana-calsa-dialoga-com-familias-atipicas-da-alamm\/"},"modified":"2024-05-24T09:34:43","modified_gmt":"2024-05-24T12:34:43","slug":"em-roda-de-conversa-mariana-calsa-dialoga-com-familias-atipicas-da-alamm","status":"publish","type":"post","link":"https:\/\/guialimeira.com.br\/news\/em-roda-de-conversa-mariana-calsa-dialoga-com-familias-atipicas-da-alamm\/","title":{"rendered":"Em roda de conversa, Mariana Calsa dialoga com fam\u00edlias at\u00edpicas da ALAMM"},"content":{"rendered":"<p> <br \/>\n<\/p>\n<div>\n<p>O primeiro encontro do projeto \u201cCuidar Juntos: Apoio aos Respons\u00e1veis de Pessoas com TEA\u201d, desenvolvido pela vereadora Mariana Calsa (MDB), aconteceu nesta quarta-feira, dia 22 de maio, na Associa\u00e7\u00e3o Limeirense de Autismo Mundo Melhor (ALAMM). O evento teve a participa\u00e7\u00e3o de Eliane Prazeres, pedagoga, psic\u00f3loga educacional e m\u00e3e at\u00edpica, que compartilhou sua trajet\u00f3ria com familiares de pessoas com autismo.<\/p>\n<p>\u00a0A vereadora \u00e9 autora da <a href=\"http:\/\/siave.limeira.sp.leg.br\/Normas\/Exibir\/291225\" rel=\"noopener\">Lei N\u00ba 6797\/2022<\/a> que cria grupos de apoio \u00e0s m\u00e3es e pais de autistas, e segundo ela, a\u00e7\u00f5es como estas s\u00e3o essenciais para a troca de experi\u00eancia e acolhimento das fam\u00edlias.<\/p>\n<p>\u00a0\u201cFicamos muito felizes com a participa\u00e7\u00e3o da popula\u00e7\u00e3o neste evento, pudemos ter mais conhecimento sobre as demandas delas, e essa aproxima\u00e7\u00e3o \u00e9 fundamental para buscarmos pol\u00edticas p\u00fablicas efetivas, que fa\u00e7am a diferen\u00e7a na vida das pessoas\u201d, refor\u00e7ou a parlamentar.\u00a0<\/p>\n<p>\u00a0De acordo com Mariana, a a\u00e7\u00e3o foi realizada em maio em alus\u00e3o ao m\u00eas das m\u00e3es. \u201cMuitas vezes, o cuidado e a aten\u00e7\u00e3o das mulheres \u00e9 voltado somente para os filhos, e o compromisso com si mesma e sua sa\u00fade \u00e9 deixado de lado. A roda de conversa teve como objetivo tamb\u00e9m refor\u00e7ar essa necessidade de olhar para dentro\u201d, disse.<\/p>\n<p>\u00a0<\/p>\n<p><i>Do Gabinete Parlamentar \u2013 Vereadora Mariana Calsa (MDB)<\/i><\/p>\n<p><i>*Fotos do Gabinete parlamentar<\/i><\/p>\n<p><strong>As mat\u00e9rias de origem dos Gabinetes Parlamentares s\u00e3o de inteira\u00a0 responsabilidade dos parlamentares e de suas assessorias. S\u00e3o devidamente assinadas e n\u00e3o refletem, necessariamente, a opini\u00e3o institucional da C\u00e2mara Municipal de Limeira.<\/strong><\/p>\n<\/p><\/div>\n<p><br \/>\n<br \/><a href=\"https:\/\/www.limeira.sp.leg.br\/noticias\/view\/2024-05-24_em-roda-de-conversa-mariana-calsa-dialoga-com-familias-atipicas-da-alamm\" rel=\"noopener\">Informa\u00e7\u00f5es CML<\/a><\/p>\n","protected":false},"excerpt":{"rendered":"<p>O primeiro encontro do projeto \u201cCuidar Juntos: Apoio aos Respons\u00e1veis de Pessoas com TEA\u201d, desenvolvido pela vereadora Mariana Calsa (MDB), aconteceu nesta quarta-feira, dia 22 de maio, na Associa\u00e7\u00e3o Limeirense de Autismo Mundo Melhor (ALAMM). O evento teve a participa\u00e7\u00e3o de Eliane Prazeres, pedagoga, psic\u00f3loga educacional e m\u00e3e at\u00edpica, que compartilhou sua trajet\u00f3ria com familiares [&hellip;]<\/p>\n","protected":false},"author":1,"featured_media":0,"comment_status":"open","ping_status":"open","sticky":false,"template":"","format":"standard","meta":{"_jetpack_newsletter_access":"","_jetpack_dont_email_post_to_subs":false,"_jetpack_newsletter_tier_id":0,"_jetpack_memberships_contains_paywalled_content":false,"_mbp_banners":[],"_jetpack_feature_clip_id":0,"_jetpack_memberships_contains_paid_content":false,"footnotes":"","jetpack_publicize_message":"","jetpack_publicize_feature_enabled":true,"jetpack_social_post_already_shared":true,"jetpack_social_options":{"image_generator_settings":{"template":"highway","default_image_id":0,"font":"","enabled":false},"version":2},"jetpack_post_was_ever_published":false},"categories":[19],"tags":[],"class_list":["post-6239","post","type-post","status-publish","format-standard","category-politica"],"jetpack_publicize_connections":[],"jetpack-related-posts":[],"jetpack_shortlink":"https:\/\/wp.me\/p7Eq1F-1CD","jetpack_sharing_enabled":true,"jetpack_featured_media_url":"","_links":{"self":[{"href":"https:\/\/guialimeira.com.br\/news\/wp-json\/wp\/v2\/posts\/6239","targetHints":{"allow":["GET"]}}],"collection":[{"href":"https:\/\/guialimeira.com.br\/news\/wp-json\/wp\/v2\/posts"}],"about":[{"href":"https:\/\/guialimeira.com.br\/news\/wp-json\/wp\/v2\/types\/post"}],"author":[{"embeddable":true,"href":"https:\/\/guialimeira.com.br\/news\/wp-json\/wp\/v2\/users\/1"}],"replies":[{"embeddable":true,"href":"https:\/\/guialimeira.com.br\/news\/wp-json\/wp\/v2\/comments?post=6239"}],"version-history":[{"count":0,"href":"https:\/\/guialimeira.com.br\/news\/wp-json\/wp\/v2\/posts\/6239\/revisions"}],"wp:attachment":[{"href":"https:\/\/guialimeira.com.br\/news\/wp-json\/wp\/v2\/media?parent=6239"}],"wp:term":[{"taxonomy":"category","embeddable":true,"href":"https:\/\/guialimeira.com.br\/news\/wp-json\/wp\/v2\/categories?post=6239"},{"taxonomy":"post_tag","embeddable":true,"href":"https:\/\/guialimeira.com.br\/news\/wp-json\/wp\/v2\/tags?post=6239"}],"curies":[{"name":"wp","href":"https:\/\/api.w.org\/{rel}","templated":true}]}}