{"id":6212,"date":"2024-05-23T23:34:28","date_gmt":"2024-05-24T02:34:28","guid":{"rendered":"https:\/\/guialimeira.com.br\/2024\/05\/23\/governo-federal-libera-mais-r-18-bilhao-para-acoes-de-apoio-ao-rs\/"},"modified":"2024-05-23T23:34:28","modified_gmt":"2024-05-24T02:34:28","slug":"governo-federal-libera-mais-r-18-bilhao-para-acoes-de-apoio-ao-rs","status":"publish","type":"post","link":"https:\/\/guialimeira.com.br\/news\/governo-federal-libera-mais-r-18-bilhao-para-acoes-de-apoio-ao-rs\/","title":{"rendered":"Governo federal libera mais R$ 1,8 bilh\u00e3o para a\u00e7\u00f5es de apoio ao RS"},"content":{"rendered":"<p> <br \/>\n<\/p>\n<div>\n<p>O governo federal liberou mais R$ 1,8 bilh\u00e3o para a\u00e7\u00f5es de reconstru\u00e7\u00e3o no Rio Grande do Sul. A autoriza\u00e7\u00e3o do cr\u00e9dito extraordin\u00e1rio foi feita\u00a0por meio da edi\u00e7\u00e3o da <a href=\"https:\/\/www.in.gov.br\/web\/dou\/-\/medida-provisoria-n-1.223-de-23-de-maio-de-2024-561511672\" target=\"_blank\" rel=\"noopener\">Medida Provis\u00f3ria 1.223\/2024<\/a>, publicada na noite desta quinta-feira (23).<img data-recalc-dims=\"1\" decoding=\"async\" src=\"https:\/\/i0.wp.com\/agenciabrasil.ebc.com.br\/ebc.png?w=696&#038;ssl=1\" style=\"width:1px; height:1px; display:inline;\"\/><img data-recalc-dims=\"1\" decoding=\"async\" src=\"https:\/\/i0.wp.com\/agenciabrasil.ebc.com.br\/ebc.gif?w=696&#038;ssl=1\" style=\"width:1px; height:1px; display:inline;\"\/><\/p>\n<p>A MP entra em vigor imediatamente, mas precisa ser aprovada pelo Congresso Nacional para n\u00e3o perder a validade.<\/p>\n<p>A maior parte do montante ir\u00e1 para a\u00e7\u00f5es da Defesa Civil e o<a href=\"https:\/\/agenciabrasil.ebc.com.br\/geral\/noticia\/2024-05\/auxilio-reconstrucao-governo-lanca-site-para-cadastro-das-familias\" target=\"_blank\" rel=\"noopener\"> Aux\u00edlio Reconstru\u00e7\u00e3o<\/a>, somando mais de R$ 1,4 bilh\u00e3o. Os recursos autorizados hoje poder\u00e3o tamb\u00e9m ser\u00a0usados\u00a0para volta das atividades de universidades e institutos federais, assist\u00eancia jur\u00eddica gratuita, servi\u00e7os de conectividade, fiscaliza\u00e7\u00e3o ambiental, aquisi\u00e7\u00e3o de equipamentos para conselhos tutelares e atua\u00e7\u00e3o das pol\u00edcias Federal, Rodovi\u00e1ria Federal e da For\u00e7a Nacional de Seguran\u00e7a P\u00fablica.\u00a0<\/p>\n<p>No \u00faltimo dia 11, o governo federal j\u00e1 havia destinado R$ 12,1 bilh\u00f5es, tamb\u00e9m por MP, para o estado, como abrigos, reposi\u00e7\u00e3o de medicamentos e recupera\u00e7\u00e3o de rodovias.\u00a0<\/p>\n<p><strong>&gt;&gt; Veja como ser\u00e1 distribui\u00e7\u00e3o\u00a0do cr\u00e9dito extraordin\u00e1rio de R$ 1,8 bilh\u00e3o:<\/strong><\/p>\n<p>&#8211; Retomada de atividades das universidades e institutos federais (R$ 22.626.909)<\/p>\n<p>&#8211; Fortalecimento da assist\u00eancia jur\u00eddica integral e gratuita (R$ 13.831.693)<\/p>\n<p>&#8211; Suporte aos servi\u00e7os de emerg\u00eancia e conectividade (R$ 27.861.384)<\/p>\n<p>&#8211; A\u00e7\u00f5es de fiscaliza\u00e7\u00e3o e emerg\u00eancia ambiental (R$ 26.000.000)<\/p>\n<p>&#8211; Aquisi\u00e7\u00e3o de equipamentos para Conselhos Tutelares (R$ 1.000.000)<\/p>\n<p>&#8211; A\u00e7\u00f5es da Defesa Civil (R$ 269.710.000)<\/p>\n<p>&#8211; Aux\u00edlio Reconstru\u00e7\u00e3o (R$ 1.226.115.000)<\/p>\n<p>&#8211; A\u00e7\u00f5es integradas das Pol\u00edcias Federal, Rodovi\u00e1ria Federal e da For\u00e7a Nacional de Seguran\u00e7a P\u00fablica (R$ 51.260.970).<\/p>\n<p>De acordo com o ministro da Casa Civil, Rui Costa, o cr\u00e9dito visa atender\u00a0&#8220;a diversas despesas relativas ao combate \u00e0s consequ\u00eancias derivadas da trag\u00e9dia clim\u00e1tica que atingiu o Rio Grande do Sul, tanto no aspecto de defesa civil e log\u00edstica, como tamb\u00e9m o enfrentamento das consequ\u00eancias sociais e econ\u00f4micas que prejudicam toda a popula\u00e7\u00e3o e os entes governamentais\u201d.<\/p>\n<p>No total, j\u00e1 foram\u00a0destinados\u00a0R$ 62,5 bilh\u00f5es ao estado, arrasado pelas chuvas, conforme a Presid\u00eancia da Rep\u00fablica.<\/p>\n<\/p><\/div>\n<p><br \/>\n<br \/><a href=\"https:\/\/agenciabrasil.ebc.com.br\/economia\/noticia\/2024-05\/governo-federal-libera-mais-r-18-bilhao-para-acoes-de-apoio-ao-rs\" rel=\"noopener\">Ag\u00eancia Brasil<\/a><\/p>\n","protected":false},"excerpt":{"rendered":"<p>O governo federal liberou mais R$ 1,8 bilh\u00e3o para a\u00e7\u00f5es de reconstru\u00e7\u00e3o no Rio Grande do Sul. A autoriza\u00e7\u00e3o do cr\u00e9dito extraordin\u00e1rio foi feita\u00a0por meio da edi\u00e7\u00e3o da Medida Provis\u00f3ria 1.223\/2024, publicada na noite desta quinta-feira (23). A MP entra em vigor imediatamente, mas precisa ser aprovada pelo Congresso Nacional para n\u00e3o perder a validade. [&hellip;]<\/p>\n","protected":false},"author":1,"featured_media":6213,"comment_status":"open","ping_status":"open","sticky":false,"template":"","format":"standard","meta":{"_jetpack_newsletter_access":"","_jetpack_dont_email_post_to_subs":false,"_jetpack_newsletter_tier_id":0,"_jetpack_memberships_contains_paywalled_content":false,"_mbp_banners":[],"_jetpack_feature_clip_id":0,"_jetpack_memberships_contains_paid_content":false,"footnotes":"","jetpack_publicize_message":"","jetpack_publicize_feature_enabled":true,"jetpack_social_post_already_shared":true,"jetpack_social_options":{"image_generator_settings":{"template":"highway","default_image_id":0,"font":"","enabled":false},"version":2},"jetpack_post_was_ever_published":false},"categories":[24],"tags":[],"class_list":["post-6212","post","type-post","status-publish","format-standard","has-post-thumbnail","category-economia"],"jetpack_publicize_connections":[],"jetpack-related-posts":[],"jetpack_shortlink":"https:\/\/wp.me\/p7Eq1F-1Cc","jetpack_sharing_enabled":true,"jetpack_featured_media_url":"https:\/\/i0.wp.com\/guialimeira.com.br\/news\/wp-content\/uploads\/2024\/05\/img_2976.jpg?fit=1600%2C800&ssl=1","_links":{"self":[{"href":"https:\/\/guialimeira.com.br\/news\/wp-json\/wp\/v2\/posts\/6212","targetHints":{"allow":["GET"]}}],"collection":[{"href":"https:\/\/guialimeira.com.br\/news\/wp-json\/wp\/v2\/posts"}],"about":[{"href":"https:\/\/guialimeira.com.br\/news\/wp-json\/wp\/v2\/types\/post"}],"author":[{"embeddable":true,"href":"https:\/\/guialimeira.com.br\/news\/wp-json\/wp\/v2\/users\/1"}],"replies":[{"embeddable":true,"href":"https:\/\/guialimeira.com.br\/news\/wp-json\/wp\/v2\/comments?post=6212"}],"version-history":[{"count":0,"href":"https:\/\/guialimeira.com.br\/news\/wp-json\/wp\/v2\/posts\/6212\/revisions"}],"wp:featuredmedia":[{"embeddable":true,"href":"https:\/\/guialimeira.com.br\/news\/wp-json\/wp\/v2\/media\/6213"}],"wp:attachment":[{"href":"https:\/\/guialimeira.com.br\/news\/wp-json\/wp\/v2\/media?parent=6212"}],"wp:term":[{"taxonomy":"category","embeddable":true,"href":"https:\/\/guialimeira.com.br\/news\/wp-json\/wp\/v2\/categories?post=6212"},{"taxonomy":"post_tag","embeddable":true,"href":"https:\/\/guialimeira.com.br\/news\/wp-json\/wp\/v2\/tags?post=6212"}],"curies":[{"name":"wp","href":"https:\/\/api.w.org\/{rel}","templated":true}]}}