{"id":6206,"date":"2024-05-23T22:36:09","date_gmt":"2024-05-24T01:36:09","guid":{"rendered":"https:\/\/guialimeira.com.br\/2024\/05\/23\/sabor-da-colheita-celebra-a-importancia-do-cafe-para-o-estado-de-sp\/"},"modified":"2024-05-23T22:36:09","modified_gmt":"2024-05-24T01:36:09","slug":"sabor-da-colheita-celebra-a-importancia-do-cafe-para-o-estado-de-sp","status":"publish","type":"post","link":"https:\/\/guialimeira.com.br\/news\/sabor-da-colheita-celebra-a-importancia-do-cafe-para-o-estado-de-sp\/","title":{"rendered":"Sabor da Colheita celebra a import\u00e2ncia do caf\u00e9 para o estado de SP"},"content":{"rendered":"<p> <br \/>\n<\/p>\n<div id=\"\">&#13;<br \/>\n                                <!-- Title -->&#13;<br \/>\n                                &#13;<br \/>\n&#13;<br \/>\n                                <!-- Excerpt -->&#13;<\/p>\n<p class=\"excerpt\">Evento ocorre no maior cafezal urbano do mundo, na sede do Instituto Biol\u00f3gico, na Vila Mariana, zona sul da capital<\/p>\n<p>&#13;<br \/>\n&#13;<br \/>\n                                &#13;\n                            <\/p><\/div>\n<div id=\"\">&#13;<\/p>\n<figure id=\"attachment_5889451\" style=\"width: 100%;max-width: 1000px\" class=\"wp-caption alignnone\"><img data-recalc-dims=\"1\" decoding=\"async\" loading=\"lazy\" class=\"wp-image-5889451 size-full\" src=\"https:\/\/i0.wp.com\/www.saopaulo.sp.gov.br\/wp-content\/uploads\/2024\/05\/iB.jpg?resize=696%2C464&#038;ssl=1\" alt=\"Instituto Biol\u00f3gico \" width=\"696\" height=\"464\" srcset=\"https:\/\/www.saopaulo.sp.gov.br\/wp-content\/uploads\/2024\/05\/iB.jpg 1000w, https:\/\/www.saopaulo.sp.gov.br\/wp-content\/uploads\/2024\/05\/iB-300x200.jpg 300w, https:\/\/www.saopaulo.sp.gov.br\/wp-content\/uploads\/2024\/05\/iB-768x511.jpg 768w\" sizes=\"auto, (max-width: 1000px) 100vw, 1000px\"\/><figcaption class=\"wp-caption-text\">Instituto Biol\u00f3gico (IB-Apta), na capital paulista, abre suas portas para o lan\u00e7amento do Concurso Estadual \u201cQualidade do Caf\u00e9 de S\u00e3o Paulo\u201d<\/figcaption><\/figure>\n<p>O Instituto Biol\u00f3gico (IB), \u00f3rg\u00e3o ligado \u00e0 Secretaria da Agricultura e Abastecimento do Estado de SP, realiza neste s\u00e1bado (25) a 17\u00aa edi\u00e7\u00e3o do Sabor da Colheita. O evento ocorre em meio aos n\u00fameros positivos do setor. Nos primeiros quatro meses deste ano, as exporta\u00e7\u00f5es paulistas de caf\u00e9 subiram 20,4%, e o evento \u00e9 realizado para marcar o in\u00edcio da colheita de 2024 em clima de otimismo para o setor.<\/p>\n<p>A festa ocorre no <a href=\"https:\/\/www.saopaulo.sp.gov.br\/spnoticias\/maior-cafezal-urbano-do-mundo-leva-historia-e-educacao-ambiental-a-populacao\/\" rel=\"noopener\">maior cafezal urbano do mundo<\/a>, na sede do Instituto Biol\u00f3gico, na Vila Mariana, zona sul da capital. O evento \u00e9 uma celebra\u00e7\u00e3o da pasta a essa importante cultura de S\u00e3o Paulo e de todo o pa\u00eds.<\/p>\n<p><strong>LEIA TAMB\u00c9M<\/strong>:\u00a0<a href=\"https:\/\/www.saopaulo.sp.gov.br\/spnoticias\/maior-cafezal-urbano-do-mundo-leva-historia-e-educacao-ambiental-a-populacao\/\" rel=\"noopener\">Maior cafezal urbano do mundo leva hist\u00f3ria e educa\u00e7\u00e3o ambiental \u00e0 popula\u00e7\u00e3o<\/a><\/p>\n<p>Durante o 17\u00ba Sabor da Colheita, os participantes vivenciar\u00e3o o significado pr\u00e1tico da jornada de milhares de cafeicultores brasileiros. Para a colheita, os visitantes usar\u00e3o aparato necess\u00e1rio como chap\u00e9u, peneiras e balaios. Todo o processo ser\u00e1 orientado por especialistas para que seja feita a colheita seletiva, retirando com as m\u00e3os apenas os gr\u00e3os bem maduros.<\/p>\n<p>O p\u00fablico ter\u00e1 a oportunidade de vivenciar uma experi\u00eancia \u00fanica do trabalho que h\u00e1 d\u00e9cadas movimenta a economia paulista.<\/p>\n<p>Os frutos colhidos ser\u00e3o beneficiados e torrados. Os participantes poder\u00e3o tamb\u00e9m degustar um caf\u00e9, aprender mais sobre m\u00e9todos de preparo da bebida e conhecer diferentes tipos de caf\u00e9s oferecidos pela Nestl\u00e9 e produtores paulistas.<\/p>\n<p><strong>Maior cafezal urbano do mundo<\/strong><\/p>\n<figure id=\"attachment_5678459\" style=\"width: 100%;max-width: 1268px\" class=\"wp-caption alignnone\"><img data-recalc-dims=\"1\" decoding=\"async\" loading=\"lazy\" class=\"wp-image-5678459 size-full\" src=\"https:\/\/i0.wp.com\/www.saopaulo.sp.gov.br\/wp-content\/uploads\/2023\/05\/2023-05-19-09.58.47.jpg?resize=696%2C464&#038;ssl=1\" alt=\"\" width=\"696\" height=\"464\" srcset=\"https:\/\/www.saopaulo.sp.gov.br\/wp-content\/uploads\/2023\/05\/2023-05-19-09.58.47.jpg 1268w, https:\/\/www.saopaulo.sp.gov.br\/wp-content\/uploads\/2023\/05\/2023-05-19-09.58.47-300x200.jpg 300w, https:\/\/www.saopaulo.sp.gov.br\/wp-content\/uploads\/2023\/05\/2023-05-19-09.58.47-1024x683.jpg 1024w, https:\/\/www.saopaulo.sp.gov.br\/wp-content\/uploads\/2023\/05\/2023-05-19-09.58.47-768x512.jpg 768w\" sizes=\"auto, (max-width: 1268px) 100vw, 1268px\"\/><figcaption class=\"wp-caption-text\">O cafezal \u00e9 aberto ao p\u00fablico que deseja conhecer de perto uma planta\u00e7\u00e3o de caf\u00e9 e sua hist\u00f3ria<\/figcaption><\/figure>\n<p>O <a href=\"https:\/\/www.saopaulo.sp.gov.br\/spnoticias\/maior-cafezal-urbano-do-mundo-leva-historia-e-educacao-ambiental-a-populacao\/\" rel=\"noopener\">Instituto Biol\u00f3gico mant\u00e9m o maior cafezal urbano do mundo.<\/a> Ao todo, s\u00e3o 2.200 p\u00e9s de caf\u00e9, em uma \u00e1rea de 10 mil m\u00b2, localizada na sede do Instituto, na Vila Mariana, em S\u00e3o Paulo, a cinco minutos do Parque Ibirapuera. O cafezal \u00e9 composto por 6 variedades novas de caf\u00e9 plantadas e mais Catua\u00ed da d\u00e9cada de 80, desenvolvidas pelo Instituto Agron\u00f4mico (IAC), tamb\u00e9m vinculado \u00e0 Secretaria de Agricultura, e que est\u00e1 presente em 90% do parque cafeeiro brasileiro.<\/p>\n<p>A planta\u00e7\u00e3o de caf\u00e9 foi formada na d\u00e9cada de 1950 e tinha a fun\u00e7\u00e3o de servir como material de pesquisa para os t\u00e9cnicos do Instituto Biol\u00f3gico desenvolverem o controle de pragas agr\u00edcolas. Atualmente, a maior finalidade \u00e9 did\u00e1tica, hist\u00f3rica e cultural, destinando-se \u00e0 popula\u00e7\u00e3o que quer conhecer sua hist\u00f3ria e outras particularidades como demonstra\u00e7\u00e3o dos princ\u00edpios das boas pr\u00e1ticas agr\u00edcolas.<\/p>\n<\/p><\/div>\n<p><br \/>\n<br \/><a href=\"https:\/\/www.saopaulo.sp.gov.br\/spnoticias\/ultimas-noticias\/sabor-da-colheita-marca-o-inicio-simbolico-da-colheita-do-cafe-no-estado-de-sao-paulo\/\" rel=\"noopener\">Informa\u00e7\u00f5es GOV.SP<\/a><\/p>\n","protected":false},"excerpt":{"rendered":"<p>&#13; &#13; &#13; &#13; &#13; Evento ocorre no maior cafezal urbano do mundo, na sede do Instituto Biol\u00f3gico, na Vila Mariana, zona sul da capital &#13; &#13; &#13; &#13; Instituto Biol\u00f3gico (IB-Apta), na capital paulista, abre suas portas para o lan\u00e7amento do Concurso Estadual \u201cQualidade do Caf\u00e9 de S\u00e3o Paulo\u201d O Instituto Biol\u00f3gico (IB), \u00f3rg\u00e3o [&hellip;]<\/p>\n","protected":false},"author":1,"featured_media":6207,"comment_status":"open","ping_status":"open","sticky":false,"template":"","format":"standard","meta":{"_jetpack_newsletter_access":"","_jetpack_dont_email_post_to_subs":false,"_jetpack_newsletter_tier_id":0,"_jetpack_memberships_contains_paywalled_content":false,"_mbp_banners":[],"_jetpack_feature_clip_id":0,"_jetpack_memberships_contains_paid_content":false,"footnotes":"","jetpack_publicize_message":"","jetpack_publicize_feature_enabled":true,"jetpack_social_post_already_shared":true,"jetpack_social_options":{"image_generator_settings":{"template":"highway","default_image_id":0,"font":"","enabled":false},"version":2},"jetpack_post_was_ever_published":false},"categories":[21],"tags":[],"class_list":["post-6206","post","type-post","status-publish","format-standard","has-post-thumbnail","category-sp-news"],"jetpack_publicize_connections":[],"jetpack-related-posts":[],"jetpack_shortlink":"https:\/\/wp.me\/p7Eq1F-1C6","jetpack_sharing_enabled":true,"jetpack_featured_media_url":"https:\/\/i0.wp.com\/guialimeira.com.br\/news\/wp-content\/uploads\/2024\/05\/Sabor-da-Colheita-celebra-a-importancia-do-cafe-para-o.jpg?fit=1000%2C666&ssl=1","_links":{"self":[{"href":"https:\/\/guialimeira.com.br\/news\/wp-json\/wp\/v2\/posts\/6206","targetHints":{"allow":["GET"]}}],"collection":[{"href":"https:\/\/guialimeira.com.br\/news\/wp-json\/wp\/v2\/posts"}],"about":[{"href":"https:\/\/guialimeira.com.br\/news\/wp-json\/wp\/v2\/types\/post"}],"author":[{"embeddable":true,"href":"https:\/\/guialimeira.com.br\/news\/wp-json\/wp\/v2\/users\/1"}],"replies":[{"embeddable":true,"href":"https:\/\/guialimeira.com.br\/news\/wp-json\/wp\/v2\/comments?post=6206"}],"version-history":[{"count":0,"href":"https:\/\/guialimeira.com.br\/news\/wp-json\/wp\/v2\/posts\/6206\/revisions"}],"wp:featuredmedia":[{"embeddable":true,"href":"https:\/\/guialimeira.com.br\/news\/wp-json\/wp\/v2\/media\/6207"}],"wp:attachment":[{"href":"https:\/\/guialimeira.com.br\/news\/wp-json\/wp\/v2\/media?parent=6206"}],"wp:term":[{"taxonomy":"category","embeddable":true,"href":"https:\/\/guialimeira.com.br\/news\/wp-json\/wp\/v2\/categories?post=6206"},{"taxonomy":"post_tag","embeddable":true,"href":"https:\/\/guialimeira.com.br\/news\/wp-json\/wp\/v2\/tags?post=6206"}],"curies":[{"name":"wp","href":"https:\/\/api.w.org\/{rel}","templated":true}]}}