{"id":6203,"date":"2024-05-23T22:32:55","date_gmt":"2024-05-24T01:32:55","guid":{"rendered":"https:\/\/guialimeira.com.br\/2024\/05\/23\/cmn-antecipa-regra-para-estimular-bancos-a-emprestarem-ao-rs\/"},"modified":"2024-05-23T22:32:55","modified_gmt":"2024-05-24T01:32:55","slug":"cmn-antecipa-regra-para-estimular-bancos-a-emprestarem-ao-rs","status":"publish","type":"post","link":"https:\/\/guialimeira.com.br\/news\/cmn-antecipa-regra-para-estimular-bancos-a-emprestarem-ao-rs\/","title":{"rendered":"CMN antecipa regra para estimular bancos a emprestarem ao RS"},"content":{"rendered":"<p> <br \/>\n<\/p>\n<div>\n<p>As opera\u00e7\u00f5es de cr\u00e9dito ligadas aos programas federais para socorrer o Rio Grande do Sul ter\u00e3o regras mais flex\u00edveis. O Conselho Monet\u00e1rio Nacional (CMN) antecipou a aplica\u00e7\u00e3o de uma regra que entraria em vigor no pr\u00f3ximo ano para os empr\u00e9stimos ao estado com recursos federais.<img data-recalc-dims=\"1\" decoding=\"async\" src=\"https:\/\/i0.wp.com\/agenciabrasil.ebc.com.br\/ebc.png?w=696&#038;ssl=1\" style=\"width:1px; height:1px; display:inline;\"\/><img data-recalc-dims=\"1\" decoding=\"async\" src=\"https:\/\/i0.wp.com\/agenciabrasil.ebc.com.br\/ebc.gif?w=696&#038;ssl=1\" style=\"width:1px; height:1px; display:inline;\"\/><\/p>\n<p>Com a mudan\u00e7a, os bancos ter\u00e3o de fazer provis\u00f5es (reservas para cobrir eventuais calotes) apenas caso os atrasos sejam superiores a 90 dias no pagamento do principal da d\u00edvida ou dos juros. Mesmo nesses casos, as provis\u00f5es devem ser aplicadas nos n\u00edveis m\u00ednimos definidos pela regulamenta\u00e7\u00e3o.<\/p>\n<p>Originalmente com vig\u00eancia a partir de 1\u00ba de janeiro de 2025, a nova regra foi antecipada para as linhas de cr\u00e9dito com recursos da Uni\u00e3o destinadas ao Rio Grande do Sul. A mudan\u00e7a beneficia empr\u00e9stimos com recursos diretos da Uni\u00e3o, de bancos p\u00fablicos federais ou cobertos por fundos garantidores que cobrem eventuais calotes.<\/p>\n<p>Em nota, o Banco Central (BC) informou que, sem a mudan\u00e7a, o n\u00edvel m\u00ednimo de provis\u00e3o exigido nessas opera\u00e7\u00f5es desconsideraria a exist\u00eancia de garantias da Uni\u00e3o que cobrem eventuais inadimpl\u00eancias e reduzem o risco das linhas de cr\u00e9dito. Com um n\u00edvel de provisionamento mais baixo, a capacidade de emprestar das institui\u00e7\u00f5es financeiras n\u00e3o \u00e9 afetada.<\/p>\n<p>Pela regulamenta\u00e7\u00e3o original, \u00e9 responsabilidade da institui\u00e7\u00e3o financeira avaliar o risco de inadimpl\u00eancia em cada linha de cr\u00e9dito e constituir provis\u00e3o suficiente para cobrir as perdas esperadas associadas \u00e0 opera\u00e7\u00e3o. No caso de opera\u00e7\u00f5es com atraso superior a 90 dias, aplicam-se os valores m\u00ednimos de provis\u00e3o definidos na regulamenta\u00e7\u00e3o.<\/p>\n<p>A decis\u00e3o do CMN est\u00e1 baseada na <a href=\"https:\/\/www.planalto.gov.br\/CCIVIL_03\/_Ato2023-2026\/2024\/Mpv\/mpv1216.htm\" target=\"_blank\" rel=\"noopener\">Medida Provis\u00f3ria 1.216<\/a>, que define medidas econ\u00f4micas destinadas ao Rio Grande do Sul, e no decreto legislativo do Congresso Nacional que <a href=\"https:\/\/www2.camara.leg.br\/legin\/fed\/decleg\/2024\/decretolegislativo-36-7-maio-2024-795574-norma-pl.html\" target=\"_blank\" rel=\"noopener\">reconhece a situa\u00e7\u00e3o de calamidade p\u00fablica no estado<\/a>.<\/p>\n<\/p><\/div>\n<p><br \/>\n<br \/><a href=\"https:\/\/agenciabrasil.ebc.com.br\/economia\/noticia\/2024-05\/cmn-antecipa-regra-para-estimular-bancos-emprestarem-ao-rs\" rel=\"noopener\">Ag\u00eancia Brasil<\/a><\/p>\n","protected":false},"excerpt":{"rendered":"<p>As opera\u00e7\u00f5es de cr\u00e9dito ligadas aos programas federais para socorrer o Rio Grande do Sul ter\u00e3o regras mais flex\u00edveis. O Conselho Monet\u00e1rio Nacional (CMN) antecipou a aplica\u00e7\u00e3o de uma regra que entraria em vigor no pr\u00f3ximo ano para os empr\u00e9stimos ao estado com recursos federais. Com a mudan\u00e7a, os bancos ter\u00e3o de fazer provis\u00f5es (reservas [&hellip;]<\/p>\n","protected":false},"author":1,"featured_media":269,"comment_status":"open","ping_status":"open","sticky":false,"template":"","format":"standard","meta":{"_jetpack_newsletter_access":"","_jetpack_dont_email_post_to_subs":false,"_jetpack_newsletter_tier_id":0,"_jetpack_memberships_contains_paywalled_content":false,"_mbp_banners":[],"_jetpack_feature_clip_id":0,"_jetpack_memberships_contains_paid_content":false,"footnotes":"","jetpack_publicize_message":"","jetpack_publicize_feature_enabled":true,"jetpack_social_post_already_shared":true,"jetpack_social_options":{"image_generator_settings":{"template":"highway","default_image_id":0,"font":"","enabled":false},"version":2},"jetpack_post_was_ever_published":false},"categories":[24],"tags":[],"class_list":["post-6203","post","type-post","status-publish","format-standard","has-post-thumbnail","category-economia"],"jetpack_publicize_connections":[],"jetpack-related-posts":[],"jetpack_shortlink":"https:\/\/wp.me\/p7Eq1F-1C3","jetpack_sharing_enabled":true,"jetpack_featured_media_url":"https:\/\/i0.wp.com\/guialimeira.com.br\/news\/wp-content\/uploads\/2024\/03\/thumb_1200x600_agbrasil.png?fit=1200%2C600&ssl=1","_links":{"self":[{"href":"https:\/\/guialimeira.com.br\/news\/wp-json\/wp\/v2\/posts\/6203","targetHints":{"allow":["GET"]}}],"collection":[{"href":"https:\/\/guialimeira.com.br\/news\/wp-json\/wp\/v2\/posts"}],"about":[{"href":"https:\/\/guialimeira.com.br\/news\/wp-json\/wp\/v2\/types\/post"}],"author":[{"embeddable":true,"href":"https:\/\/guialimeira.com.br\/news\/wp-json\/wp\/v2\/users\/1"}],"replies":[{"embeddable":true,"href":"https:\/\/guialimeira.com.br\/news\/wp-json\/wp\/v2\/comments?post=6203"}],"version-history":[{"count":0,"href":"https:\/\/guialimeira.com.br\/news\/wp-json\/wp\/v2\/posts\/6203\/revisions"}],"wp:featuredmedia":[{"embeddable":true,"href":"https:\/\/guialimeira.com.br\/news\/wp-json\/wp\/v2\/media\/269"}],"wp:attachment":[{"href":"https:\/\/guialimeira.com.br\/news\/wp-json\/wp\/v2\/media?parent=6203"}],"wp:term":[{"taxonomy":"category","embeddable":true,"href":"https:\/\/guialimeira.com.br\/news\/wp-json\/wp\/v2\/categories?post=6203"},{"taxonomy":"post_tag","embeddable":true,"href":"https:\/\/guialimeira.com.br\/news\/wp-json\/wp\/v2\/tags?post=6203"}],"curies":[{"name":"wp","href":"https:\/\/api.w.org\/{rel}","templated":true}]}}