{"id":61950,"date":"2026-04-17T19:57:24","date_gmt":"2026-04-17T22:57:24","guid":{"rendered":"https:\/\/guialimeira.com.br\/?p=61950"},"modified":"2026-04-17T19:57:24","modified_gmt":"2026-04-17T22:57:24","slug":"agrotalk-show-aposta-na-forca-do-esporte-para-impulsionar-debates-estrategicos-do-agronegocio-em-ribeirao-preto","status":"publish","type":"post","link":"https:\/\/guialimeira.com.br\/news\/agrotalk-show-aposta-na-forca-do-esporte-para-impulsionar-debates-estrategicos-do-agronegocio-em-ribeirao-preto\/","title":{"rendered":"Agrotalk Show aposta na for\u00e7a do esporte para impulsionar debates estrat\u00e9gicos do agroneg\u00f3cio em Ribeir\u00e3o Preto"},"content":{"rendered":"\n<p class=\"wp-block-paragraph\"><strong>Ribeir\u00e3o Preto (SP) ser\u00e1 palco de um encontro in\u00e9dito que promete unir dois universos movidos por desempenho e estrat\u00e9gia: o esporte e o agroneg\u00f3cio. No dia 26 de abril, o Agrotalk Show chega ao FBF Collezione reunindo atletas consagrados e lideran\u00e7as do agro em uma experi\u00eancia exclusiva voltada \u00e0 troca de conhecimento e gera\u00e7\u00e3o de neg\u00f3cios.<\/strong><\/p>\n\n\n\n<p class=\"wp-block-paragraph\"><strong>Entre os destaques confirmados est\u00e3o o ex-jogador da Sele\u00e7\u00e3o Brasileira Felipe Melo, que disputou a Copa do Mundo de 2010, al\u00e9m dos pilotos da Stock Car \u00c1tila Abreu e Paulo Gomes. Vindos de cen\u00e1rios de alta competitividade, eles levar\u00e3o ao palco reflex\u00f5es sobre disciplina, consist\u00eancia e controle emocional \u2014 habilidades cada vez mais essenciais tamb\u00e9m no campo.<\/strong><\/p>\n\n\n\n<p class=\"wp-block-paragraph\"><strong>A proposta do evento \u00e9 mostrar que o agroneg\u00f3cio moderno vai muito al\u00e9m da produ\u00e7\u00e3o. Em um ambiente marcado por vari\u00e1veis como clima, mercado e tecnologia, o setor exige preparo constante e decis\u00f5es r\u00e1pidas, caracter\u00edsticas semelhantes \u00e0s enfrentadas por atletas de elite.<\/strong><\/p>\n\n\n\n<p class=\"wp-block-paragraph\"><strong>Idealizadora do projeto, a jornalista e empres\u00e1ria Aryane Garcia, CEO da AGX Estrat\u00e9gias, destaca que o momento \u00e9 oportuno para ampliar o olhar sobre o agro. \u201cEstamos falando de um setor que opera sob press\u00e3o di\u00e1ria e que precisa de estrat\u00e9gia, foco e resili\u00eancia \u2014 exatamente como no esporte. Essa conex\u00e3o \u00e9 mais real do que muitos imaginam\u201d, afirma.<\/strong><\/p>\n\n\n\n<p class=\"wp-block-paragraph\"><strong>Al\u00e9m do debate conceitual, o evento refor\u00e7a a import\u00e2ncia do agroneg\u00f3cio na base da cadeia esportiva. Afinal, \u00e9 do campo que v\u00eam os insumos que garantem energia e nutri\u00e7\u00e3o para atletas de alto rendimento. O Brasil, refer\u00eancia global no setor, tem papel decisivo nesse cen\u00e1rio, sendo um dos maiores produtores de alimentos do mundo e protagonista em diversas cadeias produtivas.<\/strong><\/p>\n\n\n\n<p class=\"wp-block-paragraph\"><strong>O Agrotalk Show tamb\u00e9m contar\u00e1 com a presen\u00e7a de nomes de peso, como o ex-ministro Adolfo Sachsida e a cientista Mari\u00e2ngela Hungria, reconhecida internacionalmente por suas contribui\u00e7\u00f5es \u00e0 agricultura sustent\u00e1vel.<\/strong><\/p>\n\n\n\n<p class=\"wp-block-paragraph\"><strong>Realizado no FBF Collezione \u2014 espa\u00e7o que abriga uma das mais importantes cole\u00e7\u00f5es de carros cl\u00e1ssicos do pa\u00eds \u2014, o evento aposta em uma atmosfera sofisticada e estrat\u00e9gica para conectar empres\u00e1rios, especialistas e formadores de opini\u00e3o.<\/strong><\/p>\n\n\n\n<p class=\"wp-block-paragraph\"><strong>A iniciativa faz parte do ecossistema Agrotalk, que inclui ainda os projetos Agrotalk Business e Agrotalk Mind, consolidando uma plataforma que vem ganhando destaque ao promover conex\u00f5es entre o agroneg\u00f3cio e diferentes setores da economia.<\/strong><\/p>\n\n\n\n<p class=\"wp-block-paragraph\"><strong>Sobre a Agrotalk Meeting<\/strong><\/p>\n\n\n\n<p class=\"wp-block-paragraph\"><strong>A Agrotalk Meeting \u00e9 uma plataforma dedicada a impulsionar discuss\u00f5es sobre o futuro do agroneg\u00f3cio no Brasil, promovendo a integra\u00e7\u00e3o com \u00e1reas como tecnologia, educa\u00e7\u00e3o e economia global, al\u00e9m de fomentar conte\u00fado e networking de alto n\u00edvel.<\/strong><\/p>\n\n\n\n<p class=\"wp-block-paragraph\"><strong>Sobre a AGX Estrat\u00e9gias<\/strong><\/p>\n\n\n\n<p class=\"wp-block-paragraph\"><strong>Sob lideran\u00e7a de Aryane Garcia, a AGX Estrat\u00e9gias atua na cria\u00e7\u00e3o de experi\u00eancias e projetos de marketing integrativo com alcance nacional e internacional, conectando marcas, lideran\u00e7as e oportunidades em diferentes setores.<\/strong><\/p>\n","protected":false},"excerpt":{"rendered":"<p>Ribeir\u00e3o Preto (SP) ser\u00e1 palco de um encontro in\u00e9dito que promete unir dois universos movidos por desempenho e estrat\u00e9gia: o esporte e o agroneg\u00f3cio. No dia 26 de abril, o Agrotalk Show chega ao FBF Collezione reunindo atletas consagrados e lideran\u00e7as do agro em uma experi\u00eancia exclusiva voltada \u00e0 troca de conhecimento e gera\u00e7\u00e3o de \u2026<\/p>\n","protected":false},"author":5,"featured_media":61949,"comment_status":"closed","ping_status":"open","sticky":false,"template":"","format":"standard","meta":{"_jetpack_newsletter_access":"","_jetpack_dont_email_post_to_subs":false,"_jetpack_newsletter_tier_id":0,"_jetpack_memberships_contains_paywalled_content":false,"_mbp_banners":[],"_jetpack_feature_clip_id":0,"_jetpack_memberships_contains_paid_content":false,"footnotes":"","jetpack_publicize_message":"","jetpack_publicize_feature_enabled":true,"jetpack_social_post_already_shared":true,"jetpack_social_options":{"image_generator_settings":{"template":"highway","default_image_id":0,"font":"","enabled":false},"version":2},"jetpack_post_was_ever_published":false},"categories":[1],"tags":[],"class_list":["post-61950","post","type-post","status-publish","format-standard","has-post-thumbnail","category-geral"],"jetpack_publicize_connections":[],"jetpack-related-posts":[],"jetpack_shortlink":"https:\/\/wp.me\/p7Eq1F-g7c","jetpack_sharing_enabled":true,"jetpack_featured_media_url":"https:\/\/i0.wp.com\/guialimeira.com.br\/news\/wp-content\/uploads\/2026\/04\/49db91e1-6d37-456d-a88c-da8150b628ca.jpeg?fit=1280%2C854&ssl=1","_links":{"self":[{"href":"https:\/\/guialimeira.com.br\/news\/wp-json\/wp\/v2\/posts\/61950","targetHints":{"allow":["GET"]}}],"collection":[{"href":"https:\/\/guialimeira.com.br\/news\/wp-json\/wp\/v2\/posts"}],"about":[{"href":"https:\/\/guialimeira.com.br\/news\/wp-json\/wp\/v2\/types\/post"}],"author":[{"embeddable":true,"href":"https:\/\/guialimeira.com.br\/news\/wp-json\/wp\/v2\/users\/5"}],"replies":[{"embeddable":true,"href":"https:\/\/guialimeira.com.br\/news\/wp-json\/wp\/v2\/comments?post=61950"}],"version-history":[{"count":1,"href":"https:\/\/guialimeira.com.br\/news\/wp-json\/wp\/v2\/posts\/61950\/revisions"}],"predecessor-version":[{"id":61951,"href":"https:\/\/guialimeira.com.br\/news\/wp-json\/wp\/v2\/posts\/61950\/revisions\/61951"}],"wp:featuredmedia":[{"embeddable":true,"href":"https:\/\/guialimeira.com.br\/news\/wp-json\/wp\/v2\/media\/61949"}],"wp:attachment":[{"href":"https:\/\/guialimeira.com.br\/news\/wp-json\/wp\/v2\/media?parent=61950"}],"wp:term":[{"taxonomy":"category","embeddable":true,"href":"https:\/\/guialimeira.com.br\/news\/wp-json\/wp\/v2\/categories?post=61950"},{"taxonomy":"post_tag","embeddable":true,"href":"https:\/\/guialimeira.com.br\/news\/wp-json\/wp\/v2\/tags?post=61950"}],"curies":[{"name":"wp","href":"https:\/\/api.w.org\/{rel}","templated":true}]}}