{"id":6191,"date":"2024-05-23T21:23:43","date_gmt":"2024-05-24T00:23:43","guid":{"rendered":"https:\/\/guialimeira.com.br\/2024\/05\/23\/sus-tera-r-887-milhoes-para-aumentar-acesso-a-cuidados-paliativos\/"},"modified":"2024-05-23T21:23:43","modified_gmt":"2024-05-24T00:23:43","slug":"sus-tera-r-887-milhoes-para-aumentar-acesso-a-cuidados-paliativos","status":"publish","type":"post","link":"https:\/\/guialimeira.com.br\/news\/sus-tera-r-887-milhoes-para-aumentar-acesso-a-cuidados-paliativos\/","title":{"rendered":"SUS ter\u00e1 R$ 887 milh\u00f5es para aumentar acesso a cuidados paliativos"},"content":{"rendered":"<p> <br \/>\n<\/p>\n<div>\n<p>O Minist\u00e9rio da Sa\u00fade\u00a0vai investir R$ 887 milh\u00f5es para ampliar a oferta de <a href=\"https:\/\/agenciabrasil.ebc.com.br\/saude\/noticia\/2022-11\/agencia-brasil-explica-o-que-sao-cuidados-paliativos#:~:text=%E2%80%9CCuidados%20paliativos%20consistem%20na%20assist%C3%AAncia,avalia%C3%A7%C3%A3o%20impec%C3%A1vel%20e%20tratamento%20de\" target=\"_blank\" rel=\"noopener\">cuidados paliativos<\/a> no Sistema \u00danico de Sa\u00fade (SUS). De acordo com an\u00fancio feito pela ministra N\u00edsia Trindade nesta quinta-feira (23)\u00a0em Bras\u00edlia, os recursos permitir\u00e3o a forma\u00e7\u00e3o e atua\u00e7\u00e3o de 1.321 equipes multidisciplinares em todo o territ\u00f3rio nacional.<img data-recalc-dims=\"1\" decoding=\"async\" src=\"https:\/\/i0.wp.com\/agenciabrasil.ebc.com.br\/ebc.png?w=696&#038;ssl=1\" style=\"width:1px; height:1px; display:inline;\"\/><img data-recalc-dims=\"1\" decoding=\"async\" src=\"https:\/\/i0.wp.com\/agenciabrasil.ebc.com.br\/ebc.gif?w=696&#038;ssl=1\" style=\"width:1px; height:1px; display:inline;\"\/><\/p>\n<p>As estrat\u00e9gias para a amplia\u00e7\u00e3o da oferta de cuidados paliativos na rede p\u00fablica de Sa\u00fade est\u00e3o baseadas em<a href=\"https:\/\/agenciabrasil.ebc.com.br\/saude\/noticia\/2024-01\/governo-avanca-na-melhora-de-cuidados-paliativos-no-sus\" target=\"_blank\" rel=\"noopener\"> pol\u00edtica espec\u00edfica<\/a> aprovada em dezembro de 2023 pela Comiss\u00e3o Intergestores Tripartite (CIT), formada pelo Minist\u00e9rio da Sa\u00fade, secretarias estaduais de Sa\u00fade e secretarias municipais de Sa\u00fade.<\/p>\n<p>Segundo a ministra, a pol\u00edtica de cuidados paliativos diz respeito n\u00e3o s\u00f3 essa quest\u00e3o de terminalidade, mas tamb\u00e9m \u00e0s pessoas que enfrentam sofrimentos por doen\u00e7as cr\u00f4nicas graves. &#8220;\u00c9 uma pol\u00edtica que tem a ver com um conjunto amplo de problemas de sa\u00fade, que exigem esses cuidados, que s\u00e3o os cuidados da humaniza\u00e7\u00e3o, de garantir a melhor qualidade de vida.\u201d<\/p>\n<p>\u201cTemos que nascer, crescer, viver e tamb\u00e9m, no momento de finaliza\u00e7\u00e3o da vida, tamb\u00e9m morrer bem\u201d, acrescentou a ministra.<\/p>\n<h2>Equipes<\/h2>\n<p>As equipes ser\u00e3o vinculadas \u00e0s secretarias estaduais e municipais de Sa\u00fade. A cada macrorregi\u00e3o com 500 mil habitantes haver\u00e1 uma equipe matricial que dever\u00e1 prestar atendimento a\u00a0pacientes, dar suporte e capacitar equipes assistenciais de cuidados paliativos.<\/p>\n<p>Haver\u00e1 uma equipe assistencial para cada 400 leitos do SUS. Ser\u00e3o formadas 836 equipes assistenciais, compostas por m\u00e9dico cl\u00ednico, enfermeiro, t\u00e9cnicos de enfermagem, psic\u00f3logo e assistente social, e ter\u00e3o custo mensal de R$ 44,2 mil ao m\u00eas.<\/p>\n<p>Para apoio \u00e0 assist\u00eancia ser\u00e3o formadas 485 equipes matriciais, compostas por m\u00e9dico cl\u00ednico, enfermeiro, psic\u00f3logo e assistente social, e ter\u00e3o custo mensal de R$ 65 mil. Caso haja m\u00e9dicos pediatras na equipe matricial, o Minist\u00e9rio da Sa\u00fade\u00a0acrescentar\u00e1 mais 20% de recursos, totalizando aportes de R$ 78 mil mensais.<\/p>\n<p>A perspectiva \u00e9 que a implementa\u00e7\u00e3o da estrat\u00e9gia aconte\u00e7a ao longo do ano. De acordo com a ministra, \u201co financiamento vai ser progressivo\u201d, a partir dos planos que secretarias de sa\u00fade apresentarem.<\/p>\n<p>A Biblioteca Virtual de Sa\u00fade define cuidado paliativo como \u201cuma abordagem que melhora a qualidade de vida de pacientes e familiares diante de doen\u00e7as que ameacem a continuidade da vida, por meio do al\u00edvio do sofrimento, tratamento da dor e de outros sintomas de natureza f\u00edsica, psicossocial e espiritual.\u201d<\/p>\n<\/p><\/div>\n<p><br \/>\n<br \/><a href=\"https:\/\/agenciabrasil.ebc.com.br\/saude\/noticia\/2024-05\/sus-tera-887-milhoes-para-aumentar-acesso-cuidados-paliativos\" rel=\"noopener\">Ag\u00eancia Brasil <\/a><\/p>\n","protected":false},"excerpt":{"rendered":"<p>O Minist\u00e9rio da Sa\u00fade\u00a0vai investir R$ 887 milh\u00f5es para ampliar a oferta de cuidados paliativos no Sistema \u00danico de Sa\u00fade (SUS). De acordo com an\u00fancio feito pela ministra N\u00edsia Trindade nesta quinta-feira (23)\u00a0em Bras\u00edlia, os recursos permitir\u00e3o a forma\u00e7\u00e3o e atua\u00e7\u00e3o de 1.321 equipes multidisciplinares em todo o territ\u00f3rio nacional. As estrat\u00e9gias para a amplia\u00e7\u00e3o [&hellip;]<\/p>\n","protected":false},"author":1,"featured_media":6184,"comment_status":"open","ping_status":"open","sticky":false,"template":"","format":"standard","meta":{"_jetpack_newsletter_access":"","_jetpack_dont_email_post_to_subs":false,"_jetpack_newsletter_tier_id":0,"_jetpack_memberships_contains_paywalled_content":false,"_mbp_banners":[],"_jetpack_feature_clip_id":0,"_jetpack_memberships_contains_paid_content":false,"footnotes":"","jetpack_publicize_message":"","jetpack_publicize_feature_enabled":true,"jetpack_social_post_already_shared":true,"jetpack_social_options":{"image_generator_settings":{"template":"highway","default_image_id":0,"font":"","enabled":false},"version":2},"jetpack_post_was_ever_published":false},"categories":[15],"tags":[],"class_list":["post-6191","post","type-post","status-publish","format-standard","has-post-thumbnail","category-saude"],"jetpack_publicize_connections":[],"jetpack-related-posts":[],"jetpack_shortlink":"https:\/\/wp.me\/p7Eq1F-1BR","jetpack_sharing_enabled":true,"jetpack_featured_media_url":"https:\/\/i0.wp.com\/guialimeira.com.br\/news\/wp-content\/uploads\/2024\/05\/11122023-img_1754.jpg?fit=1600%2C800&ssl=1","_links":{"self":[{"href":"https:\/\/guialimeira.com.br\/news\/wp-json\/wp\/v2\/posts\/6191","targetHints":{"allow":["GET"]}}],"collection":[{"href":"https:\/\/guialimeira.com.br\/news\/wp-json\/wp\/v2\/posts"}],"about":[{"href":"https:\/\/guialimeira.com.br\/news\/wp-json\/wp\/v2\/types\/post"}],"author":[{"embeddable":true,"href":"https:\/\/guialimeira.com.br\/news\/wp-json\/wp\/v2\/users\/1"}],"replies":[{"embeddable":true,"href":"https:\/\/guialimeira.com.br\/news\/wp-json\/wp\/v2\/comments?post=6191"}],"version-history":[{"count":0,"href":"https:\/\/guialimeira.com.br\/news\/wp-json\/wp\/v2\/posts\/6191\/revisions"}],"wp:featuredmedia":[{"embeddable":true,"href":"https:\/\/guialimeira.com.br\/news\/wp-json\/wp\/v2\/media\/6184"}],"wp:attachment":[{"href":"https:\/\/guialimeira.com.br\/news\/wp-json\/wp\/v2\/media?parent=6191"}],"wp:term":[{"taxonomy":"category","embeddable":true,"href":"https:\/\/guialimeira.com.br\/news\/wp-json\/wp\/v2\/categories?post=6191"},{"taxonomy":"post_tag","embeddable":true,"href":"https:\/\/guialimeira.com.br\/news\/wp-json\/wp\/v2\/tags?post=6191"}],"curies":[{"name":"wp","href":"https:\/\/api.w.org\/{rel}","templated":true}]}}