{"id":61894,"date":"2026-04-17T17:15:52","date_gmt":"2026-04-17T20:15:52","guid":{"rendered":"https:\/\/guialimeira.com.br\/helder-do-taxi-questiona-prefeitura-sobre-paralisacao-do-onibus-saude-sobre-rodas\/"},"modified":"2026-04-17T17:15:52","modified_gmt":"2026-04-17T20:15:52","slug":"helder-do-taxi-questiona-prefeitura-sobre-paralisacao-do-onibus-saude-sobre-rodas","status":"publish","type":"post","link":"https:\/\/guialimeira.com.br\/news\/helder-do-taxi-questiona-prefeitura-sobre-paralisacao-do-onibus-saude-sobre-rodas\/","title":{"rendered":"Helder do T\u00e1xi questiona Prefeitura sobre paralisa\u00e7\u00e3o do \u00f4nibus Sa\u00fade sobre Rodas"},"content":{"rendered":"<p>Helder do T\u00e1xi questiona Prefeitura sobre paralisa\u00e7\u00e3o do \u00f4nibus Sa\u00fade sobre Rodas<\/p>\n<p>Protocolado nesta segunda-feira, 13 de abril, o Requerimento N\u00ba 312\/2026, de autoria do vereador Helder do T\u00e1xi (PSD), solicita informa\u00e7\u00f5es da Prefeitura acerca da paralisa\u00e7\u00e3o do \u00f4nibus do programa \u201cSa\u00fade Sobre Rodas\u201d e os impactos no atendimento \u00e0 popula\u00e7\u00e3o. O questionamento foi provocado a partir de reclama\u00e7\u00f5es de mun\u00edcipes que dependem do servi\u00e7o para obter atendimento b\u00e1sico de sa\u00fade.<\/p>\n<p>No documento o parlamentar questiona se o ve\u00edculo est\u00e1 quebrado e, caso positivo, h\u00e1 quanto tempo est\u00e1 fora de opera\u00e7\u00e3o. Ele tamb\u00e9m quer saber qual o problema apresentado pelo \u00f4nibus, se existe previs\u00e3o de conserto e retorno do atendimento, de que forma a Prefeitura est\u00e1 garantindo o atendimento \u00e0 popula\u00e7\u00e3o que dependia desse servi\u00e7o durante a paralisa\u00e7\u00e3o e se houve remanejamento de equipes ou oferta de alternativas para evitar preju\u00edzos aos mun\u00edcipes.<\/p>\n<p>Helder destaca que destinou uma emenda impositiva no valor de R$ 50 mil para os servi\u00e7os do programa Sa\u00fade Sobre Rodas, pergunta se este recurso pode ser utilizado para a manuten\u00e7\u00e3o do ve\u00edculo e restabelecimento do servi\u00e7o e se existe previs\u00e3o de aquisi\u00e7\u00e3o de um novo \u00f4nibus ou para substitui\u00e7\u00e3o da unidade atual.<\/p>\n<p>Al\u00e9m disso, o vereador requer informa\u00e7\u00f5es sobre os bairros atendidos pelo Sa\u00fade Sobre Rodas e se h\u00e1 planejamento para amplia\u00e7\u00e3o ou melhoria do programa, visando evitar futuras interrup\u00e7\u00f5es.<\/p>\n<p>Por fim, o parlamentar questiona se a administra\u00e7\u00e3o reconhece que a aus\u00eancia do atendimento itinerante pode configurar preju\u00edzo ao princ\u00edpio da continuidade do servi\u00e7o p\u00fablico e quais medidas emergenciais foram adotadas para minimizar os impactos da interrup\u00e7\u00e3o.<\/p>\n<p>\u201cA eventual paralisa\u00e7\u00e3o do servi\u00e7o compromete o atendimento em regi\u00f5es que muitas vezes j\u00e1 enfrentam dificuldades de acesso \u00e0s unidades fixas de sa\u00fade. Cabe ao poder p\u00fablico garantir a continuidade e a efici\u00eancia dos servi\u00e7os essenciais, especialmente na \u00e1rea da sa\u00fade, assegurando que a popula\u00e7\u00e3o n\u00e3o seja prejudicada por falhas estruturais ou operacionais\u201d, destacou Helder na justificativa.<\/p>\n<p>Do Gabinete Parlamentar \u2013 Vereador Helder do T\u00e1xi (PSD)<\/p>\n<p>*Fotos do Gabinete Parlamentar<\/p>\n<p>As mat\u00e9rias de origem dos Gabinetes Parlamentares s\u00e3o de inteira\u00a0 responsabilidade dos parlamentares e de suas assessorias. S\u00e3o devidamente assinadas e n\u00e3o refletem, necessariamente, a opini\u00e3o institucional da C\u00e2mara Municipal de Limeira.<\/p>\n<hr>\n<p><em>Fonte: <a href=\"https:\/\/www.limeira.sp.leg.br\/noticias\/view\/2026-04-17_helder-do-taxi-questiona-prefeitura-sobre-paralisacao-do-onibus-saude-sobre-rodas\" target=\"_blank\" rel=\"noopener\">C\u00e2mara Municipal de Limeira<\/a><\/em><\/p>\n","protected":false},"excerpt":{"rendered":"<p>Helder do T\u00e1xi questiona Prefeitura sobre paralisa\u00e7\u00e3o do \u00f4nibus Sa\u00fade sobre Rodas<\/p>\n<p>Protocolado nesta segunda-feira, 13 de abril, o Requerimento N\u00ba 312\/2026, de autoria do vereador Helder do T\u00e1xi (PSD), solicita informa\u00e7\u00f5es da Prefeitura acerca da paralisa\u00e7\u00e3o do \u00f4nibus do programa \u201cSa\u00fade Sobre Rodas\u201d<\/p>\n","protected":false},"author":4,"featured_media":61893,"comment_status":"","ping_status":"open","sticky":false,"template":"","format":"standard","meta":{"_jetpack_newsletter_access":"","_jetpack_dont_email_post_to_subs":false,"_jetpack_newsletter_tier_id":0,"_jetpack_memberships_contains_paywalled_content":false,"_mbp_banners":[],"_jetpack_feature_clip_id":0,"_jetpack_memberships_contains_paid_content":false,"footnotes":"","jetpack_publicize_message":"","jetpack_publicize_feature_enabled":true,"jetpack_social_post_already_shared":true,"jetpack_social_options":{"image_generator_settings":{"template":"highway","default_image_id":0,"font":"","enabled":false},"version":2},"jetpack_post_was_ever_published":false},"categories":[19],"tags":[],"class_list":["post-61894","post","type-post","status-publish","format-standard","has-post-thumbnail","category-politica"],"jetpack_publicize_connections":[],"jetpack-related-posts":[],"jetpack_shortlink":"https:\/\/wp.me\/p7Eq1F-g6i","jetpack_sharing_enabled":true,"jetpack_featured_media_url":"https:\/\/i0.wp.com\/guialimeira.com.br\/news\/wp-content\/uploads\/2026\/04\/noticia-camara-103.jpg?fit=1280%2C640&ssl=1","_links":{"self":[{"href":"https:\/\/guialimeira.com.br\/news\/wp-json\/wp\/v2\/posts\/61894","targetHints":{"allow":["GET"]}}],"collection":[{"href":"https:\/\/guialimeira.com.br\/news\/wp-json\/wp\/v2\/posts"}],"about":[{"href":"https:\/\/guialimeira.com.br\/news\/wp-json\/wp\/v2\/types\/post"}],"author":[{"embeddable":true,"href":"https:\/\/guialimeira.com.br\/news\/wp-json\/wp\/v2\/users\/4"}],"replies":[{"embeddable":true,"href":"https:\/\/guialimeira.com.br\/news\/wp-json\/wp\/v2\/comments?post=61894"}],"version-history":[{"count":0,"href":"https:\/\/guialimeira.com.br\/news\/wp-json\/wp\/v2\/posts\/61894\/revisions"}],"wp:featuredmedia":[{"embeddable":true,"href":"https:\/\/guialimeira.com.br\/news\/wp-json\/wp\/v2\/media\/61893"}],"wp:attachment":[{"href":"https:\/\/guialimeira.com.br\/news\/wp-json\/wp\/v2\/media?parent=61894"}],"wp:term":[{"taxonomy":"category","embeddable":true,"href":"https:\/\/guialimeira.com.br\/news\/wp-json\/wp\/v2\/categories?post=61894"},{"taxonomy":"post_tag","embeddable":true,"href":"https:\/\/guialimeira.com.br\/news\/wp-json\/wp\/v2\/tags?post=61894"}],"curies":[{"name":"wp","href":"https:\/\/api.w.org\/{rel}","templated":true}]}}