{"id":61885,"date":"2026-04-17T16:50:51","date_gmt":"2026-04-17T19:50:51","guid":{"rendered":"https:\/\/guialimeira.com.br\/estevao-nogueira-propoe-mutirao-de-empregos-descentralizados-para-limpeza-urbana\/"},"modified":"2026-04-17T16:50:51","modified_gmt":"2026-04-17T19:50:51","slug":"estevao-nogueira-propoe-mutirao-de-empregos-descentralizados-para-limpeza-urbana","status":"publish","type":"post","link":"https:\/\/guialimeira.com.br\/news\/estevao-nogueira-propoe-mutirao-de-empregos-descentralizados-para-limpeza-urbana\/","title":{"rendered":"Estev\u00e3o Nogueira prop\u00f5e mutir\u00e3o de empregos descentralizados para limpeza urbana"},"content":{"rendered":"<p>Estev\u00e3o Nogueira prop\u00f5e mutir\u00e3o de empregos descentralizados para limpeza urbana<\/p>\n<p>O vereador Estev\u00e3o Nogueira (Avante) protocolou nesta quinta-feira, 16 de abril, a Indica\u00e7\u00e3o N\u00ba 1704\/2026, pedindo \u00e0 Prefeitura que realize\u00a0 mutir\u00f5es de empregos descentralizados para servi\u00e7os de capina\u00e7\u00e3o e limpeza urbana. No documento, o parlamentar solicita ao Executivo, por meio da secretaria respons\u00e1vel, a divulga\u00e7\u00e3o das a\u00e7\u00f5es com ampla exposi\u00e7\u00e3o nas r\u00e1dios, TV\u2019s, redes sociais e ve\u00edculos de som.<\/p>\n<p>A ideia do parlamentar \u00e9 que esses mutir\u00f5es aconte\u00e7am em bairros perif\u00e9ricos e regionalizados, como no Jardim Lagoa Nova, Od\u00e9cio Degan, Ernesto Kuhl, Ab\u00edlio Pedro, Geada, Belinha Ometto, Novo Horizonte, Alto dos Laranjais, Jardim Gl\u00f3ria, Parque Hipp\u00f3lyto, Olga Veroni e Vista Alegre.<\/p>\n<p>O vereador afirmou que\u00a0 a descentraliza\u00e7\u00e3o desses mutir\u00f5es \u00e9 fundamental para garantir maior efici\u00eancia na execu\u00e7\u00e3o dos servi\u00e7os, assegurando que bairros mais distantes do centro tamb\u00e9m sejam contemplados de forma regular e equitativa, evitando a concentra\u00e7\u00e3o das a\u00e7\u00f5es apenas nas \u00e1reas centrais.<\/p>\n<p>De acordo com Estev\u00e3o, os mutir\u00f5es de emprego para servi\u00e7os de capina\u00e7\u00e3o podem cumprir dupla fun\u00e7\u00e3o social: promover limpeza e conserva\u00e7\u00e3o dos espa\u00e7os p\u00fablicos e, ao mesmo tempo, gerar oportunidades tempor\u00e1rias de trabalho e renda, atendendo principalmente aqueles que est\u00e3o nas periferias, que podem estar exclu\u00eddos de processos seletivos por acontecerem na regi\u00e3o central e que podem n\u00e3o ter proje\u00e7\u00e3o suficiente nas m\u00eddias.<\/p>\n<p>Do Gabinete Parlamentar \u2013 Vereador Estev\u00e3o Nogueira (Avante)<\/p>\n<p>As mat\u00e9rias de origem dos Gabinetes Parlamentares s\u00e3o de inteira\u00a0 responsabilidade dos parlamentares e de suas assessorias. S\u00e3o devidamente assinadas e n\u00e3o refletem, necessariamente, a opini\u00e3o institucional da C\u00e2mara Municipal de Limeira.<\/p>\n<hr>\n<p><em>Fonte: <a href=\"https:\/\/www.limeira.sp.leg.br\/noticias\/view\/2026-04-17_estevao-nogueira-propoe-mutirao-de-empregos-descentralizados-para-limpeza-urbana\" target=\"_blank\" rel=\"noopener\">C\u00e2mara Municipal de Limeira<\/a><\/em><\/p>\n","protected":false},"excerpt":{"rendered":"<p>Estev\u00e3o Nogueira prop\u00f5e mutir\u00e3o de empregos descentralizados para limpeza urbana<\/p>\n<p>O vereador Estev\u00e3o Nogueira (Avante) protocolou nesta quinta-feira, 16 de abril, a Indica\u00e7\u00e3o N\u00ba 1704\/2026, pedindo \u00e0 Prefeitura que realize\u00a0 mutir\u00f5es de empregos descentralizados para servi\u00e7os de capina\u00e7\u00e3o e limpeza ur<\/p>\n","protected":false},"author":4,"featured_media":61884,"comment_status":"","ping_status":"open","sticky":false,"template":"","format":"standard","meta":{"_jetpack_newsletter_access":"","_jetpack_dont_email_post_to_subs":false,"_jetpack_newsletter_tier_id":0,"_jetpack_memberships_contains_paywalled_content":false,"_mbp_banners":[],"_jetpack_feature_clip_id":0,"_jetpack_memberships_contains_paid_content":false,"footnotes":"","jetpack_publicize_message":"","jetpack_publicize_feature_enabled":true,"jetpack_social_post_already_shared":true,"jetpack_social_options":{"image_generator_settings":{"template":"highway","default_image_id":0,"font":"","enabled":false},"version":2},"jetpack_post_was_ever_published":false},"categories":[19],"tags":[],"class_list":["post-61885","post","type-post","status-publish","format-standard","has-post-thumbnail","category-politica"],"jetpack_publicize_connections":[],"jetpack-related-posts":[],"jetpack_shortlink":"https:\/\/wp.me\/p7Eq1F-g69","jetpack_sharing_enabled":true,"jetpack_featured_media_url":"https:\/\/i0.wp.com\/guialimeira.com.br\/news\/wp-content\/uploads\/2026\/04\/noticia-camara-101.jpg?fit=1280%2C640&ssl=1","_links":{"self":[{"href":"https:\/\/guialimeira.com.br\/news\/wp-json\/wp\/v2\/posts\/61885","targetHints":{"allow":["GET"]}}],"collection":[{"href":"https:\/\/guialimeira.com.br\/news\/wp-json\/wp\/v2\/posts"}],"about":[{"href":"https:\/\/guialimeira.com.br\/news\/wp-json\/wp\/v2\/types\/post"}],"author":[{"embeddable":true,"href":"https:\/\/guialimeira.com.br\/news\/wp-json\/wp\/v2\/users\/4"}],"replies":[{"embeddable":true,"href":"https:\/\/guialimeira.com.br\/news\/wp-json\/wp\/v2\/comments?post=61885"}],"version-history":[{"count":0,"href":"https:\/\/guialimeira.com.br\/news\/wp-json\/wp\/v2\/posts\/61885\/revisions"}],"wp:featuredmedia":[{"embeddable":true,"href":"https:\/\/guialimeira.com.br\/news\/wp-json\/wp\/v2\/media\/61884"}],"wp:attachment":[{"href":"https:\/\/guialimeira.com.br\/news\/wp-json\/wp\/v2\/media?parent=61885"}],"wp:term":[{"taxonomy":"category","embeddable":true,"href":"https:\/\/guialimeira.com.br\/news\/wp-json\/wp\/v2\/categories?post=61885"},{"taxonomy":"post_tag","embeddable":true,"href":"https:\/\/guialimeira.com.br\/news\/wp-json\/wp\/v2\/tags?post=61885"}],"curies":[{"name":"wp","href":"https:\/\/api.w.org\/{rel}","templated":true}]}}