{"id":61883,"date":"2026-04-17T16:45:55","date_gmt":"2026-04-17T19:45:55","guid":{"rendered":"https:\/\/guialimeira.com.br\/tatiane-lopes-solicita-informacoes-sobre-a-preservacao-de-arvores-no-pq-n-s-das-dores-durante-obras-de-novos-empreendimentos\/"},"modified":"2026-04-17T16:45:55","modified_gmt":"2026-04-17T19:45:55","slug":"tatiane-lopes-solicita-informacoes-sobre-a-preservacao-de-arvores-no-pq-n-s-das-dores-durante-obras-de-novos-empreendimentos","status":"publish","type":"post","link":"https:\/\/guialimeira.com.br\/news\/tatiane-lopes-solicita-informacoes-sobre-a-preservacao-de-arvores-no-pq-n-s-das-dores-durante-obras-de-novos-empreendimentos\/","title":{"rendered":"Tatiane Lopes solicita informa\u00e7\u00f5es sobre a preserva\u00e7\u00e3o de \u00e1rvores no Pq. N. S. das Dores durante obras de novos empreendimentos"},"content":{"rendered":"<p>Tatiane Lopes solicita informa\u00e7\u00f5es sobre a preserva\u00e7\u00e3o de \u00e1rvores no Pq. N. S. das Dores durante obras de novos empreendimentos<\/p>\n<p>Com o avan\u00e7o de novos empreendimentos urbanos nas proximidades do Parque Nossa Senhora das Dores, a vereadora Tatiane Lopes (Avante) apresentou, no dia 13 de abril, o Requerimento N\u00b0 323\/2026 \u00e0 Prefeitura, solicitando esclarecimentos sobre a situa\u00e7\u00e3o das \u00e1rvores localizadas no canteiro central da avenida Prefeito Ary Levy Pereira.<\/p>\n<p>Tatiane Lopes explicou que a iniciativa surgiu diante das obras dos loteamentos Novos Bandeirantes e Recanto das Arauc\u00e1rias, atualmente em execu\u00e7\u00e3o na regi\u00e3o. A parlamentar destacou a import\u00e2ncia da \u00e1rea, que ainda conta com uma extens\u00e3o de solo perme\u00e1vel, fundamental para a drenagem das \u00e1guas pluviais.<\/p>\n<p>No documento, a vereadora ressalta a necessidade de preserva\u00e7\u00e3o ambiental, especialmente no que se refere \u00e0 fauna e \u00e0 flora local. Ela tamb\u00e9m enfatizou a relev\u00e2ncia da arboriza\u00e7\u00e3o urbana como forma de compensar os impactos ambientais, principalmente no que diz respeito \u00e0 drenagem urbana, causados pelo crescimento imobili\u00e1rio.<\/p>\n<p>Tatiane Lopes solicita que as informa\u00e7\u00f5es sejam prestadas dentro do prazo regimental, refor\u00e7ando o compromisso com a transpar\u00eancia e o acompanhamento das a\u00e7\u00f5es p\u00fablicas que impactam diretamente a qualidade de vida da popula\u00e7\u00e3o.<\/p>\n<p>Do Gabinete Parlamentar \u2013 Vereadora Tatiane Lopes (Avante)<\/p>\n<p>*Fotos do Gabinete parlamentar<\/p>\n<p>As mat\u00e9rias de origem dos Gabinetes Parlamentares s\u00e3o de inteira\u00a0 responsabilidade dos parlamentares e de suas assessorias. S\u00e3o devidamente assinadas e n\u00e3o refletem, necessariamente, a opini\u00e3o institucional da C\u00e2mara Municipal de Limeira.<\/p>\n<hr>\n<p><em>Fonte: <a href=\"https:\/\/www.limeira.sp.leg.br\/noticias\/view\/2026-04-17_tatiane-lopes-solicita-informacoes-sobre-a-preservacao-de-arvores-no-pq-n-s-das-dores-durante-obras-de-novos-empreendimentos\" target=\"_blank\" rel=\"noopener\">C\u00e2mara Municipal de Limeira<\/a><\/em><\/p>\n","protected":false},"excerpt":{"rendered":"<p>Tatiane Lopes solicita informa\u00e7\u00f5es sobre a preserva\u00e7\u00e3o de \u00e1rvores no Pq. N. S. das Dores durante obras de novos empreendimentos<\/p>\n<p>Com o avan\u00e7o de novos empreendimentos urbanos nas proximidades do Parque Nossa Senhora das Dores, a vereadora Tatiane Lopes (Avante) apresentou, no dia 13 de abril, o Requ<\/p>\n","protected":false},"author":4,"featured_media":61882,"comment_status":"","ping_status":"open","sticky":false,"template":"","format":"standard","meta":{"_jetpack_newsletter_access":"","_jetpack_dont_email_post_to_subs":false,"_jetpack_newsletter_tier_id":0,"_jetpack_memberships_contains_paywalled_content":false,"_mbp_banners":[],"_jetpack_feature_clip_id":0,"_jetpack_memberships_contains_paid_content":false,"footnotes":"","jetpack_publicize_message":"","jetpack_publicize_feature_enabled":true,"jetpack_social_post_already_shared":true,"jetpack_social_options":{"image_generator_settings":{"template":"highway","default_image_id":0,"font":"","enabled":false},"version":2},"jetpack_post_was_ever_published":false},"categories":[19],"tags":[],"class_list":["post-61883","post","type-post","status-publish","format-standard","has-post-thumbnail","category-politica"],"jetpack_publicize_connections":[],"jetpack-related-posts":[],"jetpack_shortlink":"https:\/\/wp.me\/p7Eq1F-g67","jetpack_sharing_enabled":true,"jetpack_featured_media_url":"https:\/\/i0.wp.com\/guialimeira.com.br\/news\/wp-content\/uploads\/2026\/04\/noticia-camara-100.jpg?fit=1280%2C640&ssl=1","_links":{"self":[{"href":"https:\/\/guialimeira.com.br\/news\/wp-json\/wp\/v2\/posts\/61883","targetHints":{"allow":["GET"]}}],"collection":[{"href":"https:\/\/guialimeira.com.br\/news\/wp-json\/wp\/v2\/posts"}],"about":[{"href":"https:\/\/guialimeira.com.br\/news\/wp-json\/wp\/v2\/types\/post"}],"author":[{"embeddable":true,"href":"https:\/\/guialimeira.com.br\/news\/wp-json\/wp\/v2\/users\/4"}],"replies":[{"embeddable":true,"href":"https:\/\/guialimeira.com.br\/news\/wp-json\/wp\/v2\/comments?post=61883"}],"version-history":[{"count":0,"href":"https:\/\/guialimeira.com.br\/news\/wp-json\/wp\/v2\/posts\/61883\/revisions"}],"wp:featuredmedia":[{"embeddable":true,"href":"https:\/\/guialimeira.com.br\/news\/wp-json\/wp\/v2\/media\/61882"}],"wp:attachment":[{"href":"https:\/\/guialimeira.com.br\/news\/wp-json\/wp\/v2\/media?parent=61883"}],"wp:term":[{"taxonomy":"category","embeddable":true,"href":"https:\/\/guialimeira.com.br\/news\/wp-json\/wp\/v2\/categories?post=61883"},{"taxonomy":"post_tag","embeddable":true,"href":"https:\/\/guialimeira.com.br\/news\/wp-json\/wp\/v2\/tags?post=61883"}],"curies":[{"name":"wp","href":"https:\/\/api.w.org\/{rel}","templated":true}]}}