{"id":61876,"date":"2026-04-17T16:15:54","date_gmt":"2026-04-17T19:15:54","guid":{"rendered":"https:\/\/guialimeira.com.br\/presidente-da-camara-recebe-profissionais-do-transporte-escolar-e-discute-mudancas-na-legislacao-municipal\/"},"modified":"2026-04-17T16:15:54","modified_gmt":"2026-04-17T19:15:54","slug":"presidente-da-camara-recebe-profissionais-do-transporte-escolar-e-discute-mudancas-na-legislacao-municipal","status":"publish","type":"post","link":"https:\/\/guialimeira.com.br\/news\/presidente-da-camara-recebe-profissionais-do-transporte-escolar-e-discute-mudancas-na-legislacao-municipal\/","title":{"rendered":"Presidente da C\u00e2mara recebe profissionais do transporte escolar e discute mudan\u00e7as na legisla\u00e7\u00e3o municipal"},"content":{"rendered":"<p>Presidente da C\u00e2mara recebe profissionais do transporte escolar e discute mudan\u00e7as na legisla\u00e7\u00e3o municipal<\/p>\n<p>O presidente da C\u00e2mara Municipal de Limeira, Everton Ferreira (PSD), e o vereador Waguinho da Santa Luzia (PP), receberam, na manh\u00e3 desta sexta-feira, 17 de abril, representantes dos profissionais do transporte escolar para tratar de demandas da categoria. Entre os principais pontos apresentados, esteve a solicita\u00e7\u00e3o de altera\u00e7\u00e3o da legisla\u00e7\u00e3o vigente que regulamenta o tempo de uso dos ve\u00edculos no transporte escolar.<\/p>\n<p>Atualmente limitado a dez anos, os profissionais pleiteiam a amplia\u00e7\u00e3o desse prazo para at\u00e9 20 anos, considerando as dificuldades enfrentadas ap\u00f3s o per\u00edodo da pandemia, o aumento dos custos operacionais e as altas taxas de financiamento para renova\u00e7\u00e3o da frota. Al\u00e9m da mudan\u00e7a na lei, a categoria tamb\u00e9m defendeu a manuten\u00e7\u00e3o da regra atual para novos ingressantes, com limite de at\u00e9 dez anos para os ve\u00edculos, e a flexibiliza\u00e7\u00e3o na substitui\u00e7\u00e3o de ve\u00edculos por modelos mais novos, desde que os motoristas estejam com as vistorias dos \u00faltimos anos regularizadas.<\/p>\n<p>Outro ponto abordado foi a necessidade de garantir que n\u00e3o haja retrocesso na qualidade da frota. Durante o encontro, os profissionais ainda apresentaram demandas relacionadas \u00e0 rotina de trabalho, como a organiza\u00e7\u00e3o dos hor\u00e1rios de entrada e sa\u00edda das escolas, com a possibilidade de parada tempor\u00e1ria em fila dupla de forma ordenada, e o uso exclusivo das vagas destinadas ao transporte escolar por ve\u00edculos devidamente regularizados, especialmente nos hor\u00e1rios de maior fluxo.<\/p>\n<p>O presidente da C\u00e2mara destacou o papel do Legislativo na escuta das demandas. \u201cO transporte escolar presta um servi\u00e7o essencial e precisa de condi\u00e7\u00f5es adequadas para continuar atendendo com qualidade e, principalmente, seguran\u00e7a. Vamos analisar os apontamentos apresentados e buscar, junto aos setores competentes, alternativas que atendam a categoria dentro da legalidade\u201d, afirmou Everton Ferreira.<\/p>\n<p>Os representantes tamb\u00e9m informaram que est\u00e3o em processo de organiza\u00e7\u00e3o para a cria\u00e7\u00e3o de uma associa\u00e7\u00e3o da categoria, com o objetivo de fortalecer o di\u00e1logo com o poder p\u00fablico e ampliar a representatividade dos profissionais. O presidente da C\u00e2mara, Everton Ferreira, e o vereador Waguinho da Santa Luzia estudam a realiza\u00e7\u00e3o de um projeto em conjunto para altera\u00e7\u00e3o da lei que regulamenta o tempo de uso dos ve\u00edculos no transporte escolar.<\/p>\n<p>Do Gabinete da Presid\u00eancia<\/p>\n<p>*Fotos do Gabinete da Presid\u00eancia<\/p>\n<p>As mat\u00e9rias de origem dos Gabinetes Parlamentares s\u00e3o de inteira\u00a0 responsabilidade dos parlamentares e de suas assessorias. S\u00e3o devidamente assinadas e n\u00e3o refletem, necessariamente, a opini\u00e3o institucional da C\u00e2mara Municipal de Limeira.<\/p>\n<hr>\n<p><em>Fonte: <a href=\"https:\/\/www.limeira.sp.leg.br\/noticias\/view\/2026-04-17_presidente-da-camara-recebe-profissionais-do-transporte-escolar-e-discute-mudancas-na-legislacao-municipal\" target=\"_blank\" rel=\"noopener\">C\u00e2mara Municipal de Limeira<\/a><\/em><\/p>\n","protected":false},"excerpt":{"rendered":"<p>Presidente da C\u00e2mara recebe profissionais do transporte escolar e discute mudan\u00e7as na legisla\u00e7\u00e3o municipal<\/p>\n<p>O presidente da C\u00e2mara Municipal de Limeira, Everton Ferreira (PSD), e o vereador Waguinho da Santa Luzia (PP), receberam, na manh\u00e3 desta sexta-feira, 17 de abril, representantes dos profissio<\/p>\n","protected":false},"author":4,"featured_media":61875,"comment_status":"","ping_status":"open","sticky":false,"template":"","format":"standard","meta":{"_jetpack_newsletter_access":"","_jetpack_dont_email_post_to_subs":false,"_jetpack_newsletter_tier_id":0,"_jetpack_memberships_contains_paywalled_content":false,"_mbp_banners":[],"_jetpack_feature_clip_id":0,"_jetpack_memberships_contains_paid_content":false,"footnotes":"","jetpack_publicize_message":"","jetpack_publicize_feature_enabled":true,"jetpack_social_post_already_shared":true,"jetpack_social_options":{"image_generator_settings":{"template":"highway","default_image_id":0,"font":"","enabled":false},"version":2},"jetpack_post_was_ever_published":false},"categories":[19],"tags":[],"class_list":["post-61876","post","type-post","status-publish","format-standard","has-post-thumbnail","category-politica"],"jetpack_publicize_connections":[],"jetpack-related-posts":[],"jetpack_shortlink":"https:\/\/wp.me\/p7Eq1F-g60","jetpack_sharing_enabled":true,"jetpack_featured_media_url":"https:\/\/i0.wp.com\/guialimeira.com.br\/news\/wp-content\/uploads\/2026\/04\/noticia-camara-99.jpg?fit=1280%2C640&ssl=1","_links":{"self":[{"href":"https:\/\/guialimeira.com.br\/news\/wp-json\/wp\/v2\/posts\/61876","targetHints":{"allow":["GET"]}}],"collection":[{"href":"https:\/\/guialimeira.com.br\/news\/wp-json\/wp\/v2\/posts"}],"about":[{"href":"https:\/\/guialimeira.com.br\/news\/wp-json\/wp\/v2\/types\/post"}],"author":[{"embeddable":true,"href":"https:\/\/guialimeira.com.br\/news\/wp-json\/wp\/v2\/users\/4"}],"replies":[{"embeddable":true,"href":"https:\/\/guialimeira.com.br\/news\/wp-json\/wp\/v2\/comments?post=61876"}],"version-history":[{"count":0,"href":"https:\/\/guialimeira.com.br\/news\/wp-json\/wp\/v2\/posts\/61876\/revisions"}],"wp:featuredmedia":[{"embeddable":true,"href":"https:\/\/guialimeira.com.br\/news\/wp-json\/wp\/v2\/media\/61875"}],"wp:attachment":[{"href":"https:\/\/guialimeira.com.br\/news\/wp-json\/wp\/v2\/media?parent=61876"}],"wp:term":[{"taxonomy":"category","embeddable":true,"href":"https:\/\/guialimeira.com.br\/news\/wp-json\/wp\/v2\/categories?post=61876"},{"taxonomy":"post_tag","embeddable":true,"href":"https:\/\/guialimeira.com.br\/news\/wp-json\/wp\/v2\/tags?post=61876"}],"curies":[{"name":"wp","href":"https:\/\/api.w.org\/{rel}","templated":true}]}}