{"id":6187,"date":"2024-05-23T20:44:44","date_gmt":"2024-05-23T23:44:44","guid":{"rendered":"https:\/\/guialimeira.com.br\/2024\/05\/23\/campanha-de-incentivo-a-pratica-esportiva-chega-a-sua-30a-edicao\/"},"modified":"2024-05-23T20:44:44","modified_gmt":"2024-05-23T23:44:44","slug":"campanha-de-incentivo-a-pratica-esportiva-chega-a-sua-30a-edicao","status":"publish","type":"post","link":"https:\/\/guialimeira.com.br\/news\/campanha-de-incentivo-a-pratica-esportiva-chega-a-sua-30a-edicao\/","title":{"rendered":"Campanha de incentivo \u00e0 pr\u00e1tica esportiva chega a sua\u00a030\u00aa edi\u00e7\u00e3o"},"content":{"rendered":"<p> <br \/>\n<\/p>\n<div>\n            <main class=\"\">&#13;<br \/>\n                &#13;<br \/>\n&#13;<br \/>\n&#13;<br \/>\n&#13;<br \/>\n    <img data-recalc-dims=\"1\" decoding=\"async\" src=\"https:\/\/i0.wp.com\/ecrie.com.br\/sistema\/conteudos\/imagem\/m_137_0_1_23052024120622.jpg?w=696&#038;ssl=1\" alt=\"Campanha de incentivo \u00e0 pr\u00e1tica esportiva chega a sua\u00a030\u00aa edi\u00e7\u00e3o\"\/>&#13;<br \/>\n&#13;<\/p>\n<p>Limeira participa da 30\u00aa edi\u00e7\u00e3o do Dia do Desafio na pr\u00f3xima quarta-feira (29).\u00a0Iniciativa mundial de promo\u00e7\u00e3o da sa\u00fade e do bem-estar, o Dia do Desafio visa\u00a0movimentar o maior n\u00famero de pessoas e estimular a atividade f\u00edsica, mobilizando poder p\u00fablico, institui\u00e7\u00f5es privadas e comunidade.\u00a0No ano passado, o munic\u00edpio contabilizou 25.116 adeptos.<\/p>\n<p>&#13;<\/p>\n<p>O prefeito Mario Botion e o secret\u00e1rio de Esporte e Lazer, Luiz Augusto Zanon, convidam toda a popula\u00e7\u00e3o a participar. Para aderir \u00e0 campanha, \u00e9 preciso fazer qualquer tipo de atividade, por, pelo menos, 15 minutos consecutivos. Na sequ\u00eancia, os mun\u00edcipes devem registrar a participa\u00e7\u00e3o pelos telefones 3404-9709 e 3404-9708, ou ent\u00e3o, pelo e-mail <a href=\"https:\/\/limeira.sp.gov.br\/cdn-cgi\/l\/email-protection\" class=\"__cf_email__\" data-cfemail=\"2754424455425346554e4643424254574855534254674b4e4a424e554609545709404851094555\" rel=\"noopener\">[email\u00a0protected]<\/a><\/p>\n<p>&#13;<\/p>\n<p>Nos jardins do Edif\u00edcio Prada, sede da Prefeitura de Limeira, haver\u00e1 o \u201cAul\u00e3o do Desafio\u201d, \u00e0s 9h. No mesmo local, das 11h30 \u00e0s\u00a012h30, acontece uma Aula de Yoga.\u00a0Ao longo do dia, das 8h \u00e0s 17h, a Secretaria de Esporte e Lazer programou a Meia Maratona do Servidor, em que os participantes ir\u00e3o revezar-se, a cada 30 minutos, para uma caminhada de 1,5\u00a0quil\u00f4metro.<\/p>\n<p>&#13;<\/p>\n<p>No Brasil, a campanha\u00a0\u00e9 liderada pela Tafisa\u00a0(The Association For International Sport for All), com apoio institucional da Isca\u00a0(International Sport and Culture Association), da Unesco\u00a0(Organiza\u00e7\u00e3o das Na\u00e7\u00f5es Unidas para a Educa\u00e7\u00e3o, a Ci\u00eancia e a Cultura) e coordena\u00e7\u00e3o do Sesc S\u00e3o Paulo no continente americano.\u00a0<\/p>\n<p>&#13;<\/p>\n<p>\u00a0<\/p>\n<p>&#13;<br \/>\n&#13;<br \/>\n&#13;<br \/>\n&#13;<\/p>\n<aside class=\"list-related no-print\">&#13;<br \/>\n        &#13;<br \/>\n&#13;<\/p>\n<article class=\"list-item noticias \">&#13;<br \/>\n                    <a class=\"list-item__img\" href=\"https:\/\/limeira.sp.gov.br\/imprensa\/noticias\/esporte-e-lazer\/inscricoes-abertas-para-acao-nas-pracas-no-cecap\" tabindex=\"-1\" aria-hidden=\"true\" rel=\"noopener\">&#13;<br \/>\n                        <img data-recalc-dims=\"1\" decoding=\"async\" src=\"https:\/\/i0.wp.com\/ecrie.com.br\/sistema\/conteudos\/imagem\/m_137_18_67_15122022150125.jpg?w=696&#038;ssl=1\" alt=\"Inscri\u00e7\u00f5es abertas para A\u00e7\u00e3o nas Pra\u00e7as no Cecap\"\/>&#13;<br \/>\n                    <\/a>&#13;<br \/>\n&#13;<br \/>\n                &#13;<br \/>\n            <\/article>\n<p>&#13;<\/p>\n<article class=\"list-item noticias \">&#13;<br \/>\n                    <a class=\"list-item__img\" href=\"https:\/\/limeira.sp.gov.br\/imprensa\/noticias\/esporte-e-lazer\/copa-jaboti-tem-final-nesta-sexta-feira-24\" tabindex=\"-1\" aria-hidden=\"true\" rel=\"noopener\">&#13;<br \/>\n                        <img data-recalc-dims=\"1\" decoding=\"async\" src=\"https:\/\/i0.wp.com\/ecrie.com.br\/sistema\/conteudos\/imagem\/m_137_0_1_23052024125006.jpeg?w=696&#038;ssl=1\" alt=\"Copa Jaboti tem final nesta sexta-feira (24)\"\/>&#13;<br \/>\n                    <\/a>&#13;<br \/>\n&#13;<br \/>\n                &#13;<br \/>\n            <\/article>\n<p>&#13;<\/p>\n<article class=\"list-item noticias \">&#13;<br \/>\n                    <a class=\"list-item__img\" href=\"https:\/\/limeira.sp.gov.br\/imprensa\/noticias\/esporte-e-lazer\/campeonato-voleibol-master-tem-finais-neste-domingo\" tabindex=\"-1\" aria-hidden=\"true\" rel=\"noopener\">&#13;<br \/>\n                        <img data-recalc-dims=\"1\" decoding=\"async\" src=\"https:\/\/i0.wp.com\/ecrie.com.br\/sistema\/conteudos\/imagem\/m_137_0_1_19052024093110.jpeg?w=696&#038;ssl=1\" alt=\"Campeonato Voleibol Master tem finais neste domingo\"\/>&#13;<br \/>\n                    <\/a>&#13;<br \/>\n&#13;<br \/>\n                &#13;<br \/>\n            <\/article>\n<p>&#13;<br \/>\n    <\/aside>\n<p>&#13;<br \/>\n&#13;<br \/>\n            <\/main><\/p><\/div>\n<p><br \/>\n<br \/><a href=\"https:\/\/limeira.sp.gov.br\/campanha-de-incentivo-a-pratica-esportiva-chega-a-sua30-edicao\" rel=\"noopener\">Informa\u00e7\u00f5es da PML <\/a><\/p>\n","protected":false},"excerpt":{"rendered":"<p>&#13; &#13; &#13; &#13; &#13; &#13; &#13; Limeira participa da 30\u00aa edi\u00e7\u00e3o do Dia do Desafio na pr\u00f3xima quarta-feira (29).\u00a0Iniciativa mundial de promo\u00e7\u00e3o da sa\u00fade e do bem-estar, o Dia do Desafio visa\u00a0movimentar o maior n\u00famero de pessoas e estimular a atividade f\u00edsica, mobilizando poder p\u00fablico, institui\u00e7\u00f5es privadas e comunidade.\u00a0No ano passado, o munic\u00edpio contabilizou [&hellip;]<\/p>\n","protected":false},"author":1,"featured_media":6188,"comment_status":"open","ping_status":"open","sticky":false,"template":"","format":"standard","meta":{"_jetpack_newsletter_access":"","_jetpack_dont_email_post_to_subs":false,"_jetpack_newsletter_tier_id":0,"_jetpack_memberships_contains_paywalled_content":false,"_mbp_banners":[],"_jetpack_feature_clip_id":0,"_jetpack_memberships_contains_paid_content":false,"footnotes":"","jetpack_publicize_message":"","jetpack_publicize_feature_enabled":true,"jetpack_social_post_already_shared":true,"jetpack_social_options":{"image_generator_settings":{"template":"highway","default_image_id":0,"font":"","enabled":false},"version":2},"jetpack_post_was_ever_published":false},"categories":[16],"tags":[],"class_list":["post-6187","post","type-post","status-publish","format-standard","has-post-thumbnail","category-local"],"jetpack_publicize_connections":[],"jetpack-related-posts":[],"jetpack_shortlink":"https:\/\/wp.me\/p7Eq1F-1BN","jetpack_sharing_enabled":true,"jetpack_featured_media_url":"https:\/\/i0.wp.com\/guialimeira.com.br\/news\/wp-content\/uploads\/2024\/05\/m_137_0_1_23052024120622.jpg?fit=1280%2C852&ssl=1","_links":{"self":[{"href":"https:\/\/guialimeira.com.br\/news\/wp-json\/wp\/v2\/posts\/6187","targetHints":{"allow":["GET"]}}],"collection":[{"href":"https:\/\/guialimeira.com.br\/news\/wp-json\/wp\/v2\/posts"}],"about":[{"href":"https:\/\/guialimeira.com.br\/news\/wp-json\/wp\/v2\/types\/post"}],"author":[{"embeddable":true,"href":"https:\/\/guialimeira.com.br\/news\/wp-json\/wp\/v2\/users\/1"}],"replies":[{"embeddable":true,"href":"https:\/\/guialimeira.com.br\/news\/wp-json\/wp\/v2\/comments?post=6187"}],"version-history":[{"count":0,"href":"https:\/\/guialimeira.com.br\/news\/wp-json\/wp\/v2\/posts\/6187\/revisions"}],"wp:featuredmedia":[{"embeddable":true,"href":"https:\/\/guialimeira.com.br\/news\/wp-json\/wp\/v2\/media\/6188"}],"wp:attachment":[{"href":"https:\/\/guialimeira.com.br\/news\/wp-json\/wp\/v2\/media?parent=6187"}],"wp:term":[{"taxonomy":"category","embeddable":true,"href":"https:\/\/guialimeira.com.br\/news\/wp-json\/wp\/v2\/categories?post=6187"},{"taxonomy":"post_tag","embeddable":true,"href":"https:\/\/guialimeira.com.br\/news\/wp-json\/wp\/v2\/tags?post=6187"}],"curies":[{"name":"wp","href":"https:\/\/api.w.org\/{rel}","templated":true}]}}