{"id":6185,"date":"2024-05-23T20:34:24","date_gmt":"2024-05-23T23:34:24","guid":{"rendered":"https:\/\/guialimeira.com.br\/2024\/05\/23\/policia-ambiental-e-ministerio-publico-realizam-operacao-contra-incendios-florestais\/"},"modified":"2024-05-23T20:34:24","modified_gmt":"2024-05-23T23:34:24","slug":"policia-ambiental-e-ministerio-publico-realizam-operacao-contra-incendios-florestais","status":"publish","type":"post","link":"https:\/\/guialimeira.com.br\/news\/policia-ambiental-e-ministerio-publico-realizam-operacao-contra-incendios-florestais\/","title":{"rendered":"Pol\u00edcia Ambiental e Minist\u00e9rio P\u00fablico realizam opera\u00e7\u00e3o contra inc\u00eandios florestais"},"content":{"rendered":"<p> <br \/>\n<\/p>\n<div id=\"\">&#13;<br \/>\n                                <!-- Title -->&#13;<br \/>\n                                &#13;<br \/>\n&#13;<br \/>\n                                <!-- Excerpt -->&#13;<\/p>\n<p class=\"excerpt\">Opera\u00e7\u00e3o Huracan teve inicio nesta quinta-feira (23) em todo o estado de S\u00e3o Paulo e vai at\u00e9 esta sexta-feira (24)<\/p>\n<p>&#13;<br \/>\n&#13;<br \/>\n                                &#13;\n                            <\/p><\/div>\n<div id=\"\">&#13;<\/p>\n<figure id=\"attachment_5889963\" style=\"width: 100%;max-width: 1179px\" class=\"wp-caption alignnone\"><img data-recalc-dims=\"1\" decoding=\"async\" loading=\"lazy\" class=\"size-full wp-image-5889963\" src=\"https:\/\/i0.wp.com\/www.saopaulo.sp.gov.br\/wp-content\/uploads\/2024\/05\/00054760.jpeg?resize=696%2C514&#038;ssl=1\" alt=\"\" width=\"696\" height=\"514\" srcset=\"https:\/\/www.saopaulo.sp.gov.br\/wp-content\/uploads\/2024\/05\/00054760.jpeg 1179w, https:\/\/www.saopaulo.sp.gov.br\/wp-content\/uploads\/2024\/05\/00054760-300x221.jpeg 300w, https:\/\/www.saopaulo.sp.gov.br\/wp-content\/uploads\/2024\/05\/00054760-1024x756.jpeg 1024w, https:\/\/www.saopaulo.sp.gov.br\/wp-content\/uploads\/2024\/05\/00054760-768x567.jpeg 768w\" sizes=\"auto, (max-width: 1179px) 100vw, 1179px\"\/><figcaption class=\"wp-caption-text\">Ao todo s\u00e3o 450 policiais envolvidos na opera\u00e7\u00e3o<\/figcaption><\/figure>\n<p>A Pol\u00edcia Militar Ambiental e o Minist\u00e9rio P\u00fablico deflagraram nesta quinta-feira (23) a Opera\u00e7\u00e3o Huracan, realizada em todo o estado de S\u00e3o Paulo, focada na preven\u00e7\u00e3o de inc\u00eandios florestais e seus impactos na sa\u00fade p\u00fablica. A opera\u00e7\u00e3o est\u00e1 mobilizando cerca de 450 policiais e segue um planejamento estrat\u00e9gico elaborado para direcionar eficazmente as a\u00e7\u00f5es em campo.<\/p>\n<p>A a\u00e7\u00e3o, que acontece no per\u00edodo de pr\u00e9-estiagem, inclui a vistoria de propriedades rurais e a orienta\u00e7\u00e3o aos propriet\u00e1rios sobre medidas de preven\u00e7\u00e3o, como a manuten\u00e7\u00e3o adequada dos aceiros e a correta implementa\u00e7\u00e3o de planos de preven\u00e7\u00e3o contra inc\u00eandios.<\/p>\n<p>As equipes que contam com efetivos dos cinco batalh\u00f5es da PM ambiental e promotores de Justi\u00e7a tamb\u00e9m percorrem trechos de aceiros, margens de rodovias e zonas de unidades de conserva\u00e7\u00e3o para garantir a prote\u00e7\u00e3o das \u00e1reas naturais e evitar a propaga\u00e7\u00e3o de inc\u00eandios.<\/p>\n<h3>Combate \u00e0 soltura de bal\u00f5es<\/h3>\n<p>A opera\u00e7\u00e3o tamb\u00e9m tem o objetivo de combater a fabrica\u00e7\u00e3o ilegal de bal\u00f5es, uma atividade que apresenta riscos significativos \u00e0 seguran\u00e7a p\u00fablica e ao meio ambiente.<\/p>\n<p>Os bal\u00f5es podem causar inc\u00eandios em \u00e1reas residenciais, industriais e florestais, al\u00e9m de representar perigo para a seguran\u00e7a de aeronaves.<\/p>\n<p>A PM ambiental refor\u00e7a que fabricar, vender, transportar e soltar bal\u00f5es \u00e9 crime previsto no artigo 42 da Lei n\u00ba 9.605\/98. Os envolvidos tamb\u00e9m podem ser responsabilizados por atentar contra a navega\u00e7\u00e3o a\u00e9rea, conforme o artigo 261 do C\u00f3digo Penal.<\/p>\n<p>A Opera\u00e7\u00e3o Huracan, cujo nome faz alus\u00e3o ao deus maia das cat\u00e1strofes naturais, inclui um componente did\u00e1tico importante, com a\u00e7\u00f5es de educa\u00e7\u00e3o ambiental nas redes sociais para conscientizar a popula\u00e7\u00e3o. \u201cA Opera\u00e7\u00e3o Huracan representa um esfor\u00e7o significativo para proteger o meio ambiente e a seguran\u00e7a p\u00fablica, promovendo a preven\u00e7\u00e3o de inc\u00eandios e a conscientiza\u00e7\u00e3o da sociedade\u201d, informou a PM ambiental.<\/p>\n<p>Siga o canal \u201cGoverno de S\u00e3o Paulo\u201d no WhatsApp:<br \/><a href=\"https:\/\/bit.ly\/govspnozap\" target=\"_blank\" rel=\"noopener noreferrer\">https:\/\/bit.ly\/govspnozap<\/a><\/p>\n<\/p><\/div>\n<p><br \/>\n<br \/><a href=\"https:\/\/www.saopaulo.sp.gov.br\/spnoticias\/ultimas-noticias\/policia-ambiental-e-ministerio-publico-realizam-operacao-contra-incendios-florestais\/\" rel=\"noopener\">Informa\u00e7\u00f5es GOV.SP<\/a><\/p>\n","protected":false},"excerpt":{"rendered":"<p>&#13; &#13; &#13; &#13; &#13; Opera\u00e7\u00e3o Huracan teve inicio nesta quinta-feira (23) em todo o estado de S\u00e3o Paulo e vai at\u00e9 esta sexta-feira (24) &#13; &#13; &#13; &#13; Ao todo s\u00e3o 450 policiais envolvidos na opera\u00e7\u00e3o A Pol\u00edcia Militar Ambiental e o Minist\u00e9rio P\u00fablico deflagraram nesta quinta-feira (23) a Opera\u00e7\u00e3o Huracan, realizada em todo [&hellip;]<\/p>\n","protected":false},"author":1,"featured_media":6186,"comment_status":"open","ping_status":"open","sticky":false,"template":"","format":"standard","meta":{"_jetpack_newsletter_access":"","_jetpack_dont_email_post_to_subs":false,"_jetpack_newsletter_tier_id":0,"_jetpack_memberships_contains_paywalled_content":false,"_mbp_banners":[],"_jetpack_feature_clip_id":0,"_jetpack_memberships_contains_paid_content":false,"footnotes":"","jetpack_publicize_message":"","jetpack_publicize_feature_enabled":true,"jetpack_social_post_already_shared":true,"jetpack_social_options":{"image_generator_settings":{"template":"highway","default_image_id":0,"font":"","enabled":false},"version":2},"jetpack_post_was_ever_published":false},"categories":[21],"tags":[],"class_list":["post-6185","post","type-post","status-publish","format-standard","has-post-thumbnail","category-sp-news"],"jetpack_publicize_connections":[],"jetpack-related-posts":[],"jetpack_shortlink":"https:\/\/wp.me\/p7Eq1F-1BL","jetpack_sharing_enabled":true,"jetpack_featured_media_url":"https:\/\/i0.wp.com\/guialimeira.com.br\/news\/wp-content\/uploads\/2024\/05\/Policia-Ambiental-e-Ministerio-Publico-realizam-operacao-contra-incendios-florestais.jpeg?fit=1179%2C870&ssl=1","_links":{"self":[{"href":"https:\/\/guialimeira.com.br\/news\/wp-json\/wp\/v2\/posts\/6185","targetHints":{"allow":["GET"]}}],"collection":[{"href":"https:\/\/guialimeira.com.br\/news\/wp-json\/wp\/v2\/posts"}],"about":[{"href":"https:\/\/guialimeira.com.br\/news\/wp-json\/wp\/v2\/types\/post"}],"author":[{"embeddable":true,"href":"https:\/\/guialimeira.com.br\/news\/wp-json\/wp\/v2\/users\/1"}],"replies":[{"embeddable":true,"href":"https:\/\/guialimeira.com.br\/news\/wp-json\/wp\/v2\/comments?post=6185"}],"version-history":[{"count":0,"href":"https:\/\/guialimeira.com.br\/news\/wp-json\/wp\/v2\/posts\/6185\/revisions"}],"wp:featuredmedia":[{"embeddable":true,"href":"https:\/\/guialimeira.com.br\/news\/wp-json\/wp\/v2\/media\/6186"}],"wp:attachment":[{"href":"https:\/\/guialimeira.com.br\/news\/wp-json\/wp\/v2\/media?parent=6185"}],"wp:term":[{"taxonomy":"category","embeddable":true,"href":"https:\/\/guialimeira.com.br\/news\/wp-json\/wp\/v2\/categories?post=6185"},{"taxonomy":"post_tag","embeddable":true,"href":"https:\/\/guialimeira.com.br\/news\/wp-json\/wp\/v2\/tags?post=6185"}],"curies":[{"name":"wp","href":"https:\/\/api.w.org\/{rel}","templated":true}]}}