{"id":61837,"date":"2026-04-17T11:41:00","date_gmt":"2026-04-17T14:41:00","guid":{"rendered":"https:\/\/guialimeira.com.br\/camara-de-limeira-lanca-campanha-de-contra-a-crueldade-animal\/"},"modified":"2026-04-17T11:41:00","modified_gmt":"2026-04-17T14:41:00","slug":"camara-de-limeira-lanca-campanha-de-contra-a-crueldade-animal","status":"publish","type":"post","link":"https:\/\/guialimeira.com.br\/news\/camara-de-limeira-lanca-campanha-de-contra-a-crueldade-animal\/","title":{"rendered":"C\u00e2mara de Limeira lan\u00e7a campanha de contra a crueldade animal"},"content":{"rendered":"<p>C\u00e2mara de Limeira lan\u00e7a campanha de contra a crueldade animal<\/p>\n<p>Com o objetivo de conscientizar a popula\u00e7\u00e3o contra a crueldade animal, a C\u00e2mara Municipal de Limeira lan\u00e7ou nesta sexta-feira, 17 de abril, a campanha do Abril Laranja. O material informativo divulgado nos canais oficiais de comunica\u00e7\u00e3o (no Instagram, site e Facebook) do Legislativo foi elaborado a pedido da Comiss\u00e3o de Meio Ambiente.<\/p>\n<p>O conte\u00fado alerta que maus-tratos \u00e9 crime e orienta a popula\u00e7\u00e3o a denunciar casos por meio do 190 (Pol\u00edcia Militar), 153 (Guarda Civil Municipal) e 156 (Prefeitura de Limeira).<\/p>\n<p>A vereadora Tatiane Lopes (Avante), vice-presidente do colegiado, defendeu a import\u00e2ncia de tornar conhecidas as leis da cidade que tratam sobre o tema, bem como de refor\u00e7ar a exist\u00eancia dos canais de den\u00fancias quando virem situa\u00e7\u00f5es de abuso e maus-tratos aos animais.<\/p>\n<p>Abril Laranja<\/p>\n<p>A campanha nasceu originalmente nos Estados Unidos, em 2006, por meio da Sociedade Americana para a Preven\u00e7\u00e3o da Crueldade contra Animais (ASPCA), com o objetivo de conscientizar e sensibilizar as pessoas sobre a import\u00e2ncia do respeito \u00e0 sa\u00fade e dignidade dos animais e prevenir os atos de maus-tratos e abuso.<\/p>\n<p>Em Limeira, a campanha Abril Laranja foi institu\u00edda no Calend\u00e1rio Oficial do Munic\u00edpio por meio da Lei Ordin\u00e1ria N\u00ba 6707\/2022, de autoria do ex-vereador Dr. J\u00falio C\u00e9sar Pereira.<\/p>\n<p>A Comiss\u00e3o<\/p>\n<p>S\u00e3o atribui\u00e7\u00f5es dos membros da Comiss\u00e3o de Meio Ambiente fiscalizar a implementa\u00e7\u00e3o de pol\u00edticas p\u00fablicas com tem\u00e1tica relacionada \u00e0 legisla\u00e7\u00e3o de defesa do meio ambiente, agricultura, recursos h\u00eddricos, saneamento, polui\u00e7\u00e3o ambiental, flora, fauna, controle e prote\u00e7\u00e3o animal, solo e desenvolvimento sustent\u00e1vel. Compete ainda ao colegiado receber den\u00fancias de viola\u00e7\u00e3o dos direitos dos animais, al\u00e9m de estudar e propor altera\u00e7\u00f5es na legisla\u00e7\u00e3o ambiental.<\/p>\n<p>Fazem parte do colegiado os vereadores Felipe Penedo (PL), presidente; Tatiane Lopes (Avante), vice-presidente; e Helder do Taxi (PSD), secret\u00e1rio.<\/p>\n<hr>\n<p><em>Fonte: <a href=\"https:\/\/www.limeira.sp.leg.br\/noticias\/view\/2026-04-17_camara-de-limeira-lanca-campanha-de-contra-a-crueldade-animal\" target=\"_blank\" rel=\"noopener\">C\u00e2mara Municipal de Limeira<\/a><\/em><\/p>\n","protected":false},"excerpt":{"rendered":"<p>C\u00e2mara de Limeira lan\u00e7a campanha de contra a crueldade animal<\/p>\n<p>Com o objetivo de conscientizar a popula\u00e7\u00e3o contra a crueldade animal, a C\u00e2mara Municipal de Limeira lan\u00e7ou nesta sexta-feira, 17 de abril, a campanha do Abril Laranja. O material informativo divulgado nos canais oficiais de comunica\u00e7\u00e3o <\/p>\n","protected":false},"author":4,"featured_media":61836,"comment_status":"","ping_status":"open","sticky":false,"template":"","format":"standard","meta":{"_jetpack_newsletter_access":"","_jetpack_dont_email_post_to_subs":false,"_jetpack_newsletter_tier_id":0,"_jetpack_memberships_contains_paywalled_content":false,"_mbp_banners":[],"_jetpack_feature_clip_id":0,"_jetpack_memberships_contains_paid_content":false,"footnotes":"","jetpack_publicize_message":"","jetpack_publicize_feature_enabled":true,"jetpack_social_post_already_shared":true,"jetpack_social_options":{"image_generator_settings":{"template":"highway","default_image_id":0,"font":"","enabled":false},"version":2},"jetpack_post_was_ever_published":false},"categories":[19],"tags":[],"class_list":["post-61837","post","type-post","status-publish","format-standard","has-post-thumbnail","category-politica"],"jetpack_publicize_connections":[],"jetpack-related-posts":[],"jetpack_shortlink":"https:\/\/wp.me\/p7Eq1F-g5n","jetpack_sharing_enabled":true,"jetpack_featured_media_url":"https:\/\/i0.wp.com\/guialimeira.com.br\/news\/wp-content\/uploads\/2026\/04\/noticia-camara-97.jpg?fit=1280%2C640&ssl=1","_links":{"self":[{"href":"https:\/\/guialimeira.com.br\/news\/wp-json\/wp\/v2\/posts\/61837","targetHints":{"allow":["GET"]}}],"collection":[{"href":"https:\/\/guialimeira.com.br\/news\/wp-json\/wp\/v2\/posts"}],"about":[{"href":"https:\/\/guialimeira.com.br\/news\/wp-json\/wp\/v2\/types\/post"}],"author":[{"embeddable":true,"href":"https:\/\/guialimeira.com.br\/news\/wp-json\/wp\/v2\/users\/4"}],"replies":[{"embeddable":true,"href":"https:\/\/guialimeira.com.br\/news\/wp-json\/wp\/v2\/comments?post=61837"}],"version-history":[{"count":0,"href":"https:\/\/guialimeira.com.br\/news\/wp-json\/wp\/v2\/posts\/61837\/revisions"}],"wp:featuredmedia":[{"embeddable":true,"href":"https:\/\/guialimeira.com.br\/news\/wp-json\/wp\/v2\/media\/61836"}],"wp:attachment":[{"href":"https:\/\/guialimeira.com.br\/news\/wp-json\/wp\/v2\/media?parent=61837"}],"wp:term":[{"taxonomy":"category","embeddable":true,"href":"https:\/\/guialimeira.com.br\/news\/wp-json\/wp\/v2\/categories?post=61837"},{"taxonomy":"post_tag","embeddable":true,"href":"https:\/\/guialimeira.com.br\/news\/wp-json\/wp\/v2\/tags?post=61837"}],"curies":[{"name":"wp","href":"https:\/\/api.w.org\/{rel}","templated":true}]}}