{"id":61833,"date":"2026-04-17T11:20:59","date_gmt":"2026-04-17T14:20:59","guid":{"rendered":"https:\/\/guialimeira.com.br\/comissao-de-meio-ambiente-solicita-informacoes-da-prefeitura-sobre-a-revisao-do-plano-diretor\/"},"modified":"2026-04-17T11:20:59","modified_gmt":"2026-04-17T14:20:59","slug":"comissao-de-meio-ambiente-solicita-informacoes-da-prefeitura-sobre-a-revisao-do-plano-diretor","status":"publish","type":"post","link":"https:\/\/guialimeira.com.br\/news\/comissao-de-meio-ambiente-solicita-informacoes-da-prefeitura-sobre-a-revisao-do-plano-diretor\/","title":{"rendered":"Comiss\u00e3o de Meio Ambiente solicita informa\u00e7\u00f5es da Prefeitura sobre a revis\u00e3o do Plano Diretor"},"content":{"rendered":"<p>Comiss\u00e3o de Meio Ambiente solicita informa\u00e7\u00f5es da Prefeitura sobre a revis\u00e3o do Plano Diretor<\/p>\n<p>O processo de Plano Diretor Territorial Ambiental foi pautado pela Comiss\u00e3o de Meio Ambiente da C\u00e2mara Municipal de Limeira na reuni\u00e3o desta quinta-feira, 16 de abril. O colegiado deliberou retomar as discuss\u00f5es sobre o tema e encaminhou pedido de atualiza\u00e7\u00f5es \u00e0 Prefeitura sobre o andamento dos trabalhos.<\/p>\n<p>Os vereadores solicitaram ao Poder Executivo que envie c\u00f3pias das atas das oficinas, das audi\u00eancias p\u00fablicas e dos relat\u00f3rios das atividades realizadas at\u00e9 o momento.\u00a0 O presidente da Comiss\u00e3o, Felipe Penedo (PL), falou da import\u00e2ncia do Plano Diretor com um instrumento que orienta o desenvolvimento e o crescimento municipal. Ele sinalizou que o objetivo do colegiado \u00e9 verificar os avan\u00e7os da elabora\u00e7\u00e3o do Plano desde as \u00faltimas discuss\u00f5es.<\/p>\n<p>O assunto vem sendo debatido pela C\u00e2mara desde 2025, quando foram realizadas reuni\u00f5es t\u00e9cnicas e tr\u00eas audi\u00eancias p\u00fablicas organizadas pela Prefeitura; a \u00faltima delas ocorreu em setembro.<\/p>\n<p>Novos loteamentos<\/p>\n<p>Durante a reuni\u00e3o desta semana, a Comiss\u00e3o de Meio Ambiente tamb\u00e9m abordou os impactos ambientais e contrapartidas decorrentes da implanta\u00e7\u00e3o dos loteamentos como o Novos Bandeirantes e Recanto das Arauc\u00e1rias, na regi\u00e3o da Avenida Prefeito Ary Levy Pereira. O colegiado agendou uma visita ao local para 23 de abril, \u00e0s 15h.<\/p>\n<p>A vereadora Tatiane Lopes (Avante) detalhou que a \u00e1rea \u00e9 perme\u00e1vel para drenagem de \u00e1guas pluviais, contudo h\u00e1 preocupa\u00e7\u00e3o sobre o impacto das obras no meio ambiente o que motiva a necessidade de verifica\u00e7\u00e3o das medidas de preserva\u00e7\u00e3o da fauna, da flora, bem como das a\u00e7\u00f5es de compensa\u00e7\u00e3o ambiental por meio da arboriza\u00e7\u00e3o urbana.<\/p>\n<p>Fazem parte da Comiss\u00e3o os vereadores Felipe Penedo (PL), presidente; Tatiane Lopes (Avante), vice-presidente; e Helder do T\u00e1xi (PSD), secret\u00e1rio. As delibera\u00e7\u00f5es feitas durante a reuni\u00e3o constam em ata.<\/p>\n<hr>\n<p><em>Fonte: <a href=\"https:\/\/www.limeira.sp.leg.br\/noticias\/view\/2026-04-17_comissao-de-meio-ambiente-solicita-informacoes-da-prefeitura-sobre-a-revisao-do-plano-diretor\" target=\"_blank\" rel=\"noopener\">C\u00e2mara Municipal de Limeira<\/a><\/em><\/p>\n","protected":false},"excerpt":{"rendered":"<p>Comiss\u00e3o de Meio Ambiente solicita informa\u00e7\u00f5es da Prefeitura sobre a revis\u00e3o do Plano Diretor<\/p>\n<p>O processo de Plano Diretor Territorial Ambiental foi pautado pela Comiss\u00e3o de Meio Ambiente da C\u00e2mara Municipal de Limeira na reuni\u00e3o desta quinta-feira, 16 de abril. O colegiado deliberou retomar as disc<\/p>\n","protected":false},"author":4,"featured_media":61832,"comment_status":"","ping_status":"open","sticky":false,"template":"","format":"standard","meta":{"_jetpack_newsletter_access":"","_jetpack_dont_email_post_to_subs":false,"_jetpack_newsletter_tier_id":0,"_jetpack_memberships_contains_paywalled_content":false,"_mbp_banners":[],"_jetpack_feature_clip_id":0,"_jetpack_memberships_contains_paid_content":false,"footnotes":"","jetpack_publicize_message":"","jetpack_publicize_feature_enabled":true,"jetpack_social_post_already_shared":true,"jetpack_social_options":{"image_generator_settings":{"template":"highway","default_image_id":0,"font":"","enabled":false},"version":2},"jetpack_post_was_ever_published":false},"categories":[19],"tags":[],"class_list":["post-61833","post","type-post","status-publish","format-standard","has-post-thumbnail","category-politica"],"jetpack_publicize_connections":[],"jetpack-related-posts":[],"jetpack_shortlink":"https:\/\/wp.me\/p7Eq1F-g5j","jetpack_sharing_enabled":true,"jetpack_featured_media_url":"https:\/\/i0.wp.com\/guialimeira.com.br\/news\/wp-content\/uploads\/2026\/04\/noticia-camara-95.jpg?fit=1280%2C640&ssl=1","_links":{"self":[{"href":"https:\/\/guialimeira.com.br\/news\/wp-json\/wp\/v2\/posts\/61833","targetHints":{"allow":["GET"]}}],"collection":[{"href":"https:\/\/guialimeira.com.br\/news\/wp-json\/wp\/v2\/posts"}],"about":[{"href":"https:\/\/guialimeira.com.br\/news\/wp-json\/wp\/v2\/types\/post"}],"author":[{"embeddable":true,"href":"https:\/\/guialimeira.com.br\/news\/wp-json\/wp\/v2\/users\/4"}],"replies":[{"embeddable":true,"href":"https:\/\/guialimeira.com.br\/news\/wp-json\/wp\/v2\/comments?post=61833"}],"version-history":[{"count":0,"href":"https:\/\/guialimeira.com.br\/news\/wp-json\/wp\/v2\/posts\/61833\/revisions"}],"wp:featuredmedia":[{"embeddable":true,"href":"https:\/\/guialimeira.com.br\/news\/wp-json\/wp\/v2\/media\/61832"}],"wp:attachment":[{"href":"https:\/\/guialimeira.com.br\/news\/wp-json\/wp\/v2\/media?parent=61833"}],"wp:term":[{"taxonomy":"category","embeddable":true,"href":"https:\/\/guialimeira.com.br\/news\/wp-json\/wp\/v2\/categories?post=61833"},{"taxonomy":"post_tag","embeddable":true,"href":"https:\/\/guialimeira.com.br\/news\/wp-json\/wp\/v2\/tags?post=61833"}],"curies":[{"name":"wp","href":"https:\/\/api.w.org\/{rel}","templated":true}]}}