{"id":61827,"date":"2026-04-17T10:50:48","date_gmt":"2026-04-17T13:50:48","guid":{"rendered":"https:\/\/guialimeira.com.br\/queda-de-energia-e-poda-de-arvores-comissao-de-obras-promove-dialogo-com-prefeitura-e-neoenergia\/"},"modified":"2026-04-17T10:50:48","modified_gmt":"2026-04-17T13:50:48","slug":"queda-de-energia-e-poda-de-arvores-comissao-de-obras-promove-dialogo-com-prefeitura-e-neoenergia","status":"publish","type":"post","link":"https:\/\/guialimeira.com.br\/news\/queda-de-energia-e-poda-de-arvores-comissao-de-obras-promove-dialogo-com-prefeitura-e-neoenergia\/","title":{"rendered":"Queda de energia e poda de \u00e1rvores: Comiss\u00e3o de Obras promove di\u00e1logo com Prefeitura e Neoenergia"},"content":{"rendered":"<p>Comiss\u00e3o de Obras promove di\u00e1logo com Prefeitura e Neoenergia sobre queda de energia e poda de \u00e1rvores<\/p>\n<p>Com o objetivo de debater a situa\u00e7\u00e3o de interrup\u00e7\u00f5es no fornecimento de energia el\u00e9trica e o cronograma de poda de \u00e1rvores, a Comiss\u00e3o de Obras e Planejamento Urbano da C\u00e2mara Municipal de Limeira reuniu-se com representantes da concession\u00e1ria Neoenergia Elektro e secret\u00e1rios da Prefeitura. O di\u00e1logo ocorreu nesta quinta-feira, 16 de abril, e tamb\u00e9m teve como pauta a manuten\u00e7\u00e3o das estradas rurais.<\/p>\n<p>Fazem parte do colegiado os vereadores Helder do T\u00e1xi (PSD), presidente; M\u00e1rcio do Estacionamento (DC), vice-presidente; e Jo\u00e3o Antunes Bano (Solidariedade), secret\u00e1rio. As delibera\u00e7\u00f5es dos membros foram registradas em ata. A discuss\u00e3o foi transmitida e o v\u00eddeo na \u00edntegra est\u00e1 dispon\u00edvel neste link.<\/p>\n<p>Representando o Poder Executivo participaram a secret\u00e1ria Antonieta Polatto (Agroneg\u00f3cios e \u00c1reas Rurais), F\u00e1bio Luccas Rosa Junior (Meio Ambiente e Saneamento), Fl\u00e1vio Magdesian (Assuntos Jur\u00eddicos), o diretor do Departamento de Manuten\u00e7\u00e3o, Conserva\u00e7\u00e3o e Servi\u00e7os P\u00fablicos, Renan Corbini, da Secretaria de Obras. Jo\u00e1s Rodrigues falou em nome da concession\u00e1ria Neoenergia.<\/p>\n<p>Fornecimento de energia<\/p>\n<p>As interrup\u00e7\u00f5es no fornecimento de energia el\u00e9trica foi o tema central no di\u00e1logo com a concession\u00e1ria e a Prefeitura. Os vereadores questionaram sobre os investimentos realizados para melhoria do servi\u00e7o.\u00a0 De acordo com Jo\u00e1s, os valores destinados \u00e0 expans\u00e3o e manuten\u00e7\u00e3o da rede de distribui\u00e7\u00e3o em Limeira chegam a R$ 60 milh\u00f5es nos \u00faltimos dois anos.\u00a0 A concession\u00e1ria detalhou sobre a atividade da Subesta\u00e7\u00e3o Limeira 3, que recebeu um investimento de R$ 18 milh\u00f5es em reformas e atualiza\u00e7\u00e3o tecnol\u00f3gica, integrando um aporte de R$ 30 milh\u00f5es voltado \u00e0 disponibilidade de energia e novas tecnologias de rede.<\/p>\n<p>Em rela\u00e7\u00e3o \u00e0s chamadas quedas de energia, ele explicou que h\u00e1 diferentes causas. Um dos fatores apontados s\u00e3o as oscila\u00e7\u00f5es de tens\u00e3o atribu\u00eddas ao consumo de carga em rela\u00e7\u00e3o \u00e0 carga declarada e \u00e0 utiliza\u00e7\u00e3o efetiva da rede. Sobre essas situa\u00e7\u00f5es, a concession\u00e1ria sinalizou que mant\u00e9m um trabalho de coopera\u00e7\u00e3o com a Secretaria de Desenvolvimento para o mapeamento de empresas que demandam aumento de carga ou apoio t\u00e9cnico espec\u00edfico.<\/p>\n<p>Al\u00e9m disso, Jo\u00e1s Rodrigues esclareceu que o sistema possui disponibilidade de energia para atender \u00e0 demanda e que mant\u00e9m atendimento de casos pontuais nas \u00e1reas urbana e rural. Esse trabalho inclui, segundo a Neoenergia, orienta\u00e7\u00f5es aos clientes sobre o dimensionamento de demanda e o cumprimento dos requisitos de carga para evitar sobrecargas no sistema de distribui\u00e7\u00e3o.<\/p>\n<p>O servidor Marcelo Bueno dos Reis, da Secretaria de Desenvolvimento Econ\u00f4mico, contribuiu com a discuss\u00e3o, ao destacar que parte das oscila\u00e7\u00f5es ocorrem em raz\u00e3o do aumento da demanda de carga em bairros que se transformaram de residenciais em polos comerciais, como o setor de joias. Para solucionar quest\u00f5es como essa, foi informado que h\u00e1 um grupo de trabalho permanente envolvendo a Prefeitura, Ciesp, Fiesp e Acil, que est\u00e1 mapeando as demandas de produ\u00e7\u00e3o das empresas.<\/p>\n<p>A concession\u00e1ria tamb\u00e9m mencionou a import\u00e2ncia de articula\u00e7\u00e3o entre o Munic\u00edpio e os \u00f3rg\u00e3os federais sobre a necessidade de investimentos na gera\u00e7\u00e3o e transmiss\u00e3o de energia, especialmente para atender empresas de grande porte que buscam investir em Limeira.<\/p>\n<p>Ilumina\u00e7\u00e3o led<\/p>\n<p>Questionados pela Comiss\u00e3o sobre a moderniza\u00e7\u00e3o do sistema, a administra\u00e7\u00e3o municipal confirmou que o processo de licita\u00e7\u00e3o para a ilumina\u00e7\u00e3o em LED avan\u00e7ou, que est\u00e1 na fase de an\u00e1lise jur\u00eddica, com expectativa de conclus\u00e3o em cerca de 120 dias, caso n\u00e3o haja apontamentos t\u00e9cnicos para adequa\u00e7\u00f5es documentais.<\/p>\n<p>Poda de \u00e1rvores<\/p>\n<p>Para reduzir o risco de interrup\u00e7\u00e3o no fornecimento de energia causado pela interfer\u00eancia de \u00e1rvores na rede el\u00e9trica, o servi\u00e7o de poda foi outra abordagem feita pelo colegiado. Os representantes da Prefeitura detalharam que esse trabalho \u00e9 realizado preventivamente para evitar que as copas cheguem \u00e0 fia\u00e7\u00e3o, isso porque o contato com fios os galhos podem romper cabos e causar curtos-circuitos, especialmente em per\u00edodos de chuvas ou ventos fortes.<\/p>\n<p>O diretor da Secretaria de Obras afirmou que a poda \u00e9 feita pela Prefeitura quando h\u00e1 uma dist\u00e2ncia segura em rela\u00e7\u00e3o \u00e0 rede el\u00e9trica. O setor de servi\u00e7os p\u00fablicos informou a realiza\u00e7\u00e3o de 600 podas nas \u00faltimas semanas. Renan Corbini afirmou ainda que h\u00e1 um di\u00e1logo com as empresas contratadas para agilizar a retirada de res\u00edduos das vias ap\u00f3s as manuten\u00e7\u00f5es dos indiv\u00edduos arb\u00f3reos.<\/p>\n<p>J\u00e1 a Neoenergia relatou que tamb\u00e9m atua nesse servi\u00e7o quando h\u00e1 maior proximidade entre os galhos e a fia\u00e7\u00e3o el\u00e9trica, para evitar riscos de acidentes; Acerca do cronograma de execu\u00e7\u00f5es e demandas acumuladas, a equipe da Neoenergia informou intensificar\u00e1 mutir\u00f5es de poda com foco nas principais art\u00e9rias da cidade, nos meses de junho e julho, quando as condi\u00e7\u00f5es clim\u00e1ticas s\u00e3o mais favor\u00e1veis.<\/p>\n<p>Estradas rurais<\/p>\n<p>Em continuidade \u00e0 reuni\u00e3o do dia 19 de mar\u00e7o, a Comiss\u00e3o de Obras retomou o questionamento ao Poder Executivo se houve avan\u00e7os na manuten\u00e7\u00e3o das estradas rurais. A secretaria de \u00c1reas Rurais respondeu que cerca de 81 quil\u00f4metros de vias foram recuperados at\u00e9 o fim de mar\u00e7o, priorizando rotas de \u00f4nibus escolares que estavam, inclusive, impactando o acesso de alunos \u00e0s aulas. Antonieta Polatto assegurou aos vereadores o prosseguimento dos trabalhos. Sobre a programa\u00e7\u00e3o, afirmou que as equipes atuam na \u00e1rea rural do Santa Helena, e que nos pr\u00f3ximos dois dias devem seguir para a regi\u00e3o da Igreja do Santo Ant\u00f4nio e do Z\u00e9 do Pote.<\/p>\n<hr>\n<p><em>Fonte: <a href=\"https:\/\/www.limeira.sp.leg.br\/noticias\/view\/2026-04-17_queda-de-energia-e-poda-de-arvores-comissao-de-obras-promove-dialogo-com-prefeitura-e-neoenergia\" target=\"_blank\" rel=\"noopener\">C\u00e2mara Municipal de Limeira<\/a><\/em><\/p>\n","protected":false},"excerpt":{"rendered":"<p>Comiss\u00e3o de Obras promove di\u00e1logo com Prefeitura e Neoenergia sobre queda de energia e poda de \u00e1rvores<\/p>\n<p>Com o objetivo de debater a situa\u00e7\u00e3o de interrup\u00e7\u00f5es no fornecimento de energia el\u00e9trica e o cronograma de poda de \u00e1rvores, a Comiss\u00e3o de Obras e Planejamento Urbano da C\u00e2mara Municipal de Limeira<\/p>\n","protected":false},"author":4,"featured_media":61826,"comment_status":"","ping_status":"open","sticky":false,"template":"","format":"standard","meta":{"_jetpack_newsletter_access":"","_jetpack_dont_email_post_to_subs":false,"_jetpack_newsletter_tier_id":0,"_jetpack_memberships_contains_paywalled_content":false,"_mbp_banners":[],"_jetpack_feature_clip_id":0,"_jetpack_memberships_contains_paid_content":false,"footnotes":"","jetpack_publicize_message":"","jetpack_publicize_feature_enabled":true,"jetpack_social_post_already_shared":true,"jetpack_social_options":{"image_generator_settings":{"template":"highway","default_image_id":0,"font":"","enabled":false},"version":2},"jetpack_post_was_ever_published":false},"categories":[19],"tags":[],"class_list":["post-61827","post","type-post","status-publish","format-standard","has-post-thumbnail","category-politica"],"jetpack_publicize_connections":[],"jetpack-related-posts":[],"jetpack_shortlink":"https:\/\/wp.me\/p7Eq1F-g5d","jetpack_sharing_enabled":true,"jetpack_featured_media_url":"https:\/\/i0.wp.com\/guialimeira.com.br\/news\/wp-content\/uploads\/2026\/04\/noticia-camara-94.jpg?fit=1280%2C640&ssl=1","_links":{"self":[{"href":"https:\/\/guialimeira.com.br\/news\/wp-json\/wp\/v2\/posts\/61827","targetHints":{"allow":["GET"]}}],"collection":[{"href":"https:\/\/guialimeira.com.br\/news\/wp-json\/wp\/v2\/posts"}],"about":[{"href":"https:\/\/guialimeira.com.br\/news\/wp-json\/wp\/v2\/types\/post"}],"author":[{"embeddable":true,"href":"https:\/\/guialimeira.com.br\/news\/wp-json\/wp\/v2\/users\/4"}],"replies":[{"embeddable":true,"href":"https:\/\/guialimeira.com.br\/news\/wp-json\/wp\/v2\/comments?post=61827"}],"version-history":[{"count":0,"href":"https:\/\/guialimeira.com.br\/news\/wp-json\/wp\/v2\/posts\/61827\/revisions"}],"wp:featuredmedia":[{"embeddable":true,"href":"https:\/\/guialimeira.com.br\/news\/wp-json\/wp\/v2\/media\/61826"}],"wp:attachment":[{"href":"https:\/\/guialimeira.com.br\/news\/wp-json\/wp\/v2\/media?parent=61827"}],"wp:term":[{"taxonomy":"category","embeddable":true,"href":"https:\/\/guialimeira.com.br\/news\/wp-json\/wp\/v2\/categories?post=61827"},{"taxonomy":"post_tag","embeddable":true,"href":"https:\/\/guialimeira.com.br\/news\/wp-json\/wp\/v2\/tags?post=61827"}],"curies":[{"name":"wp","href":"https:\/\/api.w.org\/{rel}","templated":true}]}}