{"id":6178,"date":"2024-05-23T20:22:44","date_gmt":"2024-05-23T23:22:44","guid":{"rendered":"https:\/\/guialimeira.com.br\/2024\/05\/23\/secretaria-de-saude-do-rio-alerta-sobre-baixa-vacinacao-contra-a-gripe\/"},"modified":"2024-05-23T20:22:44","modified_gmt":"2024-05-23T23:22:44","slug":"secretaria-de-saude-do-rio-alerta-sobre-baixa-vacinacao-contra-a-gripe","status":"publish","type":"post","link":"https:\/\/guialimeira.com.br\/news\/secretaria-de-saude-do-rio-alerta-sobre-baixa-vacinacao-contra-a-gripe\/","title":{"rendered":"Secretaria de Sa\u00fade do Rio alerta sobre baixa vacina\u00e7\u00e3o contra a gripe"},"content":{"rendered":"<p> <br \/>\n<\/p>\n<div>\n<p>A baixa cobertura vacinal contra a gripe no Rio levou a Secretaria de Estado de Sa\u00fade (SES-RJ) a emitir um alerta nesta quinta-feira\u00a0(23), com informa\u00e7\u00f5es da Rede Nacional de Dados em Sa\u00fade (RNDS). De acordo com os n\u00fameros, at\u00e9 esta quarta-feira (22), 2.152.501 doses do imunizante contra a influenza foram aplicadas no estado, o que representa cobertura de apenas 27,44%.<img data-recalc-dims=\"1\" decoding=\"async\" src=\"https:\/\/i0.wp.com\/agenciabrasil.ebc.com.br\/ebc.png?w=696&#038;ssl=1\" style=\"width:1px; height:1px; display:inline;\"\/><img data-recalc-dims=\"1\" decoding=\"async\" src=\"https:\/\/i0.wp.com\/agenciabrasil.ebc.com.br\/ebc.gif?w=696&#038;ssl=1\" style=\"width:1px; height:1px; display:inline;\"\/><\/p>\n<p>Segundo o Minist\u00e9rio da Sa\u00fade, o Rio de Janeiro tem 3.025.625 pessoas com 60 anos ou mais de idade. Desse total, apenas 876.795 foram vacinadas contra a gripe em 2024. Os n\u00fameros representam uma cobertura de 28,98% desse p\u00fablico. A situa\u00e7\u00e3o \u00e9 pior no caso de crian\u00e7as, que t\u00eam cobertura de 19,06%, e de\u00a0gestantes, com apenas 6%.<\/p>\n<p>A Campanha de Vacina\u00e7\u00e3o contra a Gripe foi iniciada em 25 de mar\u00e7o no estado do Rio, com a meta de atingir pelo menos 90% dos grupos priorit\u00e1rios, entre eles, crian\u00e7as de 6 meses a menores de 6 anos de idade (5 anos, 11 meses e 29 dias); idosos com 60 anos ou mais de idade; e gestantes. A campanha vai at\u00e9 31 de maio.<\/p>\n<p>\u201cVemos com preocupa\u00e7\u00e3o a n\u00e3o ades\u00e3o da popula\u00e7\u00e3o com a vacina da gripe, especialmente dos mais vulner\u00e1veis, como as crian\u00e7as, os idosos e as gestantes. As vacinas s\u00e3o seguras e est\u00e3o dispon\u00edveis nas unidades de sa\u00fade. A gripe pode ser agravada para o que chamamos de S\u00edndrome Respirat\u00f3ria Aguda Grave, e mata. Vacinem-se\u201d, recomendou a\u00a0secret\u00e1ria de Estado de Sa\u00fade do Rio.<\/p>\n<p>O monitoramento feito pelo Centro de Intelig\u00eancia em Sa\u00fade (CIS-RJ) aponta que, de janeiro a maio deste ano, foram registradas 5.614 interna\u00e7\u00f5es por S\u00edndrome Respirat\u00f3ria Aguda Grave (SRAG), que s\u00e3o os casos graves de gripe. Das 713 mortes\u00a0registradas, 515 foram em idosos, ou seja, 72%.<\/p>\n<p>A regi\u00e3o serrana apresenta a melhor cobertura vacinal entre as nove regi\u00f5es do Estado. At\u00e9 agora, conta com 33,38% da popula\u00e7\u00e3o-alvo vacinada, seguida pela M\u00e9dio Para\u00edba, com 32,07%. As demais s\u00e3o:\u00a0Metropolitana l (28,31%), Centro-Sul (27,61%), Metropolitana ll (26,60%), Noroeste Fluminense (24%%), Ba\u00eda da Ilha Grande (23,93%), Baixada Litor\u00e2nea (19,26%) e Norte Fluminense, (18,47%).<\/p>\n<p>A Secretaria de Estado de Sa\u00fade informa que as estrat\u00e9gias e os hor\u00e1rios de funcionamento dos postos de vacina\u00e7\u00e3o podem variar de cidade para cidade. As doses\u00a0contra a gripe podem ser administradas simultaneamente com\u00a0outras vacinas do Calend\u00e1rio Nacional de Vacina\u00e7\u00e3o e tamb\u00e9m com outros medicamentos.<\/p>\n<\/p><\/div>\n<p><br \/>\n<br \/><a href=\"https:\/\/agenciabrasil.ebc.com.br\/saude\/noticia\/2024-05\/secretaria-de-saude-do-rio-alerta-sobre-baixa-vacinacao-contra-gripe\" rel=\"noopener\">Ag\u00eancia Brasil <\/a><\/p>\n","protected":false},"excerpt":{"rendered":"<p>A baixa cobertura vacinal contra a gripe no Rio levou a Secretaria de Estado de Sa\u00fade (SES-RJ) a emitir um alerta nesta quinta-feira\u00a0(23), com informa\u00e7\u00f5es da Rede Nacional de Dados em Sa\u00fade (RNDS). De acordo com os n\u00fameros, at\u00e9 esta quarta-feira (22), 2.152.501 doses do imunizante contra a influenza foram aplicadas no estado, o que [&hellip;]<\/p>\n","protected":false},"author":1,"featured_media":6086,"comment_status":"open","ping_status":"open","sticky":false,"template":"","format":"standard","meta":{"_jetpack_newsletter_access":"","_jetpack_dont_email_post_to_subs":false,"_jetpack_newsletter_tier_id":0,"_jetpack_memberships_contains_paywalled_content":false,"_mbp_banners":[],"_jetpack_feature_clip_id":0,"_jetpack_memberships_contains_paid_content":false,"footnotes":"","jetpack_publicize_message":"","jetpack_publicize_feature_enabled":true,"jetpack_social_post_already_shared":true,"jetpack_social_options":{"image_generator_settings":{"template":"highway","default_image_id":0,"font":"","enabled":false},"version":2},"jetpack_post_was_ever_published":false},"categories":[15],"tags":[],"class_list":["post-6178","post","type-post","status-publish","format-standard","has-post-thumbnail","category-saude"],"jetpack_publicize_connections":[],"jetpack-related-posts":[],"jetpack_shortlink":"https:\/\/wp.me\/p7Eq1F-1BE","jetpack_sharing_enabled":true,"jetpack_featured_media_url":"https:\/\/i0.wp.com\/guialimeira.com.br\/news\/wp-content\/uploads\/2024\/05\/dsc8088.jpg?fit=1600%2C800&ssl=1","_links":{"self":[{"href":"https:\/\/guialimeira.com.br\/news\/wp-json\/wp\/v2\/posts\/6178","targetHints":{"allow":["GET"]}}],"collection":[{"href":"https:\/\/guialimeira.com.br\/news\/wp-json\/wp\/v2\/posts"}],"about":[{"href":"https:\/\/guialimeira.com.br\/news\/wp-json\/wp\/v2\/types\/post"}],"author":[{"embeddable":true,"href":"https:\/\/guialimeira.com.br\/news\/wp-json\/wp\/v2\/users\/1"}],"replies":[{"embeddable":true,"href":"https:\/\/guialimeira.com.br\/news\/wp-json\/wp\/v2\/comments?post=6178"}],"version-history":[{"count":0,"href":"https:\/\/guialimeira.com.br\/news\/wp-json\/wp\/v2\/posts\/6178\/revisions"}],"wp:featuredmedia":[{"embeddable":true,"href":"https:\/\/guialimeira.com.br\/news\/wp-json\/wp\/v2\/media\/6086"}],"wp:attachment":[{"href":"https:\/\/guialimeira.com.br\/news\/wp-json\/wp\/v2\/media?parent=6178"}],"wp:term":[{"taxonomy":"category","embeddable":true,"href":"https:\/\/guialimeira.com.br\/news\/wp-json\/wp\/v2\/categories?post=6178"},{"taxonomy":"post_tag","embeddable":true,"href":"https:\/\/guialimeira.com.br\/news\/wp-json\/wp\/v2\/tags?post=6178"}],"curies":[{"name":"wp","href":"https:\/\/api.w.org\/{rel}","templated":true}]}}