{"id":61765,"date":"2026-04-16T18:50:56","date_gmt":"2026-04-16T21:50:56","guid":{"rendered":"https:\/\/guialimeira.com.br\/comissao-de-seguranca-realiza-diligencia-no-bairro-odecio-degan-para-avaliar-demandas-da-regiao\/"},"modified":"2026-04-16T18:50:56","modified_gmt":"2026-04-16T21:50:56","slug":"comissao-de-seguranca-realiza-diligencia-no-bairro-odecio-degan-para-avaliar-demandas-da-regiao","status":"publish","type":"post","link":"https:\/\/guialimeira.com.br\/news\/comissao-de-seguranca-realiza-diligencia-no-bairro-odecio-degan-para-avaliar-demandas-da-regiao\/","title":{"rendered":"Comiss\u00e3o de Seguran\u00e7a realiza dilig\u00eancia no bairro Od\u00e9cio Degan para avaliar demandas da regi\u00e3o"},"content":{"rendered":"<p>Comiss\u00e3o de Seguran\u00e7a realiza dilig\u00eancia no bairro Od\u00e9cio Degan para avaliar demandas da regi\u00e3o<\/p>\n<p>A Comiss\u00e3o de Seguran\u00e7a P\u00fablica visitou a Rua H\u00e9lio Aparecido Clemente, no bairro Od\u00e9cio Degan, nesta quinta-feira, 16 de abril. O objetivo foi verificar no local situa\u00e7\u00f5es que t\u00eam gerado a sensa\u00e7\u00e3o de inseguran\u00e7a entre os moradores, em especial den\u00fancias de perturba\u00e7\u00e3o do sossego ligadas a estabelecimentos comerciais de bebidas, al\u00e9m da presen\u00e7a de pessoas em situa\u00e7\u00e3o de rua.<\/p>\n<p>O colegiado \u00e9 formado pelos vereadores Costa J\u00fanior (Podemos), presidente; Felipe Penedo (PL), vice-presidente, e Carlinhos do Grotta (PL), secret\u00e1rio, e contou com o suporte da Guarda Civil Municipal (GCM) e da Pol\u00edcia Militar (PM). Durante a a\u00e7\u00e3o, equipes da Secretaria de Promo\u00e7\u00e3o Social Municipal (Seprosom) realizaram abordagens de acolhimento a pessoas que estavam em barracos, enquanto fiscais da Secretaria Municipal de Fazenda verificaram a regularidade de funcionamento dos com\u00e9rcios na \u00e1rea.<\/p>\n<p>Entre os problemas observados, os vereadores citaram que a situa\u00e7\u00e3o de inseguran\u00e7a \u00e9 agravada por defici\u00eancias de infraestrutura urbana, como ilumina\u00e7\u00e3o p\u00fablica, mato alto, al\u00e9m da exist\u00eancia de constru\u00e7\u00f5es irregulares em \u00e1reas de dom\u00ednio da Prefeitura. Segundo o vereador Costa J\u00fanior, o colegiado deve encaminhar, na pr\u00f3xima reuni\u00e3o, requerimentos \u00e0 administra\u00e7\u00e3o municipal solicitando as interven\u00e7\u00f5es e pedidos de informa\u00e7\u00f5es acerca do que verificaram.<\/p>\n<p>A \u00e1rea visitada \u00e9 alvo de den\u00fancias de aglomera\u00e7\u00e3o de pessoas ap\u00f3s as 23h, no entorno de um com\u00e9rcio de bebidas do bairro, com ocorr\u00eancias de polui\u00e7\u00e3o sonora e consumo de \u00e1lcool e drogas. Na semana passada, a Comiss\u00e3o debateu a necessidade de aprimoramento das regras de licenciamento para atividades de adegas, &#8220;tchays&#8221; e com\u00e9rcios similares.<\/p>\n<p>A elabora\u00e7\u00e3o de um relat\u00f3rio t\u00e9cnico foi solicitada \u00e0 Consultoria Especializada da C\u00e2mara focada no impacto de vizinhan\u00e7a desses estabelecimentos. A finalidade \u00e9 propor novas diretrizes que atendam \u00e0s demandas de seguran\u00e7a p\u00fablica nas \u00e1reas residenciais da cidade.<\/p>\n<hr>\n<p><em>Fonte: <a href=\"https:\/\/www.limeira.sp.leg.br\/noticias\/view\/2026-04-16_comissao-de-seguranca-realiza-diligencia-no-bairro-odecio-degan-para-avaliar-demandas-da-regiao\" target=\"_blank\" rel=\"noopener\">C\u00e2mara Municipal de Limeira<\/a><\/em><\/p>\n","protected":false},"excerpt":{"rendered":"<p>Comiss\u00e3o de Seguran\u00e7a realiza dilig\u00eancia no bairro Od\u00e9cio Degan para avaliar demandas da regi\u00e3o<\/p>\n<p>A Comiss\u00e3o de Seguran\u00e7a P\u00fablica visitou a Rua H\u00e9lio Aparecido Clemente, no bairro Od\u00e9cio Degan, nesta quinta-feira, 16 de abril. O objetivo foi verificar no local situa\u00e7\u00f5es que t\u00eam gerado a sensa\u00e7\u00e3o de i<\/p>\n","protected":false},"author":4,"featured_media":61764,"comment_status":"","ping_status":"open","sticky":false,"template":"","format":"standard","meta":{"_jetpack_newsletter_access":"","_jetpack_dont_email_post_to_subs":false,"_jetpack_newsletter_tier_id":0,"_jetpack_memberships_contains_paywalled_content":false,"_mbp_banners":[],"_jetpack_feature_clip_id":0,"_jetpack_memberships_contains_paid_content":false,"footnotes":"","jetpack_publicize_message":"","jetpack_publicize_feature_enabled":true,"jetpack_social_post_already_shared":true,"jetpack_social_options":{"image_generator_settings":{"template":"highway","default_image_id":0,"font":"","enabled":false},"version":2},"jetpack_post_was_ever_published":false},"categories":[19],"tags":[],"class_list":["post-61765","post","type-post","status-publish","format-standard","has-post-thumbnail","category-politica"],"jetpack_publicize_connections":[],"jetpack-related-posts":[],"jetpack_shortlink":"https:\/\/wp.me\/p7Eq1F-g4d","jetpack_sharing_enabled":true,"jetpack_featured_media_url":"https:\/\/i0.wp.com\/guialimeira.com.br\/news\/wp-content\/uploads\/2026\/04\/noticia-camara-93.jpg?fit=1280%2C640&ssl=1","_links":{"self":[{"href":"https:\/\/guialimeira.com.br\/news\/wp-json\/wp\/v2\/posts\/61765","targetHints":{"allow":["GET"]}}],"collection":[{"href":"https:\/\/guialimeira.com.br\/news\/wp-json\/wp\/v2\/posts"}],"about":[{"href":"https:\/\/guialimeira.com.br\/news\/wp-json\/wp\/v2\/types\/post"}],"author":[{"embeddable":true,"href":"https:\/\/guialimeira.com.br\/news\/wp-json\/wp\/v2\/users\/4"}],"replies":[{"embeddable":true,"href":"https:\/\/guialimeira.com.br\/news\/wp-json\/wp\/v2\/comments?post=61765"}],"version-history":[{"count":0,"href":"https:\/\/guialimeira.com.br\/news\/wp-json\/wp\/v2\/posts\/61765\/revisions"}],"wp:featuredmedia":[{"embeddable":true,"href":"https:\/\/guialimeira.com.br\/news\/wp-json\/wp\/v2\/media\/61764"}],"wp:attachment":[{"href":"https:\/\/guialimeira.com.br\/news\/wp-json\/wp\/v2\/media?parent=61765"}],"wp:term":[{"taxonomy":"category","embeddable":true,"href":"https:\/\/guialimeira.com.br\/news\/wp-json\/wp\/v2\/categories?post=61765"},{"taxonomy":"post_tag","embeddable":true,"href":"https:\/\/guialimeira.com.br\/news\/wp-json\/wp\/v2\/tags?post=61765"}],"curies":[{"name":"wp","href":"https:\/\/api.w.org\/{rel}","templated":true}]}}