{"id":61747,"date":"2026-04-16T16:30:56","date_gmt":"2026-04-16T19:30:56","guid":{"rendered":"https:\/\/guialimeira.com.br\/everton-ferreira-verifica-denuncia-de-lixao-irregular-no-palmeira-real\/"},"modified":"2026-04-16T16:30:56","modified_gmt":"2026-04-16T19:30:56","slug":"everton-ferreira-verifica-denuncia-de-lixao-irregular-no-palmeira-real","status":"publish","type":"post","link":"https:\/\/guialimeira.com.br\/news\/everton-ferreira-verifica-denuncia-de-lixao-irregular-no-palmeira-real\/","title":{"rendered":"Everton Ferreira verifica den\u00fancia de lix\u00e3o irregular no Palmeira Real"},"content":{"rendered":"<p>Everton Ferreira verifica den\u00fancia de lix\u00e3o irregular no Palmeira Real<\/p>\n<p>Ap\u00f3s receber den\u00fancias de moradores, o vereador Everton Ferreira (PSD) esteve na regi\u00e3o do bairro Palmeira Real, nesta ter\u00e7a-feira, 14 de abril, no cruzamento da LIM 020 com a LIM 269, para verificar a situa\u00e7\u00e3o de um lix\u00e3o a c\u00e9u aberto que vem causando preocupa\u00e7\u00e3o na comunidade.<\/p>\n<p>No local, o parlamentar constatou o descarte irregular de res\u00edduos, o que gera impactos ambientais, riscos \u00e0 sa\u00fade p\u00fablica e transtornos aos moradores da regi\u00e3o. Everton destacou que o Munic\u00edpio conta com estrutura adequada para o descarte correto, como os ecopontos, inclusive com a proposta de funcionamento 24 horas, tema de lei de sua autoria, a Lei Ordin\u00e1ria N\u00ba 7.217\/2025. No entanto, segundo relatos da popula\u00e7\u00e3o, h\u00e1 reclama\u00e7\u00f5es sobre o n\u00e3o cumprimento dos hor\u00e1rios atuais de funcionamento dessas unidades.<\/p>\n<p>O vereador tamb\u00e9m ressaltou a import\u00e2ncia da aplica\u00e7\u00e3o efetiva da Lei do Cacareco (N\u00ba 7.259\/2025), tamb\u00e9m de sua autoria, que prev\u00ea multa vinculada diretamente \u00e0 placa do ve\u00edculo em casos de descarte irregular. \u201cN\u00e3o d\u00e1 mais para tratar isso como um problema pontual. A cidade j\u00e1 tem instrumento, j\u00e1 tem lei e j\u00e1 tem estrutura. O que est\u00e1 faltando \u00e9 fazer tudo isso funcionar de verdade. Quem descarta errado precisa ser responsabilizado, e quem quer fazer certo precisa encontrar o servi\u00e7o aberto\u201d, declarou.<\/p>\n<p>Do Gabinete Parlamentar \u2013 Vereador Everton Ferreira (PSD)<\/p>\n<p>*Fotos do Gabinete Parlamentar<\/p>\n<p>As mat\u00e9rias de origem dos Gabinetes Parlamentares s\u00e3o de inteira\u00a0 responsabilidade dos parlamentares e de suas assessorias. S\u00e3o devidamente assinadas e n\u00e3o refletem, necessariamente, a opini\u00e3o institucional da C\u00e2mara Municipal de Limeira.<\/p>\n<hr>\n<p><em>Fonte: <a href=\"https:\/\/www.limeira.sp.leg.br\/noticias\/view\/2026-04-16_everton-ferreira-verifica-denuncia-de-lixao-irregular-no-palmeira-real\" target=\"_blank\" rel=\"noopener\">C\u00e2mara Municipal de Limeira<\/a><\/em><\/p>\n","protected":false},"excerpt":{"rendered":"<p>Everton Ferreira verifica den\u00fancia de lix\u00e3o irregular no Palmeira Real<\/p>\n<p>Ap\u00f3s receber den\u00fancias de moradores, o vereador Everton Ferreira (PSD) esteve na regi\u00e3o do bairro Palmeira Real, nesta ter\u00e7a-feira, 14 de abril, no cruzamento da LIM 020 com a LIM 269, para verificar a situa\u00e7\u00e3o de um lix\u00e3o a c\u00e9u<\/p>\n","protected":false},"author":4,"featured_media":61746,"comment_status":"","ping_status":"open","sticky":false,"template":"","format":"standard","meta":{"_jetpack_newsletter_access":"","_jetpack_dont_email_post_to_subs":false,"_jetpack_newsletter_tier_id":0,"_jetpack_memberships_contains_paywalled_content":false,"_mbp_banners":[],"_jetpack_feature_clip_id":0,"_jetpack_memberships_contains_paid_content":false,"footnotes":"","jetpack_publicize_message":"","jetpack_publicize_feature_enabled":true,"jetpack_social_post_already_shared":true,"jetpack_social_options":{"image_generator_settings":{"template":"highway","default_image_id":0,"font":"","enabled":false},"version":2},"jetpack_post_was_ever_published":false},"categories":[19],"tags":[],"class_list":["post-61747","post","type-post","status-publish","format-standard","has-post-thumbnail","category-politica"],"jetpack_publicize_connections":[],"jetpack-related-posts":[],"jetpack_shortlink":"https:\/\/wp.me\/p7Eq1F-g3V","jetpack_sharing_enabled":true,"jetpack_featured_media_url":"https:\/\/i0.wp.com\/guialimeira.com.br\/news\/wp-content\/uploads\/2026\/04\/noticia-camara-92.jpg?fit=1280%2C640&ssl=1","_links":{"self":[{"href":"https:\/\/guialimeira.com.br\/news\/wp-json\/wp\/v2\/posts\/61747","targetHints":{"allow":["GET"]}}],"collection":[{"href":"https:\/\/guialimeira.com.br\/news\/wp-json\/wp\/v2\/posts"}],"about":[{"href":"https:\/\/guialimeira.com.br\/news\/wp-json\/wp\/v2\/types\/post"}],"author":[{"embeddable":true,"href":"https:\/\/guialimeira.com.br\/news\/wp-json\/wp\/v2\/users\/4"}],"replies":[{"embeddable":true,"href":"https:\/\/guialimeira.com.br\/news\/wp-json\/wp\/v2\/comments?post=61747"}],"version-history":[{"count":0,"href":"https:\/\/guialimeira.com.br\/news\/wp-json\/wp\/v2\/posts\/61747\/revisions"}],"wp:featuredmedia":[{"embeddable":true,"href":"https:\/\/guialimeira.com.br\/news\/wp-json\/wp\/v2\/media\/61746"}],"wp:attachment":[{"href":"https:\/\/guialimeira.com.br\/news\/wp-json\/wp\/v2\/media?parent=61747"}],"wp:term":[{"taxonomy":"category","embeddable":true,"href":"https:\/\/guialimeira.com.br\/news\/wp-json\/wp\/v2\/categories?post=61747"},{"taxonomy":"post_tag","embeddable":true,"href":"https:\/\/guialimeira.com.br\/news\/wp-json\/wp\/v2\/tags?post=61747"}],"curies":[{"name":"wp","href":"https:\/\/api.w.org\/{rel}","templated":true}]}}