{"id":61742,"date":"2026-04-16T16:15:52","date_gmt":"2026-04-16T19:15:52","guid":{"rendered":"https:\/\/guialimeira.com.br\/projeto-de-lei-olivia-e-protocolado-pela-comissao-de-saude-da-camara\/"},"modified":"2026-04-16T16:15:52","modified_gmt":"2026-04-16T19:15:52","slug":"projeto-de-lei-olivia-e-protocolado-pela-comissao-de-saude-da-camara","status":"publish","type":"post","link":"https:\/\/guialimeira.com.br\/news\/projeto-de-lei-olivia-e-protocolado-pela-comissao-de-saude-da-camara\/","title":{"rendered":"Projeto de Lei Ol\u00edvia \u00e9 protocolado pela Comiss\u00e3o de Sa\u00fade da C\u00e2mara"},"content":{"rendered":"<p>Projeto de Lei Ol\u00edvia \u00e9 protocolado pela Comiss\u00e3o de Sa\u00fade da C\u00e2mara<\/p>\n<p>A Comiss\u00e3o de Sa\u00fade da C\u00e2mara protocolou, nesta quinta-feira, 16 de abril, o Projeto de Lei N\u00ba 47\/2026, que estabelece diretrizes e par\u00e2metros para a formula\u00e7\u00e3o de pol\u00edtica municipal de preven\u00e7\u00e3o e manejo da alergia ao l\u00e1tex na rede municipal de sa\u00fade. A proposta recebeu o nome de \u201cLei Ol\u00edvia\u201d em homenagem \u00e0 filha de Juliana Bueno, uma beb\u00ea de 1 ano e 5 meses que foi internada com mielomeningocele na Santa Casa de Limeira (SP) e passou por complica\u00e7\u00f5es devido \u00e0 alergia ao l\u00e1tex.<\/p>\n<p>Os estudos para a projeto de lei iniciaram na reuni\u00e3o do colegiado do dia 26 de fevereiro, ap\u00f3s den\u00fancia de Juliana sobre a possibilidade de neglig\u00eancia e falta de cuidados adequados no Hospital, via plano Frei Galv\u00e3o. Diante da limita\u00e7\u00e3o de compet\u00eancia da Comiss\u00e3o, a legisla\u00e7\u00e3o abranger\u00e1 somente a rede p\u00fablica municipal de sa\u00fade.<\/p>\n<p>A proposta tem como objetivo identificar de forma precoce os pacientes com risco de hipersensibilidade ao l\u00e1tex de borracha natural e reduzir incidentes assistenciais relacionados \u00e0 exposi\u00e7\u00e3o ao material nos servi\u00e7os de sa\u00fade das unidades pr\u00f3prias e dos servi\u00e7os contratados, conveniados ou credenciados pelo Munic\u00edpio no \u00e2mbito do Sistema \u00danico de Sa\u00fade (SUS).<\/p>\n<p>Dentre as diretrizes estabelecidas est\u00e3o a promo\u00e7\u00e3o de pr\u00e1ticas assistenciais seguras voltadas \u00e0 preven\u00e7\u00e3o da exposi\u00e7\u00e3o ao l\u00e1tex; a identifica\u00e7\u00e3o precoce de pacientes com risco de alergia; o adequado registro de informa\u00e7\u00f5es relevantes nos prontu\u00e1rios de pacientes, conforme protocolos assistenciais; a ado\u00e7\u00e3o de medidas de seguran\u00e7a do paciente relacionadas ao manejo da alergia\u00a0 ao material; a capacita\u00e7\u00e3o e a educa\u00e7\u00e3o permanente das equipes de sa\u00fade sobre preven\u00e7\u00e3o e manejo da alergia; a integra\u00e7\u00e3o das a\u00e7\u00f5es previstas na nova norma com as pol\u00edticas e programas de seguran\u00e7a do paciente.<\/p>\n<p>O projeto tamb\u00e9m estabelece medidas que podem ser adotadas para a implementa\u00e7\u00e3o das diretrizes e prev\u00ea a possibilidade de produ\u00e7\u00e3o de relat\u00f3rios peri\u00f3dicos sobre a implementa\u00e7\u00e3o delas. A proposta ainda ser\u00e1 lida em Plen\u00e1rio e analisada pelas comiss\u00f5es permanentes da Casa antes de ficar apta para vota\u00e7\u00e3o.<\/p>\n<p>Em rela\u00e7\u00e3o aos questionamentos feitos \u00e0 Prefeitura referentes \u00e0 exist\u00eancia de protocolos e fluxos assistenciais para identifica\u00e7\u00e3o e manejo de pacientes com alergia ao l\u00e1tex na rede municipal, o Executivo informou que a identifica\u00e7\u00e3o ocorre com base em anamnese e exame cl\u00ednico, com registro em prontu\u00e1rio, n\u00e3o havendo testes laboratoriais espec\u00edficos dispon\u00edveis nem padroniza\u00e7\u00e3o para materiais totalmente livres de l\u00e1tex. Informou ainda n\u00e3o haver registro de incidentes nos \u00faltimos cinco anos.<\/p>\n<p>Fonoaudiologia<\/p>\n<p>Durante a reuni\u00e3o os vereadores receberam a fonoaudi\u00f3loga Andreia Pierroti Fel\u00edcio, fonoaudi\u00f3loga, representando outros profissionais da \u00e1rea, que apresentou den\u00fancia sobre a possibilidade de estagi\u00e1rios e pessoas ainda n\u00e3o qualificadas estarem realizando atendimento como especialistas em cl\u00ednicas particulares da cidade, inclusive de pacientes com Transtorno do Espectro Autista. De acordo com ela, a den\u00fancia j\u00e1 foi feita ao Conselho Regional.<\/p>\n<p>Os vereadores pediram \u00e0 Prefeitura que informe os nomes das cl\u00ednicas que prestam servi\u00e7o de fonoaudiologia contratadas pelo poder p\u00fablico a princ\u00edpio, bem como das que fazem atendimento nas \u00e1reas de psicologia e terapia ocupacional. Posteriormente, estudar\u00e3o a\u00e7\u00f5es poss\u00edveis de serem tomadas pela Comiss\u00e3o em rela\u00e7\u00e3o aos fatos apontados pela mun\u00edcipe.<\/p>\n<p>Comiss\u00e3o<\/p>\n<p>A Comiss\u00e3o de Sa\u00fade \u00e9 respons\u00e1vel por tratar e fiscalizar todos os assuntos relacionados a hospitais p\u00fablicos e privados que atendem pacientes do SUS, bem como manifestar-se sobre assuntos ligados \u00e0 vigil\u00e2ncia sanit\u00e1ria, epidemiol\u00f3gica e nutricional, al\u00e9m de elaborar campanhas e a\u00e7\u00f5es preventivas sobre sa\u00fade e controle de epidemias.<\/p>\n<p>O colegiado \u00e9 formado pelos vereadores Dr. Marcelo Rossi (MDB), presidente; Z\u00e9 da Farm\u00e1cia (Solidariedade), vice-presidente, e Elias Barbosa (PRTB), secret\u00e1rio. Eles se re\u00fanem ordinariamente \u00e0s quintas-feiras, a partir das 10h. Todas as delibera\u00e7\u00f5es foram registradas em ata.<\/p>\n<hr>\n<p><em>Fonte: <a href=\"https:\/\/www.limeira.sp.leg.br\/noticias\/view\/2026-04-16_projeto-de-lei-olivia-e-protocolado-pela-comissao-de-saude-da-camara\" target=\"_blank\" rel=\"noopener\">C\u00e2mara Municipal de Limeira<\/a><\/em><\/p>\n","protected":false},"excerpt":{"rendered":"<p>Projeto de Lei Ol\u00edvia \u00e9 protocolado pela Comiss\u00e3o de Sa\u00fade da C\u00e2mara<\/p>\n<p>A Comiss\u00e3o de Sa\u00fade da C\u00e2mara protocolou, nesta quinta-feira, 16 de abril, o Projeto de Lei N\u00ba 47\/2026, que estabelece diretrizes e par\u00e2metros para a formula\u00e7\u00e3o de pol\u00edtica municipal de preven\u00e7\u00e3o e manejo da alergia ao l\u00e1tex na re<\/p>\n","protected":false},"author":4,"featured_media":61741,"comment_status":"","ping_status":"open","sticky":false,"template":"","format":"standard","meta":{"_jetpack_newsletter_access":"","_jetpack_dont_email_post_to_subs":false,"_jetpack_newsletter_tier_id":0,"_jetpack_memberships_contains_paywalled_content":false,"_mbp_banners":[],"_jetpack_feature_clip_id":0,"_jetpack_memberships_contains_paid_content":false,"footnotes":"","jetpack_publicize_message":"","jetpack_publicize_feature_enabled":true,"jetpack_social_post_already_shared":true,"jetpack_social_options":{"image_generator_settings":{"template":"highway","default_image_id":0,"font":"","enabled":false},"version":2},"jetpack_post_was_ever_published":false},"categories":[19],"tags":[],"class_list":["post-61742","post","type-post","status-publish","format-standard","has-post-thumbnail","category-politica"],"jetpack_publicize_connections":[],"jetpack-related-posts":[],"jetpack_shortlink":"https:\/\/wp.me\/p7Eq1F-g3Q","jetpack_sharing_enabled":true,"jetpack_featured_media_url":"https:\/\/i0.wp.com\/guialimeira.com.br\/news\/wp-content\/uploads\/2026\/04\/noticia-camara-91.jpg?fit=1280%2C640&ssl=1","_links":{"self":[{"href":"https:\/\/guialimeira.com.br\/news\/wp-json\/wp\/v2\/posts\/61742","targetHints":{"allow":["GET"]}}],"collection":[{"href":"https:\/\/guialimeira.com.br\/news\/wp-json\/wp\/v2\/posts"}],"about":[{"href":"https:\/\/guialimeira.com.br\/news\/wp-json\/wp\/v2\/types\/post"}],"author":[{"embeddable":true,"href":"https:\/\/guialimeira.com.br\/news\/wp-json\/wp\/v2\/users\/4"}],"replies":[{"embeddable":true,"href":"https:\/\/guialimeira.com.br\/news\/wp-json\/wp\/v2\/comments?post=61742"}],"version-history":[{"count":0,"href":"https:\/\/guialimeira.com.br\/news\/wp-json\/wp\/v2\/posts\/61742\/revisions"}],"wp:featuredmedia":[{"embeddable":true,"href":"https:\/\/guialimeira.com.br\/news\/wp-json\/wp\/v2\/media\/61741"}],"wp:attachment":[{"href":"https:\/\/guialimeira.com.br\/news\/wp-json\/wp\/v2\/media?parent=61742"}],"wp:term":[{"taxonomy":"category","embeddable":true,"href":"https:\/\/guialimeira.com.br\/news\/wp-json\/wp\/v2\/categories?post=61742"},{"taxonomy":"post_tag","embeddable":true,"href":"https:\/\/guialimeira.com.br\/news\/wp-json\/wp\/v2\/tags?post=61742"}],"curies":[{"name":"wp","href":"https:\/\/api.w.org\/{rel}","templated":true}]}}