{"id":61717,"date":"2026-04-16T12:30:55","date_gmt":"2026-04-16T15:30:55","guid":{"rendered":"https:\/\/guialimeira.com.br\/everton-ferreira-visita-emeief-major-jose-levy-sobrinho-e-solicita-cobertura-da-quadra\/"},"modified":"2026-04-16T12:30:55","modified_gmt":"2026-04-16T15:30:55","slug":"everton-ferreira-visita-emeief-major-jose-levy-sobrinho-e-solicita-cobertura-da-quadra","status":"publish","type":"post","link":"https:\/\/guialimeira.com.br\/news\/everton-ferreira-visita-emeief-major-jose-levy-sobrinho-e-solicita-cobertura-da-quadra\/","title":{"rendered":"Everton Ferreira visita Emeief Major Jos\u00e9 Levy Sobrinho e solicita cobertura da quadra"},"content":{"rendered":"<p>Everton Ferreira visita Emeief Major Jos\u00e9 Levy Sobrinho e solicita cobertura da quadra<\/p>\n<p>O vereador Everton Ferreira (PSD) esteve na Escola Municipal de Educa\u00e7\u00e3o Infantil e Ensino Fundamental (Emeief) Major Jos\u00e9 Levy Sobrinho, no dia 6 de abril, para acompanhar as principais demandas da unidade escolar. Durante a visita, o parlamentar conversou com a equipe gestora, servidores e alunos, ouvindo relatos sobre a rotina da escola e as necessidades estruturais do espa\u00e7o.<\/p>\n<p>Entre os pontos levantados, Everton destacou a necessidade de cobertura na quadra poliesportiva, uma reivindica\u00e7\u00e3o antiga da comunidade escolar. Segundo ele, a falta da estrutura impacta diretamente o uso do espa\u00e7o, especialmente em dias de sol intenso ou chuva, limitando atividades pedag\u00f3gicas e de lazer.<\/p>\n<p>O vereador refor\u00e7ou que a demanda vem de v\u00e1rios governos e j\u00e1 vem sendo apontada por diferentes p\u00fablicos da escola ao longo dos anos, o que evidencia a urg\u00eancia de uma solu\u00e7\u00e3o por parte do poder p\u00fablico. Ele tamb\u00e9m protocolou o Requerimento N\u00ba 279\/2026. \u201cQuando a gente fala de estrutura escolar, n\u00e3o \u00e9 s\u00f3 parede e telhado de sala de aula. A quadra tamb\u00e9m \u00e9 espa\u00e7o de aprendizado, de conviv\u00eancia e de desenvolvimento. E hoje ela est\u00e1 subutilizada por algo que j\u00e1 poderia ter sido resolvido h\u00e1 muito tempo\u201d, afirmou.<\/p>\n<p>Do Gabinete Parlamentar \u2013 Vereador Everton Ferreira (PSD)<\/p>\n<p>*Fotos do Gabinete Parlamentar<\/p>\n<p>As mat\u00e9rias de origem dos Gabinetes Parlamentares s\u00e3o de inteira\u00a0 responsabilidade dos parlamentares e de suas assessorias. S\u00e3o devidamente assinadas e n\u00e3o refletem, necessariamente, a opini\u00e3o institucional da C\u00e2mara Municipal de Limeira.<\/p>\n<hr>\n<p><em>Fonte: <a href=\"https:\/\/www.limeira.sp.leg.br\/noticias\/view\/2026-04-16_everton-ferreira-visita-emeief-major-jose-levy-sobrinho-e-solicita-cobertura-da-quadra\" target=\"_blank\" rel=\"noopener\">C\u00e2mara Municipal de Limeira<\/a><\/em><\/p>\n","protected":false},"excerpt":{"rendered":"<p>Everton Ferreira visita Emeief Major Jos\u00e9 Levy Sobrinho e solicita cobertura da quadra<\/p>\n<p>O vereador Everton Ferreira (PSD) esteve na Escola Municipal de Educa\u00e7\u00e3o Infantil e Ensino Fundamental (Emeief) Major Jos\u00e9 Levy Sobrinho, no dia 6 de abril, para acompanhar as principais demandas da unidade escol<\/p>\n","protected":false},"author":4,"featured_media":61716,"comment_status":"","ping_status":"open","sticky":false,"template":"","format":"standard","meta":{"_jetpack_newsletter_access":"","_jetpack_dont_email_post_to_subs":false,"_jetpack_newsletter_tier_id":0,"_jetpack_memberships_contains_paywalled_content":false,"_mbp_banners":[],"_jetpack_feature_clip_id":0,"_jetpack_memberships_contains_paid_content":false,"footnotes":"","jetpack_publicize_message":"","jetpack_publicize_feature_enabled":true,"jetpack_social_post_already_shared":true,"jetpack_social_options":{"image_generator_settings":{"template":"highway","default_image_id":0,"font":"","enabled":false},"version":2},"jetpack_post_was_ever_published":false},"categories":[19],"tags":[],"class_list":["post-61717","post","type-post","status-publish","format-standard","has-post-thumbnail","category-politica"],"jetpack_publicize_connections":[],"jetpack-related-posts":[],"jetpack_shortlink":"https:\/\/wp.me\/p7Eq1F-g3r","jetpack_sharing_enabled":true,"jetpack_featured_media_url":"https:\/\/i0.wp.com\/guialimeira.com.br\/news\/wp-content\/uploads\/2026\/04\/noticia-camara-89.jpg?fit=1280%2C640&ssl=1","_links":{"self":[{"href":"https:\/\/guialimeira.com.br\/news\/wp-json\/wp\/v2\/posts\/61717","targetHints":{"allow":["GET"]}}],"collection":[{"href":"https:\/\/guialimeira.com.br\/news\/wp-json\/wp\/v2\/posts"}],"about":[{"href":"https:\/\/guialimeira.com.br\/news\/wp-json\/wp\/v2\/types\/post"}],"author":[{"embeddable":true,"href":"https:\/\/guialimeira.com.br\/news\/wp-json\/wp\/v2\/users\/4"}],"replies":[{"embeddable":true,"href":"https:\/\/guialimeira.com.br\/news\/wp-json\/wp\/v2\/comments?post=61717"}],"version-history":[{"count":0,"href":"https:\/\/guialimeira.com.br\/news\/wp-json\/wp\/v2\/posts\/61717\/revisions"}],"wp:featuredmedia":[{"embeddable":true,"href":"https:\/\/guialimeira.com.br\/news\/wp-json\/wp\/v2\/media\/61716"}],"wp:attachment":[{"href":"https:\/\/guialimeira.com.br\/news\/wp-json\/wp\/v2\/media?parent=61717"}],"wp:term":[{"taxonomy":"category","embeddable":true,"href":"https:\/\/guialimeira.com.br\/news\/wp-json\/wp\/v2\/categories?post=61717"},{"taxonomy":"post_tag","embeddable":true,"href":"https:\/\/guialimeira.com.br\/news\/wp-json\/wp\/v2\/tags?post=61717"}],"curies":[{"name":"wp","href":"https:\/\/api.w.org\/{rel}","templated":true}]}}