{"id":61711,"date":"2026-04-16T11:40:57","date_gmt":"2026-04-16T14:40:57","guid":{"rendered":"https:\/\/guialimeira.com.br\/nao-havera-perda-automatica-da-concessao-do-limeirao-caso-inter-se-transforme-em-saf-diz-prefeitura-a-comissao-de-esporte\/"},"modified":"2026-04-16T11:40:57","modified_gmt":"2026-04-16T14:40:57","slug":"nao-havera-perda-automatica-da-concessao-do-limeirao-caso-inter-se-transforme-em-saf-diz-prefeitura-a-comissao-de-esporte","status":"publish","type":"post","link":"https:\/\/guialimeira.com.br\/news\/nao-havera-perda-automatica-da-concessao-do-limeirao-caso-inter-se-transforme-em-saf-diz-prefeitura-a-comissao-de-esporte\/","title":{"rendered":"N\u00e3o haver\u00e1 perda autom\u00e1tica da concess\u00e3o do Limeir\u00e3o caso Inter se transforme em SAF, diz Prefeitura \u00e0 Comiss\u00e3o de Esporte"},"content":{"rendered":"<p>N\u00e3o haver\u00e1 perda autom\u00e1tica da concess\u00e3o do Limeir\u00e3o caso Inter se transforme em SAF, diz Prefeitura \u00e0 Comiss\u00e3o de Esporte<\/p>\n<p>A Comiss\u00e3o de Esporte e Cultura da C\u00e2mara reiterou que \u00e9 a favor da possibilidade do time Internacional de Limeira ser administrado por uma Sociedade An\u00f4nima de Futebol (SAF) durante a reuni\u00e3o desta quinta-feira, 16 de abril. A declara\u00e7\u00e3o ocorreu durante oitiva realizada com representantes da Prefeitura de Limeira que prestaram esclarecimentos sobre a concess\u00e3o do Est\u00e1dio Major Jos\u00e9 Levy Sobrinho, o Limeir\u00e3o. O v\u00eddeo da reuni\u00e3o est\u00e1 dispon\u00edvel no link e as delibera\u00e7\u00f5es registradas em ata.<\/p>\n<p>Participaram da reuni\u00e3o os secret\u00e1rios Dimas Peruzza (Esporte) e Fl\u00e1vio Magdesian (Assuntos Jur\u00eddicos); o presidente da Associa\u00e7\u00e3o Atl\u00e9tica Internacional de Limeira Danilo Maluf e o advogado Rafael Rigo; o representante da SAF, Enrico Ambrogini; o presidente do Conselho Deliberativo da Inter, Paulo Scavarielo; e os membros da Comiss\u00e3o, os vereadores Guilherme Guido (PL), presidente; Costa Junior (Podemos), vice-presidente; e Waguinho da Santa Luzia (PP), secret\u00e1rio.<\/p>\n<p>Conforme lei municipal, a concess\u00e3o do est\u00e1dio \u00e9 vital\u00edcia \u00e0 Inter de Limeira enquanto est\u00e1 for uma sociedade sem fins lucrativos. A reuni\u00e3o foi agendada ap\u00f3s a participa\u00e7\u00e3o de representantes da torcida do time apresentarem d\u00favidas em rela\u00e7\u00e3o ao processo de aprova\u00e7\u00e3o da SAF.<\/p>\n<p>Concess\u00e3o do Limeir\u00e3o<\/p>\n<p>O secret\u00e1rio de Assuntos Jur\u00eddicos da Prefeitura esclareceu que se a Inter de Limeira passar a ser administrada pela SAF n\u00e3o haver\u00e1 perda autom\u00e1tica da concess\u00e3o do est\u00e1dio. De acordo com ele ser\u00e1 necess\u00e1rio analisar as implica\u00e7\u00f5es da Lei Federal 14193\/2021, que institui a Sociedade An\u00f4nima de Futebol, e fazer adequa\u00e7\u00f5es na Lei Municipal N\u00ba 1706\/1980, que trata da concess\u00e3o do est\u00e1dio Major Jos\u00e9 Levy Sobrinho \u00e0 Associa\u00e7\u00e3o Atl\u00e9tica Internacional.<\/p>\n<p>\u201cPara a concess\u00e3o n\u00e3o vejo nenhum impedimento, teria que fazer contrato com a SAF, mas n\u00e3o vejo impedimento legal. N\u00e3o teria nenhuma perda autom\u00e1tica da utiliza\u00e7\u00e3o do Est\u00e1dio\u201d, destacou Fl\u00e1vio Magdesian.<\/p>\n<p>O advogado Rafael esclareceu que as tratativas passaram por todos os \u00f3rg\u00e3os competentes dentro da Inter desde o in\u00edcio e que o proponente tem conhecimento da quest\u00e3o da concess\u00e3o do est\u00e1dio, por j\u00e1 ter atuado no Munic\u00edpio, e que durante todo o processo os membros da Associa\u00e7\u00e3o tinham ci\u00eancia de que seria necess\u00e1ria uma conversa com a Prefeitura e com a C\u00e2mara sobre a concess\u00e3o.<\/p>\n<p>A Comiss\u00e3o sugeriu que, independentemente das negocia\u00e7\u00f5es avan\u00e7arem, que a legisla\u00e7\u00e3o municipal seja atualizada para prever a possibilidade da SAF em rela\u00e7\u00e3o \u00e0 concess\u00e3o do est\u00e1dio, uma vez que, caso n\u00e3o se consolide o processo neste momento, uma nova proposta pode ser feita e a adequa\u00e7\u00e3o eliminaria problemas futuros<\/p>\n<p>Internacional de Limeira e SAF<\/p>\n<p>Sobre a possibilidade da Internacional de Limeira ser administrada por uma SAF, os membros da Comiss\u00e3o destacaram que s\u00e3o a favor, que \u00e9 uma oportunidade \u00fanica, e se colocaram \u00e0 disposi\u00e7\u00e3o em contribuir para a adequa\u00e7\u00e3o da legisla\u00e7\u00e3o que j\u00e1 completa 50 anos e para futuras reuni\u00f5es. \u201cFicamos contentes em poder ajudar e assistir a Inter chegar de volta nas s\u00e9ries B e, assim como acompanhamos nas publica\u00e7\u00f5es, quem sabe a gente assistir a Inter na s\u00e9rie A\u201d, disse o presidente da Comiss\u00e3o de Esporte.<\/p>\n<p>O secret\u00e1rio de esportes tamb\u00e9m se disse favor\u00e1vel. \u201cRecebemos a not\u00edcia com boa expectativa. A Inter tem uma grande hist\u00f3ria e necessita que tenha investimento para se alavancar mais no cen\u00e1rio. Esperamos que isso prossiga e que tenhamos excelentes resultados para Limeira\u201d, declarou Dimas.<\/p>\n<p>Enrico falou sobre as tratativas com a Associa\u00e7\u00e3o, afirmou que a proposta apresentada em que a administra\u00e7\u00e3o ser\u00e1 50% pela SAF e 50% pela Inter \u00e9 uma prova de que a inten\u00e7\u00e3o \u00e9 de partilhamento, uma vez que, por ter fam\u00edlia em Limeira, deseja valorizar a hist\u00f3ria e o relacionamento do time com a cidade. Disse que a SAF \u00e9 uma forma de divulgar o nome de Limeira e de trazer investimentos para o Munic\u00edpio, mas que as tratativas ainda est\u00e3o no in\u00edcio. \u201cExiste uma proposta, o que foi autorizado \u00e9 uma sequ\u00eancia do processo, n\u00e3o tem algo concreto, tem algumas discuss\u00f5es sim\u201d, ressaltou.<\/p>\n<p>Em rela\u00e7\u00e3o \u00e0 falta de transpar\u00eancia no processo citada pelos representantes da torcida na reuni\u00e3o do dia 2 de abril, o presidente da Associa\u00e7\u00e3o disse estar surpreso, pois afirma sempre estar aberto a fornecer informa\u00e7\u00f5es a quem perguntar e afirmou que durante as negocia\u00e7\u00f5es com o investidor tudo ser\u00e1 bem divulgado. Falou que a proposta \u00e9 tentadora e muito acima das outras feitas anteriormente, mas que os interesses da institui\u00e7\u00e3o estar\u00e3o em primeiro plano.<\/p>\n<p>\u201cHoje para a cidade, contidas as devidas emo\u00e7\u00f5es pela presen\u00e7a do Ronaldo e pela presen\u00e7a administrativa do Enrico, a gente vai sempre defender a Associa\u00e7\u00e3o\u201d, enfatizou, esclarecendo que o processo \u00e9 um neg\u00f3cio e que haver\u00e1 cl\u00e1usulas de rescis\u00e3o em caso de descumprimento das propostas. Danilo concluiu sua fala informando que as negocia\u00e7\u00f5es ainda est\u00e3o no come\u00e7o e podem at\u00e9 mesmo n\u00e3o se concretizarem<\/p>\n<p>O presidente do Conselho tamb\u00e9m destacou a transpar\u00eancia na condu\u00e7\u00e3o das negocia\u00e7\u00f5es e que apesar de haver na Inter um jur\u00eddico competente, a entidade est\u00e1 contratando um escrit\u00f3rio especializado em SAF para a avalia\u00e7\u00e3o e constru\u00e7\u00e3o da proposta.<\/p>\n<p>Aquecedores de piscinas<\/p>\n<p>Em resposta a questionamentos feitos pela Comiss\u00e3o sobre a aquisi\u00e7\u00e3o de aquecedores de piscinas, a Prefeitura informou que o processo ainda est\u00e1 em tramita\u00e7\u00e3o e n\u00e3o previs\u00e3o de conclus\u00e3o no momento e que os equipamentos ser\u00e3o instalados nas piscinas de 25 metros da Piscina Alberto Savoi e do Centro Esportivo do Jardim Piratininga.<\/p>\n<p>A Comiss\u00e3o<\/p>\n<p>\u00c9 de compet\u00eancia dos membros opinar sobre proposi\u00e7\u00f5es, promover debates, semin\u00e1rios e a\u00e7\u00f5es educativas que visem a identificar problemas e propor solu\u00e7\u00f5es para o fortalecimento e a melhoria das pol\u00edticas p\u00fablicas locais nas \u00e1reas de esporte, lazer, cultura e turismo, al\u00e9m de fiscalizar, acompanhar e avaliar a efetividade de programas governamentais, estudar e propor pol\u00edticas p\u00fablicas aptas a proporcionar melhoria de qualidade de vida aos mun\u00edcipes e bem-estar nessas \u00e1reas.<\/p>\n<hr>\n<p><em>Fonte: <a href=\"https:\/\/www.limeira.sp.leg.br\/noticias\/view\/2026-04-16_nao-havera-perda-automatica-da-concessao-do-limeirao-caso-inter-se-transforme-em-saf-diz-prefeitura-a-comissao-de-esporte\" target=\"_blank\" rel=\"noopener\">C\u00e2mara Municipal de Limeira<\/a><\/em><\/p>\n","protected":false},"excerpt":{"rendered":"<p>N\u00e3o haver\u00e1 perda autom\u00e1tica da concess\u00e3o do Limeir\u00e3o caso Inter se transforme em SAF, diz Prefeitura \u00e0 Comiss\u00e3o de Esporte<\/p>\n<p>A Comiss\u00e3o de Esporte e Cultura da C\u00e2mara reiterou que \u00e9 a favor da possibilidade do time Internacional de Limeira ser administrado por uma Sociedade An\u00f4nima de Futebol (SAF) d<\/p>\n","protected":false},"author":4,"featured_media":61710,"comment_status":"","ping_status":"open","sticky":false,"template":"","format":"standard","meta":{"_jetpack_newsletter_access":"","_jetpack_dont_email_post_to_subs":false,"_jetpack_newsletter_tier_id":0,"_jetpack_memberships_contains_paywalled_content":false,"_mbp_banners":[],"_jetpack_feature_clip_id":0,"_jetpack_memberships_contains_paid_content":false,"footnotes":"","jetpack_publicize_message":"","jetpack_publicize_feature_enabled":true,"jetpack_social_post_already_shared":true,"jetpack_social_options":{"image_generator_settings":{"template":"highway","default_image_id":0,"font":"","enabled":false},"version":2},"jetpack_post_was_ever_published":false},"categories":[19],"tags":[],"class_list":["post-61711","post","type-post","status-publish","format-standard","has-post-thumbnail","category-politica"],"jetpack_publicize_connections":[],"jetpack-related-posts":[],"jetpack_shortlink":"https:\/\/wp.me\/p7Eq1F-g3l","jetpack_sharing_enabled":true,"jetpack_featured_media_url":"https:\/\/i0.wp.com\/guialimeira.com.br\/news\/wp-content\/uploads\/2026\/04\/noticia-camara-88.jpg?fit=1280%2C640&ssl=1","_links":{"self":[{"href":"https:\/\/guialimeira.com.br\/news\/wp-json\/wp\/v2\/posts\/61711","targetHints":{"allow":["GET"]}}],"collection":[{"href":"https:\/\/guialimeira.com.br\/news\/wp-json\/wp\/v2\/posts"}],"about":[{"href":"https:\/\/guialimeira.com.br\/news\/wp-json\/wp\/v2\/types\/post"}],"author":[{"embeddable":true,"href":"https:\/\/guialimeira.com.br\/news\/wp-json\/wp\/v2\/users\/4"}],"replies":[{"embeddable":true,"href":"https:\/\/guialimeira.com.br\/news\/wp-json\/wp\/v2\/comments?post=61711"}],"version-history":[{"count":0,"href":"https:\/\/guialimeira.com.br\/news\/wp-json\/wp\/v2\/posts\/61711\/revisions"}],"wp:featuredmedia":[{"embeddable":true,"href":"https:\/\/guialimeira.com.br\/news\/wp-json\/wp\/v2\/media\/61710"}],"wp:attachment":[{"href":"https:\/\/guialimeira.com.br\/news\/wp-json\/wp\/v2\/media?parent=61711"}],"wp:term":[{"taxonomy":"category","embeddable":true,"href":"https:\/\/guialimeira.com.br\/news\/wp-json\/wp\/v2\/categories?post=61711"},{"taxonomy":"post_tag","embeddable":true,"href":"https:\/\/guialimeira.com.br\/news\/wp-json\/wp\/v2\/tags?post=61711"}],"curies":[{"name":"wp","href":"https:\/\/api.w.org\/{rel}","templated":true}]}}