{"id":61643,"date":"2026-04-15T17:31:04","date_gmt":"2026-04-15T20:31:04","guid":{"rendered":"https:\/\/guialimeira.com.br\/nilton-santos-propoe-a-criacao-do-dia-das-agentes-femininas-de-seguranca-publica\/"},"modified":"2026-04-15T17:31:04","modified_gmt":"2026-04-15T20:31:04","slug":"nilton-santos-propoe-a-criacao-do-dia-das-agentes-femininas-de-seguranca-publica","status":"publish","type":"post","link":"https:\/\/guialimeira.com.br\/news\/nilton-santos-propoe-a-criacao-do-dia-das-agentes-femininas-de-seguranca-publica\/","title":{"rendered":"Nilton Santos prop\u00f5e a cria\u00e7\u00e3o do \u201cDia das Agentes Femininas de Seguran\u00e7a P\u00fablica\u201d"},"content":{"rendered":"<p>Nilton Santos prop\u00f5e a cria\u00e7\u00e3o do \u201cDia das Agentes Femininas de Seguran\u00e7a P\u00fablica\u201d<\/p>\n<p>Com o objetivo de reconhecer e valorizar o trabalho desempenhado pelas mulheres que atuam nas \u00e1reas de seguran\u00e7a p\u00fablica de Limeira, o vereador Nilton Santos (Republicanos), com a co-autoria dos vereadores Costa J\u00fanior (Podemos) e Bruna Magalh\u00e3es (PRTB), protocolou no dia 10 de abril, o Projeto de Lei N\u00ba 43\/2026, que prop\u00f5e a cria\u00e7\u00e3o do \u201cDia das Agentes Femininas de Seguran\u00e7a P\u00fablica\u201d no Calend\u00e1rio Oficial do Munic\u00edpio, a ser celebrado anualmente em 12 de maio.<\/p>\n<p>De acordo com o documento, a iniciativa visa homenagear as mulheres que atuam nas \u00e1reas de seguran\u00e7a p\u00fablica, como a Pol\u00edcia Militar, Pol\u00edcia Civil e T\u00e9cnico-Cient\u00edfica, a Guarda Civil Municipal (GCM), agentes de tr\u00e2nsito e demais carreiras correlatas, al\u00e9m de promover a reflex\u00e3o sobre a import\u00e2ncia da presen\u00e7a feminina no setor e incentivar a\u00e7\u00f5es voltadas \u00e0 equidade de g\u00eanero e ao combate \u00e0 discrimina\u00e7\u00e3o no ambiente profissional.<\/p>\n<p>A propositura relata que a data poder\u00e1 ser marcada por eventos, campanhas educativas, palestras e homenagens, organizadas pela Prefeitura em parceria com institui\u00e7\u00f5es p\u00fablicas e entidades da sociedade civil, ampliando a visibilidade da atua\u00e7\u00e3o feminina na seguran\u00e7a p\u00fablica.<\/p>\n<p>Segundo os parlamentares, a proposta refor\u00e7a a valoriza\u00e7\u00e3o profissional das agentes e fortalece o v\u00ednculo entre a popula\u00e7\u00e3o e as institui\u00e7\u00f5es de seguran\u00e7a p\u00fablica, evidenciando o papel essencial desempenhado por mulheres que atuam com dedica\u00e7\u00e3o, coragem e compet\u00eancia na prote\u00e7\u00e3o da sociedade.<\/p>\n<p>Na justificativa, os autores destacaram o crescimento da participa\u00e7\u00e3o das mulheres nas for\u00e7as de seguran\u00e7a e sua contribui\u00e7\u00e3o para uma atua\u00e7\u00e3o mais humanizada e eficaz, especialmente em situa\u00e7\u00f5es que exigem media\u00e7\u00e3o e acolhimento. \u201cO projeto tamb\u00e9m resgata um marco hist\u00f3rico: a cria\u00e7\u00e3o da primeira Pol\u00edcia Feminina do Brasil, em 12 de maio de 1955, no Estado de S\u00e3o Paulo, considerada pioneira na Am\u00e9rica Latina\u201d, ressaltou Nilton Santos.<\/p>\n<p>O projeto segue em tramita\u00e7\u00e3o nas comiss\u00f5es permanentes da Casa Legislativa.<\/p>\n<p>Do Gabinete Parlamentar \u2013 Vereador Nilton Santos (Republicanos)<\/p>\n<p>*Fotos do Gabinete parlamentar<\/p>\n<p>As mat\u00e9rias de origem dos Gabinetes Parlamentares s\u00e3o de inteira\u00a0 responsabilidade dos parlamentares e de suas assessorias. S\u00e3o devidamente assinadas e n\u00e3o refletem, necessariamente, a opini\u00e3o institucional da C\u00e2mara Municipal de Limeira.<\/p>\n<hr>\n<p><em>Fonte: <a href=\"https:\/\/www.limeira.sp.leg.br\/noticias\/view\/2026-04-15_nilton-santos-propoe-a-criacao-do-dia-das-agentes-femininas-de-seguranca-publica\" target=\"_blank\" rel=\"noopener\">C\u00e2mara Municipal de Limeira<\/a><\/em><\/p>\n","protected":false},"excerpt":{"rendered":"<p>Nilton Santos prop\u00f5e a cria\u00e7\u00e3o do \u201cDia das Agentes Femininas de Seguran\u00e7a P\u00fablica\u201d<\/p>\n<p>Com o objetivo de reconhecer e valorizar o trabalho desempenhado pelas mulheres que atuam nas \u00e1reas de seguran\u00e7a p\u00fablica de Limeira, o vereador Nilton Santos (Republicanos), com a co-autoria dos vereadores Costa J\u00fani<\/p>\n","protected":false},"author":4,"featured_media":61642,"comment_status":"","ping_status":"open","sticky":false,"template":"","format":"standard","meta":{"_jetpack_newsletter_access":"","_jetpack_dont_email_post_to_subs":false,"_jetpack_newsletter_tier_id":0,"_jetpack_memberships_contains_paywalled_content":false,"_mbp_banners":[],"_jetpack_feature_clip_id":0,"_jetpack_memberships_contains_paid_content":false,"footnotes":"","jetpack_publicize_message":"","jetpack_publicize_feature_enabled":true,"jetpack_social_post_already_shared":true,"jetpack_social_options":{"image_generator_settings":{"template":"highway","default_image_id":0,"font":"","enabled":false},"version":2},"jetpack_post_was_ever_published":false},"categories":[19],"tags":[],"class_list":["post-61643","post","type-post","status-publish","format-standard","has-post-thumbnail","category-politica"],"jetpack_publicize_connections":[],"jetpack-related-posts":[],"jetpack_shortlink":"https:\/\/wp.me\/p7Eq1F-g2f","jetpack_sharing_enabled":true,"jetpack_featured_media_url":"https:\/\/i0.wp.com\/guialimeira.com.br\/news\/wp-content\/uploads\/2026\/04\/noticia-camara-87.jpg?fit=1280%2C640&ssl=1","_links":{"self":[{"href":"https:\/\/guialimeira.com.br\/news\/wp-json\/wp\/v2\/posts\/61643","targetHints":{"allow":["GET"]}}],"collection":[{"href":"https:\/\/guialimeira.com.br\/news\/wp-json\/wp\/v2\/posts"}],"about":[{"href":"https:\/\/guialimeira.com.br\/news\/wp-json\/wp\/v2\/types\/post"}],"author":[{"embeddable":true,"href":"https:\/\/guialimeira.com.br\/news\/wp-json\/wp\/v2\/users\/4"}],"replies":[{"embeddable":true,"href":"https:\/\/guialimeira.com.br\/news\/wp-json\/wp\/v2\/comments?post=61643"}],"version-history":[{"count":0,"href":"https:\/\/guialimeira.com.br\/news\/wp-json\/wp\/v2\/posts\/61643\/revisions"}],"wp:featuredmedia":[{"embeddable":true,"href":"https:\/\/guialimeira.com.br\/news\/wp-json\/wp\/v2\/media\/61642"}],"wp:attachment":[{"href":"https:\/\/guialimeira.com.br\/news\/wp-json\/wp\/v2\/media?parent=61643"}],"wp:term":[{"taxonomy":"category","embeddable":true,"href":"https:\/\/guialimeira.com.br\/news\/wp-json\/wp\/v2\/categories?post=61643"},{"taxonomy":"post_tag","embeddable":true,"href":"https:\/\/guialimeira.com.br\/news\/wp-json\/wp\/v2\/tags?post=61643"}],"curies":[{"name":"wp","href":"https:\/\/api.w.org\/{rel}","templated":true}]}}