{"id":61624,"date":"2026-04-15T16:20:32","date_gmt":"2026-04-15T19:20:32","guid":{"rendered":"https:\/\/guialimeira.com.br\/?p=61624"},"modified":"2026-04-15T16:20:32","modified_gmt":"2026-04-15T19:20:32","slug":"cordeiropolis-lanca-campanha-de-incentivo-a-destinacao-do-imposto-de-renda-a-entidades-prefeitura-municipal-de-cordeiropolis","status":"publish","type":"post","link":"https:\/\/guialimeira.com.br\/news\/cordeiropolis-lanca-campanha-de-incentivo-a-destinacao-do-imposto-de-renda-a-entidades-prefeitura-municipal-de-cordeiropolis\/","title":{"rendered":"Cordeir\u00f3polis lan\u00e7a campanha de incentivo \u00e0 destina\u00e7\u00e3o do Imposto de Renda a entidades \u2013 Prefeitura Municipal de Cordeir\u00f3polis"},"content":{"rendered":"<p> <br \/>\n<\/p>\n<div>\n<p>A restitui\u00e7\u00e3o ou o pagamento do Imposto de Renda da Pessoa F\u00edsica (IRPF) podem ser destinados \u00e0s entidades que trabalham com crian\u00e7as, adolescentes e idosos de Cordeir\u00f3polis. A campanha Imposto do Bem, lan\u00e7ada pela Prefeitura de Cordeir\u00f3polis nesta quarta-feira (15), na C\u00e2mara Municipal, busca incentivar a destina\u00e7\u00e3o do imposto no munic\u00edpio.<\/p>\n<p>O evento teve a presen\u00e7a da prefeita Cristina Saad, da secret\u00e1ria interina da Mulher e Desenvolvimento Social, Edirlaine Lima, do secret\u00e1rio de Desenvolvimento Econ\u00f4mico Sustent\u00e1vel, Roberson Castellar, do delegado da Receita Federal em Limeira, Francisco Serrano, al\u00e9m dos vereadores Deize Bettin, C\u00edcero Saraiva, Sidnei Gambaro, Valmir Sanches e Vilson Caleffi.<\/p>\n<p>\u201cEssa uni\u00e3o entre poder p\u00fablico, as entidades e as empresas \u00e9 fundamental para que o Imposto de Renda seja destinado ao lugar certo, beneficiando as institui\u00e7\u00f5es. S\u00e3o elas as respons\u00e1veis por um trabalho incr\u00edvel com nossas crian\u00e7as, adolescentes e idosos. Agrade\u00e7o ao Serrano por vir \u00e0 nossa cidade e falar desse tema importante\u201d, afirmou a prefeita.<\/p>\n<p>Ap\u00f3s o lan\u00e7amento da campanha, que foi acompanhado tamb\u00e9m por empres\u00e1rios, contadores e servidores, Serrano apresentou uma palestra sobre as mudan\u00e7as do Imposto de Renda em 2026 e explicou como funciona a doa\u00e7\u00e3o do imposto \u00e0s entidades. \u201cEssa campanha \u00e9 muito bem-vinda neste momento, pois as entidades e o munic\u00edpio ganham muito com esse recurso\u201d, disse.<\/p>\n<p>A campanha Imposto do Bem ser\u00e1 permanente. O prazo para entregar a declara\u00e7\u00e3o do Imposto de Renda de 2026, referente a 2025, \u00e9 29 de maio.<\/p>\n<figure class=\"wp-block-gallery has-nested-images columns-default is-cropped wp-block-gallery-1 is-layout-flex wp-block-gallery-is-layout-flex\">\n<figure class=\"wp-block-image size-large\"><\/figure>\n<figure class=\"wp-block-image size-large\"><img data-recalc-dims=\"1\" decoding=\"async\" data-attachment-id=\"32511\" data-permalink=\"https:\/\/guialimeira.com.br\/news\/confira-as-vagas-de-emprego-disponiveis-no-pat-limeira-75\/confira-as-vagas-de-emprego-disponiveis-no-pat-limeira-75\/\" data-orig-file=\"https:\/\/i0.wp.com\/guialimeira.com.br\/news\/wp-content\/uploads\/2025\/05\/1746648706_Confira-as-vagas-de-emprego-disponiveis-no-PAT-Limeira.jpg?fit=960%2C641&amp;ssl=1\" data-orig-size=\"960,641\" data-comments-opened=\"1\" data-image-meta=\"{&quot;aperture&quot;:&quot;0&quot;,&quot;credit&quot;:&quot;&quot;,&quot;camera&quot;:&quot;&quot;,&quot;caption&quot;:&quot;&quot;,&quot;created_timestamp&quot;:&quot;0&quot;,&quot;copyright&quot;:&quot;&quot;,&quot;focal_length&quot;:&quot;0&quot;,&quot;iso&quot;:&quot;0&quot;,&quot;shutter_speed&quot;:&quot;0&quot;,&quot;title&quot;:&quot;&quot;,&quot;orientation&quot;:&quot;0&quot;}\" data-image-title=\"Confira as vagas de emprego dispon\u00edveis no PAT Limeira\" data-image-description=\"\" data-image-caption=\"\" data-large-file=\"https:\/\/i0.wp.com\/guialimeira.com.br\/news\/wp-content\/uploads\/2025\/05\/1746648706_Confira-as-vagas-de-emprego-disponiveis-no-PAT-Limeira.jpg?fit=696%2C465&amp;ssl=1\" loading=\"lazy\" width=\"696\" height=\"392\" data-id=\"32511\" src=\"https:\/\/i0.wp.com\/guialimeira.com.br\/wp-content\/uploads\/2026\/04\/1776280830_546_Cordeiropolis-lanca-campanha-de-incentivo-a-destinacao-do-Imposto-de.jpeg?resize=696%2C392&#038;ssl=1\" alt=\"\" class=\"wp-image-32511\" \/><\/figure>\n<figure class=\"wp-block-image size-large\"><img data-recalc-dims=\"1\" decoding=\"async\" loading=\"lazy\" width=\"696\" height=\"392\" data-id=\"32510\" src=\"https:\/\/i0.wp.com\/guialimeira.com.br\/wp-content\/uploads\/2026\/04\/1776280830_970_Cordeiropolis-lanca-campanha-de-incentivo-a-destinacao-do-Imposto-de.jpeg?resize=696%2C392&#038;ssl=1\" alt=\"\" class=\"wp-image-32510\" \/><\/figure>\n<\/figure><\/div>\n<p><br \/>\n<br \/><a href=\"https:\/\/www.cordeiropolis.sp.gov.br\/cordeiropolis-lanca-campanha-de-incentivo-a-destinacao-do-imposto-de-renda-a-entidades\/\" rel=\"noopener\">Informa\u00e7\u00f5es Cordeir\u00f3polis <\/a><\/p>\n","protected":false},"excerpt":{"rendered":"<p>A restitui\u00e7\u00e3o ou o pagamento do Imposto de Renda da Pessoa F\u00edsica (IRPF) podem ser destinados \u00e0s entidades que trabalham com crian\u00e7as, adolescentes e idosos de Cordeir\u00f3polis. A campanha Imposto do Bem, lan\u00e7ada pela Prefeitura de Cordeir\u00f3polis nesta quarta-feira (15), na C\u00e2mara Municipal, busca incentivar a destina\u00e7\u00e3o do imposto no munic\u00edpio. O evento teve a [&hellip;]<\/p>\n","protected":false},"author":1,"featured_media":61625,"comment_status":"closed","ping_status":"open","sticky":false,"template":"","format":"standard","meta":{"_jetpack_newsletter_access":"","_jetpack_dont_email_post_to_subs":false,"_jetpack_newsletter_tier_id":0,"_jetpack_memberships_contains_paywalled_content":false,"_mbp_banners":[],"_jetpack_feature_clip_id":0,"_jetpack_memberships_contains_paid_content":false,"footnotes":"","jetpack_publicize_message":"","jetpack_publicize_feature_enabled":true,"jetpack_social_post_already_shared":true,"jetpack_social_options":{"image_generator_settings":{"template":"highway","default_image_id":0,"font":"","enabled":false},"version":2},"jetpack_post_was_ever_published":false},"categories":[20],"tags":[],"class_list":["post-61624","post","type-post","status-publish","format-standard","has-post-thumbnail","category-regiao"],"jetpack_publicize_connections":[],"jetpack-related-posts":[],"jetpack_shortlink":"https:\/\/wp.me\/p7Eq1F-g1W","jetpack_sharing_enabled":true,"jetpack_featured_media_url":"https:\/\/i0.wp.com\/guialimeira.com.br\/news\/wp-content\/uploads\/2026\/04\/Cordeiropolis-lanca-campanha-de-incentivo-a-destinacao-do-Imposto-de.jpeg?fit=1024%2C577&ssl=1","_links":{"self":[{"href":"https:\/\/guialimeira.com.br\/news\/wp-json\/wp\/v2\/posts\/61624","targetHints":{"allow":["GET"]}}],"collection":[{"href":"https:\/\/guialimeira.com.br\/news\/wp-json\/wp\/v2\/posts"}],"about":[{"href":"https:\/\/guialimeira.com.br\/news\/wp-json\/wp\/v2\/types\/post"}],"author":[{"embeddable":true,"href":"https:\/\/guialimeira.com.br\/news\/wp-json\/wp\/v2\/users\/1"}],"replies":[{"embeddable":true,"href":"https:\/\/guialimeira.com.br\/news\/wp-json\/wp\/v2\/comments?post=61624"}],"version-history":[{"count":1,"href":"https:\/\/guialimeira.com.br\/news\/wp-json\/wp\/v2\/posts\/61624\/revisions"}],"predecessor-version":[{"id":61626,"href":"https:\/\/guialimeira.com.br\/news\/wp-json\/wp\/v2\/posts\/61624\/revisions\/61626"}],"wp:featuredmedia":[{"embeddable":true,"href":"https:\/\/guialimeira.com.br\/news\/wp-json\/wp\/v2\/media\/61625"}],"wp:attachment":[{"href":"https:\/\/guialimeira.com.br\/news\/wp-json\/wp\/v2\/media?parent=61624"}],"wp:term":[{"taxonomy":"category","embeddable":true,"href":"https:\/\/guialimeira.com.br\/news\/wp-json\/wp\/v2\/categories?post=61624"},{"taxonomy":"post_tag","embeddable":true,"href":"https:\/\/guialimeira.com.br\/news\/wp-json\/wp\/v2\/tags?post=61624"}],"curies":[{"name":"wp","href":"https:\/\/api.w.org\/{rel}","templated":true}]}}