{"id":61618,"date":"2026-04-15T15:40:53","date_gmt":"2026-04-15T18:40:53","guid":{"rendered":"https:\/\/guialimeira.com.br\/costa-junior-protocola-mocao-de-reconhecimento-pelo-avanco-na-alfabetizacao-atraves-da-secretaria-de-educacao\/"},"modified":"2026-04-15T15:40:53","modified_gmt":"2026-04-15T18:40:53","slug":"costa-junior-protocola-mocao-de-reconhecimento-pelo-avanco-na-alfabetizacao-atraves-da-secretaria-de-educacao","status":"publish","type":"post","link":"https:\/\/guialimeira.com.br\/news\/costa-junior-protocola-mocao-de-reconhecimento-pelo-avanco-na-alfabetizacao-atraves-da-secretaria-de-educacao\/","title":{"rendered":"Costa J\u00fanior protocola mo\u00e7\u00e3o de reconhecimento pelo avan\u00e7o na alfabetiza\u00e7\u00e3o, atrav\u00e9s da Secretaria de Educa\u00e7\u00e3o"},"content":{"rendered":"<p>Costa J\u00fanior protocola mo\u00e7\u00e3o de reconhecimento pelo avan\u00e7o na alfabetiza\u00e7\u00e3o, atrav\u00e9s da Secretaria de Educa\u00e7\u00e3o<\/p>\n<p>O vereador Costa J\u00fanior (Podemos) protocolou nesta quarta-feira, 15 de abril, na C\u00e2mara Municipal de Limeira, a Mo\u00e7\u00e3o N\u00b0 69\/2026, oficializando o m\u00e9rito da Secretaria Municipal de Educa\u00e7\u00e3o e de todos os seus profissionais. Segundo o autor, o documento celebra a marca alcan\u00e7ada pela rede municipal de ensino, que superou, com um ano de anteced\u00eancia, a meta de alfabetiza\u00e7\u00e3o estabelecida pelo Minist\u00e9rio da Educa\u00e7\u00e3o para 2026.<\/p>\n<p>A mo\u00e7\u00e3o destaca o salto quantitativo e qualitativo no aprendizado das crian\u00e7as do Munic\u00edpio. \u201cO Indicador Crian\u00e7a Alfabetizada (ICA) saltou de 62,75% em 2024 para 70,75% em 2025, al\u00e9m de superar a meta estipulada de 68,08%, registrando um avan\u00e7o de oito pontos percentuais em apenas um ano. O resultado previsto para 2026 foi atingido plenamente em 2025, evidenciando a excel\u00eancia na gest\u00e3o educacional\u201d, destacou Costa J\u00fanior.<\/p>\n<p>De acordo com o parlamentar, o sucesso \u00e9 reflexo de iniciativas como a forma\u00e7\u00e3o continuada de professores e programas focados na alfabetiza\u00e7\u00e3o na idade certa. &#8220;Esta conquista \u00e9 fruto do trabalho coletivo e dedicado de diretores, supervisores, coordenadores pedag\u00f3gicos, professores, monitores e demais profissionais da educa\u00e7\u00e3o&#8221;, ressaltou.<\/p>\n<p>Costa J\u00fanior explicou que a homenagem ser\u00e1 apreciada pelo Plen\u00e1rio e, ap\u00f3s aprova\u00e7\u00e3o, ter\u00e1 c\u00f3pias encaminhadas ao prefeito Murilo F\u00e9lix (Podemos), ao secret\u00e1rio de Educa\u00e7\u00e3o, Ant\u00f4nio Montesano Neto, e a todas as unidades escolares da rede municipal como forma de reconhecimento p\u00fablico.<\/p>\n<p>Do Gabinete Parlamentar \u2013 Vereador Costa J\u00fanior (Podemos)<\/p>\n<p>*Fotos do Gabinete parlamentar<\/p>\n<p>As mat\u00e9rias de origem dos Gabinetes Parlamentares s\u00e3o de inteira\u00a0 responsabilidade dos parlamentares e de suas assessorias. S\u00e3o devidamente assinadas e n\u00e3o refletem, necessariamente, a opini\u00e3o institucional da C\u00e2mara Municipal de Limeira.<\/p>\n<hr>\n<p><em>Fonte: <a href=\"https:\/\/www.limeira.sp.leg.br\/noticias\/view\/2026-04-15_costa-junior-protocola-mocao-de-reconhecimento-pelo-avanco-na-alfabetizacao-atraves-da-secretaria-de-educacao\" target=\"_blank\" rel=\"noopener\">C\u00e2mara Municipal de Limeira<\/a><\/em><\/p>\n","protected":false},"excerpt":{"rendered":"<p>Costa J\u00fanior protocola mo\u00e7\u00e3o de reconhecimento pelo avan\u00e7o na alfabetiza\u00e7\u00e3o, atrav\u00e9s da Secretaria de Educa\u00e7\u00e3o<\/p>\n<p>O vereador Costa J\u00fanior (Podemos) protocolou nesta quarta-feira, 15 de abril, na C\u00e2mara Municipal de Limeira, a Mo\u00e7\u00e3o N\u00b0 69\/2026, oficializando o m\u00e9rito da Secretaria Municipal de Educa\u00e7\u00e3o<\/p>\n","protected":false},"author":4,"featured_media":61617,"comment_status":"","ping_status":"open","sticky":false,"template":"","format":"standard","meta":{"_jetpack_newsletter_access":"","_jetpack_dont_email_post_to_subs":false,"_jetpack_newsletter_tier_id":0,"_jetpack_memberships_contains_paywalled_content":false,"_mbp_banners":[],"_jetpack_feature_clip_id":0,"_jetpack_memberships_contains_paid_content":false,"footnotes":"","jetpack_publicize_message":"","jetpack_publicize_feature_enabled":true,"jetpack_social_post_already_shared":true,"jetpack_social_options":{"image_generator_settings":{"template":"highway","default_image_id":0,"font":"","enabled":false},"version":2},"jetpack_post_was_ever_published":false},"categories":[19],"tags":[],"class_list":["post-61618","post","type-post","status-publish","format-standard","has-post-thumbnail","category-politica"],"jetpack_publicize_connections":[],"jetpack-related-posts":[],"jetpack_shortlink":"https:\/\/wp.me\/p7Eq1F-g1Q","jetpack_sharing_enabled":true,"jetpack_featured_media_url":"https:\/\/i0.wp.com\/guialimeira.com.br\/news\/wp-content\/uploads\/2026\/04\/noticia-camara-86.jpg?fit=1280%2C640&ssl=1","_links":{"self":[{"href":"https:\/\/guialimeira.com.br\/news\/wp-json\/wp\/v2\/posts\/61618","targetHints":{"allow":["GET"]}}],"collection":[{"href":"https:\/\/guialimeira.com.br\/news\/wp-json\/wp\/v2\/posts"}],"about":[{"href":"https:\/\/guialimeira.com.br\/news\/wp-json\/wp\/v2\/types\/post"}],"author":[{"embeddable":true,"href":"https:\/\/guialimeira.com.br\/news\/wp-json\/wp\/v2\/users\/4"}],"replies":[{"embeddable":true,"href":"https:\/\/guialimeira.com.br\/news\/wp-json\/wp\/v2\/comments?post=61618"}],"version-history":[{"count":0,"href":"https:\/\/guialimeira.com.br\/news\/wp-json\/wp\/v2\/posts\/61618\/revisions"}],"wp:featuredmedia":[{"embeddable":true,"href":"https:\/\/guialimeira.com.br\/news\/wp-json\/wp\/v2\/media\/61617"}],"wp:attachment":[{"href":"https:\/\/guialimeira.com.br\/news\/wp-json\/wp\/v2\/media?parent=61618"}],"wp:term":[{"taxonomy":"category","embeddable":true,"href":"https:\/\/guialimeira.com.br\/news\/wp-json\/wp\/v2\/categories?post=61618"},{"taxonomy":"post_tag","embeddable":true,"href":"https:\/\/guialimeira.com.br\/news\/wp-json\/wp\/v2\/tags?post=61618"}],"curies":[{"name":"wp","href":"https:\/\/api.w.org\/{rel}","templated":true}]}}