{"id":616,"date":"2024-03-31T18:20:43","date_gmt":"2024-03-31T21:20:43","guid":{"rendered":"https:\/\/guialimeira.com.br\/2024\/03\/31\/ministros-usam-redes-sociais-para-lembrar-60-anos-do-golpe-de-64\/"},"modified":"2024-03-31T18:20:43","modified_gmt":"2024-03-31T21:20:43","slug":"ministros-usam-redes-sociais-para-lembrar-60-anos-do-golpe-de-64","status":"publish","type":"post","link":"https:\/\/guialimeira.com.br\/news\/ministros-usam-redes-sociais-para-lembrar-60-anos-do-golpe-de-64\/","title":{"rendered":"Ministros usam redes sociais para lembrar 60 anos do golpe de 64"},"content":{"rendered":"<p> <br \/>\n<\/p>\n<div>\n<div class=\"dnd-widget-wrapper context-cheio_8colunas type-image atom-align-center\">\n<div class=\"dnd-atom-rendered\"><!-- scald=378456:cheio_8colunas {\"additionalClasses\":\"\"} --><\/p>\n<div class=\"shadow overflow-hidden rounded-lg d-block w-100\">\n            <img data-recalc-dims=\"1\" decoding=\"async\" src=\"https:\/\/i0.wp.com\/agenciabrasil.ebc.com.br\/sites\/default\/files\/thumbnails\/image\/loading_v2.gif?w=696&#038;ssl=1\" data-echo=\"https:\/\/imagens.ebc.com.br\/E9LqOU5_nObIwhjp3og51dQAID4=\/754x0\/smart\/https:\/\/agenciabrasil.ebc.com.br\/sites\/default\/files\/thumbnails\/image\/2024\/03\/29\/arte_60_anos_do_golpe_-_banner.png?itok=RzRi6ImF\" alt=\"Arte 60 anos do golpe - banner\" title=\"Arte\/Ag\u00eancia Brasil\" class=\"flex-fill img-cover\"\/><br \/>\n        <img data-recalc-dims=\"1\" decoding=\"async\" src=\"https:\/\/i0.wp.com\/imagens.ebc.com.br\/E9LqOU5_nObIwhjp3og51dQAID4%3D\/754x0\/smart\/https%3A\/\/agenciabrasil.ebc.com.br\/sites\/default\/files\/thumbnails\/image\/2024\/03\/29\/arte_60_anos_do_golpe_-_banner.png?w=696&#038;ssl=1\" alt=\"Arte 60 anos do golpe - banner\" title=\"Arte\/Ag\u00eancia Brasil\" class=\"flex-fill img-cover\"\/>\n    <\/div>\n<p><!-- END scald=378456 --><\/div>\n<p><h6 class=\"meta\"><strong>Arte\/Ag\u00eancia Brasil<\/strong><!--END copyright=378456--><\/h6>\n<\/p>\n<\/div>\n<p>Ao menos sete ministros de Estado usaram as redes sociais neste domingo (31) para fazer refer\u00eancia aos 60 anos do golpe militar de 1964, que instaurou no pa\u00eds a ditadura que duraria 21 anos.<img data-recalc-dims=\"1\" decoding=\"async\" src=\"https:\/\/i0.wp.com\/agenciabrasil.ebc.com.br\/ebc.png?w=696&#038;ssl=1\" style=\"width:1px; height:1px; display:inline;\"\/><img data-recalc-dims=\"1\" decoding=\"async\" src=\"https:\/\/i0.wp.com\/agenciabrasil.ebc.com.br\/ebc.gif?w=696&#038;ssl=1\" style=\"width:1px; height:1px; display:inline;\"\/><\/p>\n<p>O ministro dos Direitos Humanos e da Cidadania, Silvio Almeida, fez uma publica\u00e7\u00e3o na rede X (antigo Twitter) com o t\u00edtulo \u201cPor que ditadura nunca mais?\u201d. Como resposta para a pergunta, ele citou desejos de um pa\u00eds \u201csocial e economicamente desenvolvido\u201d, \u201csoberano, que n\u00e3o se curve a interesses opostos aos do povo brasileiro\u201d, \u201cinstitucional e culturalmente democr\u00e1tico\u201d, \u201cem que a verdade e a justi\u00e7a prevale\u00e7am sobre a mentira e a viol\u00eancia\u201d, \u201clivre da tortura e do autoritarismo\u201d e \u201csem mil\u00edcias e grupos de exterm\u00ednio\u201d.<\/p>\n<p>Silvio Almeida terminou a publica\u00e7\u00e3o lembrando uma frase do deputado Ulysses Guimar\u00e3es &#8211; que presidiu a Assembleia Nacional Constituinte que elaborou a Constitui\u00e7\u00e3o de 1988: \u201c\u00c9 preciso ter \u00f3dio e nojo da ditadura\u201d.<\/p>\n<p>A frase de Ulysses tamb\u00e9m foi lembrada em postagem do ministro-chefe da Secretaria de Comunica\u00e7\u00e3o Social da Presid\u00eancia, Paulo Pimenta. Ele publicou a imagem de uma blusa branca com a inscri\u00e7\u00e3o estilizada \u201c\u00f3dio e nojo \u00e0 ditadura\u201d.<\/p>\n<p>\u201cDitadura Nunca Mais!! A esperan\u00e7a e a coragem derrotaram o \u00f3dio, a intoler\u00e2ncia e o autoritarismo. Defender a democracia \u00e9 um desafio que se renova todos os dias\u201d, escreveu.\u00a0\u00a0\u00a0\u00a0\u00a0\u00a0\u00a0\u00a0\u00a0\u00a0\u00a0\u00a0<\/p>\n<p>A ministra das Mulheres, Cida Gon\u00e7alves, tamb\u00e9m usou o portal X para prestar solidariedade \u00e0s v\u00edtimas do regime de exce\u00e7\u00e3o.<\/p>\n<p>\u201cNeste 31 de mar\u00e7o de 2024 fa\u00e7o minha homenagem a todas as pessoas presas, torturadas ou que tiveram seus filhos desaparecidos e mortos na ditadura militar. Que o golpe instalado h\u00e1 exatos 60 anos nunca mais volte a acontecer e n\u00e3o seja jamais esquecido\u201d.<\/p>\n<p>Desejar que uma ditadura nunca volte a acontecer foi teor tamb\u00e9m de mensagem postada pelo ministro da Educa\u00e7\u00e3o, Camilo Santana.<\/p>\n<p>\u201cLembramos e repudiamos a ditadura militar, para que ela nunca mais se repita. A mancha deixada por toda dor causada jamais se apagar\u00e1. Viva a democracia, que tem para n\u00f3s um valor inestim\u00e1vel\u201d, escreveu.<\/p>\n<h2>Torturados<\/h2>\n<p>O ministro do Desenvolvimento Agr\u00e1rio e Agricultura Familiar, Paulo Teixeira, lembrou nominalmente algumas das v\u00edtimas do per\u00edodo que desrespeitou os direitos humanos por mais de duas d\u00e9cadas.<\/p>\n<p>\u201cMinha homenagem a todos que perderam a vida e a liberdade, em raz\u00e3o da ruptura da democracia no dia 31 de mar\u00e7o de 1964, que levou o pa\u00eds a um per\u00edodo de trevas. Minha homenagem a Rubens Paiva, Vladimir Herzog e Manoel Fiel Filho, que lutaram pela democracia no Brasil\u201d.<\/p>\n<p><a href=\"https:\/\/agenciabrasil.ebc.com.br\/geral\/noticia\/2023-10\/governo-publica-sentenca-que-culpa-estado-por-morte-de-vladimir-herzog\" rel=\"noopener\">Herzog<\/a> era jornalista; <a href=\"https:\/\/agenciabrasil.ebc.com.br\/direitos-humanos\/noticia\/2014-09\/ex-deputado-rubens-paiva-ganha-busto-em-frente-local-onde-foi\" rel=\"noopener\">Rubens Paiva<\/a>, engenheiro; e <a href=\"https:\/\/agenciabrasil.ebc.com.br\/direitos-humanos\/noticia\/2016-01\/manoel-fiel-filho-brasileiro-metalurgico-assassinado\" rel=\"noopener\">Manoel Fiel Filho<\/a>, metal\u00fargico. Todos foram torturados e mortos pelo regime militar na d\u00e9cada de 70.<\/p>\n<p>A ministra dos Povos Ind\u00edgenas, Sonia Guajajara, pediu reflex\u00f5es sobre um processo de repara\u00e7\u00e3o do Estado em rela\u00e7\u00e3o ao que aconteceu contra povos ind\u00edgenas durante a ditadura.<\/p>\n<p>\u201cSabemos que a luta sempre foi uma constante para os povos ind\u00edgenas, mas h\u00e1 60 anos o golpe dava in\u00edcio a um dos per\u00edodos mais duros do nosso pa\u00eds. A ditadura promoveu um genoc\u00eddio dos nossos povos e tamb\u00e9m de nossa cultura. Milhares de ind\u00edgenas foram assassinados e muitos mitos constru\u00eddos entre militares para justificar um exterm\u00ednio \u2013 muitos discursos perversos que at\u00e9 hoje s\u00e3o utilizados para tentar refutar nosso direito constitucional ao territ\u00f3rio\u201d, escreveu.<\/p>\n<p>\u201cPrecisamos refletir sobre um processo de repara\u00e7\u00e3o do Estado. Esse \u00e9 um debate necess\u00e1rio para o conjunto da sociedade. S\u00f3 avan\u00e7aremos com o fortalecimento da democracia e da Justi\u00e7a\u201d, completou.<\/p>\n<p>O ministro na Advocacia-Geral da Uni\u00e3o, Jorge Messias, publicou a <a href=\"https:\/\/x.com\/jorgemessiasagu\/status\/1774473828514529529?s=20\">not\u00f3ria fotografia<\/a> da ex-presidente Dilma Rousseff, ent\u00e3o presa pol\u00edtica com 22 anos, durante um interrogat\u00f3rio numa auditoria militar na d\u00e9cada de 70.<\/p>\n<p>Com o t\u00edtulo \u201cDemocracia sempre!!!\u201d, Messias escreveu: \u201cminha homenagem nesta data \u00e9 na pessoa de uma mulher que consagrou sua vida \u00e0 defesa da Democracia, @dilmabr. Que a Luz da Democracia prevale\u00e7a, sempre. Essa \u00e9 a causa que nos move\u201d.<\/p>\n<p>Dilma Rousseff usou o perfil dela no X para defender que \u201cmanter a mem\u00f3ria e a verdade hist\u00f3rica sobre o golpe militar que ocorreu no Brasil h\u00e1 60 anos, em 31 de mar\u00e7o de 1964, \u00e9 crucial para assegurar que essa trag\u00e9dia n\u00e3o se repita, como quase ocorreu recentemente, em 8 de janeiro de 2023\u201d.<\/p>\n<p>\u201cNo passado, como agora, a Hist\u00f3ria n\u00e3o apaga os sinais de trai\u00e7\u00e3o \u00e0 democracia e nem limpa da consci\u00eancia nacional os atos de perversidade daqueles que exilaram e mancharam de sangue, tortura e morte a vida brasileira durante 21 anos. Tampouco resgata aqueles que apoiaram o ataque \u00e0s institui\u00e7\u00f5es, \u00e0 democracia e aos ideais de uma sociedade mais justa e menos desigual. Ditadura nunca mais!\u201d, complementou.<\/p>\n<h2>Democracia<\/h2>\n<p>O presidente do Supremo Tribunal Federal, ministro Lu\u00eds Roberto Barroso, sem citar a ditadura, associou a P\u00e1scoa, comemorada neste domingo, \u00e0 democracia.<\/p>\n<p>\u201c31 de mar\u00e7o de 2024: um dia para celebrar a P\u00e1scoa, a ressurrei\u00e7\u00e3o, os bons sentimentos de renova\u00e7\u00e3o e esperan\u00e7a, e tamb\u00e9m para lembrar do que nunca podemos esquecer: de como a democracia \u00e9 valiosa e a nossa liberdade, nossos direitos e garantias fundamentais s\u00e3o a ess\u00eancia de uma vida verdadeiramente digna nesse pa\u00eds. Feliz P\u00e1scoa, democracia sempre!\u201d.<\/p>\n<p>O marco de 60 anos do golpe militar n\u00e3o foi lembrado com eventos oficiais por parte do governo federal. No fim de fevereiro, em entrevista \u00e0 RedeTV, o presidente Luiz In\u00e1cio Lula da Silva comentou que a ruptura institucional \u201cj\u00e1 faz parte da hist\u00f3ria\u201d.\u00a0\u201cJ\u00e1 causou o sofrimento que causou. O povo j\u00e1 conquistou o direito de democratizar esse pa\u00eds. Os generais que est\u00e3o hoje no poder eram crian\u00e7as naquele tempo. Alguns acho que n\u00e3o tinham nem nascido ainda naquele tempo\u201d, disse.<\/p>\n<p>\u201cO que eu n\u00e3o posso \u00e9 n\u00e3o saber tocar a hist\u00f3ria para frente, ficar remoendo sempre, remoendo sempre, ou seja, \u00e9 uma parte da hist\u00f3ria do Brasil que a gente ainda n\u00e3o tem todas as informa\u00e7\u00f5es, porque tem gente desaparecida ainda, porque tem gente que pode se apurar. Mas eu, sinceramente, eu n\u00e3o vou ficar remoendo e eu vou tentar tocar esse pa\u00eds pra frente\u201d, acrescentou o presidente.<\/p>\n<\/p><\/div>\n<p><br \/>\n<br \/><a href=\"https:\/\/agenciabrasil.ebc.com.br\/geral\/noticia\/2024-03\/ministros-usam-redes-sociais-para-lembrar-60-anos-do-golpe-de-64\" rel=\"noopener\">Ag\u00eancia Brasil<\/a><\/p>\n","protected":false},"excerpt":{"rendered":"<p>Arte\/Ag\u00eancia Brasil Ao menos sete ministros de Estado usaram as redes sociais neste domingo (31) para fazer refer\u00eancia aos 60 anos do golpe militar de 1964, que instaurou no pa\u00eds a ditadura que duraria 21 anos. O ministro dos Direitos Humanos e da Cidadania, Silvio Almeida, fez uma publica\u00e7\u00e3o na rede X (antigo Twitter) com [&hellip;]<\/p>\n","protected":false},"author":1,"featured_media":617,"comment_status":"open","ping_status":"open","sticky":false,"template":"","format":"standard","meta":{"_jetpack_newsletter_access":"","_jetpack_dont_email_post_to_subs":false,"_jetpack_newsletter_tier_id":0,"_jetpack_memberships_contains_paywalled_content":false,"_mbp_banners":[],"_jetpack_feature_clip_id":0,"_jetpack_memberships_contains_paid_content":false,"footnotes":"","jetpack_publicize_message":"","jetpack_publicize_feature_enabled":true,"jetpack_social_post_already_shared":true,"jetpack_social_options":{"image_generator_settings":{"template":"highway","default_image_id":0,"font":"","enabled":false},"version":2},"jetpack_post_was_ever_published":false},"categories":[1],"tags":[],"class_list":["post-616","post","type-post","status-publish","format-standard","has-post-thumbnail","category-geral"],"jetpack_publicize_connections":[],"jetpack-related-posts":[],"jetpack_shortlink":"https:\/\/wp.me\/p7Eq1F-9W","jetpack_sharing_enabled":true,"jetpack_featured_media_url":"https:\/\/i0.wp.com\/guialimeira.com.br\/news\/wp-content\/uploads\/2024\/03\/arte_60_anos_do_golpe_-_banner.png?fit=1600%2C800&ssl=1","_links":{"self":[{"href":"https:\/\/guialimeira.com.br\/news\/wp-json\/wp\/v2\/posts\/616","targetHints":{"allow":["GET"]}}],"collection":[{"href":"https:\/\/guialimeira.com.br\/news\/wp-json\/wp\/v2\/posts"}],"about":[{"href":"https:\/\/guialimeira.com.br\/news\/wp-json\/wp\/v2\/types\/post"}],"author":[{"embeddable":true,"href":"https:\/\/guialimeira.com.br\/news\/wp-json\/wp\/v2\/users\/1"}],"replies":[{"embeddable":true,"href":"https:\/\/guialimeira.com.br\/news\/wp-json\/wp\/v2\/comments?post=616"}],"version-history":[{"count":0,"href":"https:\/\/guialimeira.com.br\/news\/wp-json\/wp\/v2\/posts\/616\/revisions"}],"wp:featuredmedia":[{"embeddable":true,"href":"https:\/\/guialimeira.com.br\/news\/wp-json\/wp\/v2\/media\/617"}],"wp:attachment":[{"href":"https:\/\/guialimeira.com.br\/news\/wp-json\/wp\/v2\/media?parent=616"}],"wp:term":[{"taxonomy":"category","embeddable":true,"href":"https:\/\/guialimeira.com.br\/news\/wp-json\/wp\/v2\/categories?post=616"},{"taxonomy":"post_tag","embeddable":true,"href":"https:\/\/guialimeira.com.br\/news\/wp-json\/wp\/v2\/tags?post=616"}],"curies":[{"name":"wp","href":"https:\/\/api.w.org\/{rel}","templated":true}]}}