{"id":61584,"date":"2026-04-15T11:20:57","date_gmt":"2026-04-15T14:20:57","guid":{"rendered":"https:\/\/guialimeira.com.br\/waguinho-da-santa-luzia-questiona-ausencia-de-distribuicao-de-lanches-a-alunos-do-colmeia\/"},"modified":"2026-04-15T11:20:57","modified_gmt":"2026-04-15T14:20:57","slug":"waguinho-da-santa-luzia-questiona-ausencia-de-distribuicao-de-lanches-a-alunos-do-colmeia","status":"publish","type":"post","link":"https:\/\/guialimeira.com.br\/news\/waguinho-da-santa-luzia-questiona-ausencia-de-distribuicao-de-lanches-a-alunos-do-colmeia\/","title":{"rendered":"Waguinho da Santa Luzia questiona aus\u00eancia de distribui\u00e7\u00e3o de lanches a alunos do Colmeia"},"content":{"rendered":"<p>Waguinho da Santa Luzia questiona aus\u00eancia de distribui\u00e7\u00e3o de lanches a alunos do Colmeia<\/p>\n<p>Ap\u00f3s receber cobran\u00e7as de alunos do curso pr\u00e9-vestibular Colmeia, o vereador Waguinho da Santa Luzia (PP) protocolou o Requerimento N\u00ba 283\/2026, na C\u00e2mara Municipal, questionando a Prefeitura acerca da aus\u00eancia de distribui\u00e7\u00e3o de lanches aos estudantes. A propositura foi encaminhada ao Poder Executivo nesta ter\u00e7a-feira, 14 de abril. O prazo para resposta ao parlamentar \u00e9 de 15 dias, prorrog\u00e1vel por igual per\u00edodo.<\/p>\n<p>Com base em relatos dos alunos, o vereador informa que na aula inaugural foi prometido que as turmas teriam direito ao lanche no intervalo das atividades, o que at\u00e9 o momento n\u00e3o vem sendo cumprido.<\/p>\n<p>Waguinho informou que busca esclarecer os motivos da n\u00e3o distribui\u00e7\u00e3o e cobrar provid\u00eancias imediatas para garantir esse direito aos alunos, uma vez que esse suporte \u00e9 importante, segundo ele, especialmente para estudantes que chegam ao cursinho sem alimenta\u00e7\u00e3o adequada.<\/p>\n<p>\u201cEstamos falando de jovens que est\u00e3o se preparando para o futuro, e o m\u00ednimo que se espera \u00e9 o cumprimento do que foi prometido. O lanche faz diferen\u00e7a no rendimento e na perman\u00eancia desses alunos em sala de aula\u201d, afirmou o vereador.<\/p>\n<p>Do Gabinete Parlamentar \u2013 Vereador Waguinho da Santa Luzia (PP)<\/p>\n<p>As mat\u00e9rias de origem dos Gabinetes Parlamentares s\u00e3o de inteira\u00a0 responsabilidade dos parlamentares e de suas assessorias. S\u00e3o devidamente assinadas e n\u00e3o refletem, necessariamente, a opini\u00e3o institucional da C\u00e2mara Municipal de Limeira.<\/p>\n<hr>\n<p><em>Fonte: <a href=\"https:\/\/www.limeira.sp.leg.br\/noticias\/view\/2026-04-15_waguinho-da-santa-luzia-questiona-ausencia-de-distribuicao-de-lanches-a-alunos-do-colmeia\" target=\"_blank\" rel=\"noopener\">C\u00e2mara Municipal de Limeira<\/a><\/em><\/p>\n","protected":false},"excerpt":{"rendered":"<p>Waguinho da Santa Luzia questiona aus\u00eancia de distribui\u00e7\u00e3o de lanches a alunos do Colmeia<\/p>\n<p>Ap\u00f3s receber cobran\u00e7as de alunos do curso pr\u00e9-vestibular Colmeia, o vereador Waguinho da Santa Luzia (PP) protocolou o Requerimento N\u00ba 283\/2026, na C\u00e2mara Municipal, questionando a Prefeitura acerca da aus\u00eanci<\/p>\n","protected":false},"author":4,"featured_media":61583,"comment_status":"","ping_status":"open","sticky":false,"template":"","format":"standard","meta":{"_jetpack_newsletter_access":"","_jetpack_dont_email_post_to_subs":false,"_jetpack_newsletter_tier_id":0,"_jetpack_memberships_contains_paywalled_content":false,"_mbp_banners":[],"_jetpack_feature_clip_id":0,"_jetpack_memberships_contains_paid_content":false,"footnotes":"","jetpack_publicize_message":"","jetpack_publicize_feature_enabled":true,"jetpack_social_post_already_shared":true,"jetpack_social_options":{"image_generator_settings":{"template":"highway","default_image_id":0,"font":"","enabled":false},"version":2},"jetpack_post_was_ever_published":false},"categories":[19],"tags":[],"class_list":["post-61584","post","type-post","status-publish","format-standard","has-post-thumbnail","category-politica"],"jetpack_publicize_connections":[],"jetpack-related-posts":[],"jetpack_shortlink":"https:\/\/wp.me\/p7Eq1F-g1i","jetpack_sharing_enabled":true,"jetpack_featured_media_url":"https:\/\/i0.wp.com\/guialimeira.com.br\/news\/wp-content\/uploads\/2026\/04\/noticia-camara-85.jpg?fit=1280%2C640&ssl=1","_links":{"self":[{"href":"https:\/\/guialimeira.com.br\/news\/wp-json\/wp\/v2\/posts\/61584","targetHints":{"allow":["GET"]}}],"collection":[{"href":"https:\/\/guialimeira.com.br\/news\/wp-json\/wp\/v2\/posts"}],"about":[{"href":"https:\/\/guialimeira.com.br\/news\/wp-json\/wp\/v2\/types\/post"}],"author":[{"embeddable":true,"href":"https:\/\/guialimeira.com.br\/news\/wp-json\/wp\/v2\/users\/4"}],"replies":[{"embeddable":true,"href":"https:\/\/guialimeira.com.br\/news\/wp-json\/wp\/v2\/comments?post=61584"}],"version-history":[{"count":0,"href":"https:\/\/guialimeira.com.br\/news\/wp-json\/wp\/v2\/posts\/61584\/revisions"}],"wp:featuredmedia":[{"embeddable":true,"href":"https:\/\/guialimeira.com.br\/news\/wp-json\/wp\/v2\/media\/61583"}],"wp:attachment":[{"href":"https:\/\/guialimeira.com.br\/news\/wp-json\/wp\/v2\/media?parent=61584"}],"wp:term":[{"taxonomy":"category","embeddable":true,"href":"https:\/\/guialimeira.com.br\/news\/wp-json\/wp\/v2\/categories?post=61584"},{"taxonomy":"post_tag","embeddable":true,"href":"https:\/\/guialimeira.com.br\/news\/wp-json\/wp\/v2\/tags?post=61584"}],"curies":[{"name":"wp","href":"https:\/\/api.w.org\/{rel}","templated":true}]}}