{"id":61582,"date":"2026-04-15T11:15:54","date_gmt":"2026-04-15T14:15:54","guid":{"rendered":"https:\/\/guialimeira.com.br\/comissao-de-orcamento-agenda-audiencia-publica-para-prefeitura-apresentar-cumprimento-de-metas-fiscais\/"},"modified":"2026-04-15T11:15:54","modified_gmt":"2026-04-15T14:15:54","slug":"comissao-de-orcamento-agenda-audiencia-publica-para-prefeitura-apresentar-cumprimento-de-metas-fiscais","status":"publish","type":"post","link":"https:\/\/guialimeira.com.br\/news\/comissao-de-orcamento-agenda-audiencia-publica-para-prefeitura-apresentar-cumprimento-de-metas-fiscais\/","title":{"rendered":"Comiss\u00e3o de Or\u00e7amento agenda audi\u00eancia p\u00fablica para Prefeitura apresentar cumprimento de metas fiscais"},"content":{"rendered":"<p>Comiss\u00e3o de Or\u00e7amento agenda audi\u00eancia p\u00fablica para Prefeitura apresentar cumprimento de metas fiscais<\/p>\n<p>A C\u00e2mara Municipal de Limeira realiza no dia 28 de maio, \u00e0s 18h, audi\u00eancia p\u00fablica para que a Prefeitura preste contas da aplica\u00e7\u00e3o do or\u00e7amento municipal referente ao primeiro quadrimestre de 2026, portanto, de janeiro a abril. O evento \u00e9 organizado pela Comiss\u00e3o de Or\u00e7amento e Fiscaliza\u00e7\u00e3o do Executivo. Conforme a Lei de Responsabilidade Fiscal (LRF), o Poder Executivo deve demonstrar o cumprimento das metas fiscais a cada quatro meses em rela\u00e7\u00e3o ao que foi estabelecido para o exerc\u00edcio.<\/p>\n<p>Durante a audi\u00eancia, um representante da Prefeitura disponibiliza os dados \u00e0 popula\u00e7\u00e3o e aos vereadores sobre a forma como o or\u00e7amento municipal foi aplicado no per\u00edodo para custear a\u00e7\u00f5es nas diversas \u00e1reas, como sa\u00fade, educa\u00e7\u00e3o e obras, por exemplo.<\/p>\n<p>A apresenta\u00e7\u00e3o \u00e9 aberta ao p\u00fablico que pode participar presencialmente no Plen\u00e1rio Vereador Vit\u00f3rio Bortolan, na rua Clarino Peixoto, 280 &#8211; Jardim Maria Buchi Modeneis; basta se identificar na portaria e seguir at\u00e9 o \u00faltimo bloco (F). Para saber como chegar no novo endere\u00e7o, acesse este link. Tamb\u00e9m haver\u00e1 transmiss\u00e3o ao vivo pelos canais de comunica\u00e7\u00e3o da Casa, no Youtube, Facebook e site, como possibilidade de os mun\u00edcipes registrarem demandas por coment\u00e1rios nas plataformas de intera\u00e7\u00e3o.<\/p>\n<p>O agendamento da audi\u00eancia foi feito durante a reuni\u00e3o da Comiss\u00e3o nesta quarta-feira, 14 de abril, conforme registrado em ata. Fazem parte do colegiado a vereadora Lu Bogo (PL), presidente; Estev\u00e3o Nogueira (Avante), vice-presidente; e Elias Barbosa (PRTB), secret\u00e1rio.<\/p>\n<p>O qu\u00ea: audi\u00eancia p\u00fablica para apresenta\u00e7\u00e3o e avalia\u00e7\u00e3o do cumprimento das metas fiscais<\/p>\n<p>Quando: 28 de maio (quinta-feira), \u00e0s 18h<\/p>\n<p>Onde: Plen\u00e1rio Vereador Vit\u00f3rio Bortolan, na rua Clarino Peixoto, 280 &#8211; Jardim Maria Buchi Modeneis<\/p>\n<p>Transmiss\u00e3o e participa\u00e7\u00e3o: Youtube, Facebook e site.<\/p>\n<hr>\n<p><em>Fonte: <a href=\"https:\/\/www.limeira.sp.leg.br\/noticias\/view\/2026-04-15_comissao-de-orcamento-agenda-audiencia-publica-para-prefeitura-apresentar-cumprimento-de-metas-fiscais\" target=\"_blank\" rel=\"noopener\">C\u00e2mara Municipal de Limeira<\/a><\/em><\/p>\n","protected":false},"excerpt":{"rendered":"<p>Comiss\u00e3o de Or\u00e7amento agenda audi\u00eancia p\u00fablica para Prefeitura apresentar cumprimento de metas fiscais<\/p>\n<p>A C\u00e2mara Municipal de Limeira realiza no dia 28 de maio, \u00e0s 18h, audi\u00eancia p\u00fablica para que a Prefeitura preste contas da aplica\u00e7\u00e3o do or\u00e7amento municipal referente ao primeiro quadrimestre de 202<\/p>\n","protected":false},"author":4,"featured_media":61581,"comment_status":"","ping_status":"open","sticky":false,"template":"","format":"standard","meta":{"_jetpack_newsletter_access":"","_jetpack_dont_email_post_to_subs":false,"_jetpack_newsletter_tier_id":0,"_jetpack_memberships_contains_paywalled_content":false,"_mbp_banners":[],"_jetpack_feature_clip_id":0,"_jetpack_memberships_contains_paid_content":false,"footnotes":"","jetpack_publicize_message":"","jetpack_publicize_feature_enabled":true,"jetpack_social_post_already_shared":true,"jetpack_social_options":{"image_generator_settings":{"template":"highway","default_image_id":0,"font":"","enabled":false},"version":2},"jetpack_post_was_ever_published":false},"categories":[19],"tags":[],"class_list":["post-61582","post","type-post","status-publish","format-standard","has-post-thumbnail","category-politica"],"jetpack_publicize_connections":[],"jetpack-related-posts":[],"jetpack_shortlink":"https:\/\/wp.me\/p7Eq1F-g1g","jetpack_sharing_enabled":true,"jetpack_featured_media_url":"https:\/\/i0.wp.com\/guialimeira.com.br\/news\/wp-content\/uploads\/2026\/04\/noticia-camara-84.jpg?fit=1280%2C640&ssl=1","_links":{"self":[{"href":"https:\/\/guialimeira.com.br\/news\/wp-json\/wp\/v2\/posts\/61582","targetHints":{"allow":["GET"]}}],"collection":[{"href":"https:\/\/guialimeira.com.br\/news\/wp-json\/wp\/v2\/posts"}],"about":[{"href":"https:\/\/guialimeira.com.br\/news\/wp-json\/wp\/v2\/types\/post"}],"author":[{"embeddable":true,"href":"https:\/\/guialimeira.com.br\/news\/wp-json\/wp\/v2\/users\/4"}],"replies":[{"embeddable":true,"href":"https:\/\/guialimeira.com.br\/news\/wp-json\/wp\/v2\/comments?post=61582"}],"version-history":[{"count":0,"href":"https:\/\/guialimeira.com.br\/news\/wp-json\/wp\/v2\/posts\/61582\/revisions"}],"wp:featuredmedia":[{"embeddable":true,"href":"https:\/\/guialimeira.com.br\/news\/wp-json\/wp\/v2\/media\/61581"}],"wp:attachment":[{"href":"https:\/\/guialimeira.com.br\/news\/wp-json\/wp\/v2\/media?parent=61582"}],"wp:term":[{"taxonomy":"category","embeddable":true,"href":"https:\/\/guialimeira.com.br\/news\/wp-json\/wp\/v2\/categories?post=61582"},{"taxonomy":"post_tag","embeddable":true,"href":"https:\/\/guialimeira.com.br\/news\/wp-json\/wp\/v2\/tags?post=61582"}],"curies":[{"name":"wp","href":"https:\/\/api.w.org\/{rel}","templated":true}]}}