{"id":61574,"date":"2026-04-15T09:45:55","date_gmt":"2026-04-15T12:45:55","guid":{"rendered":"https:\/\/guialimeira.com.br\/marcio-do-estacionamento-cobra-prefeitura-sobre-revitalizacao-e-liberacao-de-pesca-recreativa-no-parque-das-lagoas\/"},"modified":"2026-04-15T09:45:55","modified_gmt":"2026-04-15T12:45:55","slug":"marcio-do-estacionamento-cobra-prefeitura-sobre-revitalizacao-e-liberacao-de-pesca-recreativa-no-parque-das-lagoas","status":"publish","type":"post","link":"https:\/\/guialimeira.com.br\/news\/marcio-do-estacionamento-cobra-prefeitura-sobre-revitalizacao-e-liberacao-de-pesca-recreativa-no-parque-das-lagoas\/","title":{"rendered":"M\u00e1rcio do Estacionamento cobra Prefeitura sobre revitaliza\u00e7\u00e3o e libera\u00e7\u00e3o de pesca recreativa no Parque das Lagoas"},"content":{"rendered":"<p>M\u00e1rcio do Estacionamento cobra Prefeitura sobre revitaliza\u00e7\u00e3o e libera\u00e7\u00e3o de pesca recreativa no Parque das Lagoas<\/p>\n<p>O vereador M\u00e1rcio do Estacionamento (DC) protocolou oficialmente o Requerimento N\u00ba 272\/2026, que foi lido na \u00faltima sess\u00e3o desta segunda-feira, 13 de abril, cobrando a Prefeitura informa\u00e7\u00f5es detalhadas sobre a recupera\u00e7\u00e3o da infraestrutura e o planejamento para a implementa\u00e7\u00e3o da pesca recreativa no Parque Ecol\u00f3gico Gino Archimedes Battiston, popularmente conhecido como Parque das Lagoas, localizado no Jardim do Lago.<\/p>\n<p>A iniciativa surgiu ap\u00f3s visita t\u00e9cnica realizada pelo parlamentar, na qual foram constatados problemas cr\u00edticos que comprometem o uso do espa\u00e7o pela comunidade. Segundo o vereador, entre as principais preocupa\u00e7\u00f5es est\u00e3o vazamentos nas barragens que impedem a subida do n\u00edvel da \u00e1gua e a deteriora\u00e7\u00e3o das cercas que delimitam o contato entre frequentadores e animais silvestres, como capivaras.<\/p>\n<p>\u201cO Jardim do Lago possui um potencial de lazer enorme, mas hoje sofre com problemas estruturais. Precisamos de um cronograma claro de manuten\u00e7\u00e3o das barragens e da recupera\u00e7\u00e3o do cercado para garantir a seguran\u00e7a de quem frequenta o local\u201d, afirmou M\u00e1rcio do Estacionamento.<\/p>\n<p>Um dos pontos do requerimento \u00e9 o pedido de informa\u00e7\u00f5es sobre o projeto de implementa\u00e7\u00e3o da &#8220;Pesca Recreativa&#8221;, o qual o vereador refor\u00e7ou para que tirassem do papel a Lei N\u00ba 7.288\/2026, de autoria dele. \u201cEssa lei permite a pescaria recreativa no local, trazendo vida e ocupa\u00e7\u00e3o positiva para o parque, permitindo que os moradores possam usufruir da atividade de forma organizada, transformando o parque em um ambiente mais atraente e confort\u00e1vel\u201d, ressaltou.<\/p>\n<p>No documento, Marcio tamb\u00e9m questiona o prefeito sobre a exist\u00eancia de um projeto de revitaliza\u00e7\u00e3o completa do parque, prazos para o conserto das barragens e das cercas danificadas, acerca do plano detalhado e as fases para a libera\u00e7\u00e3o da pesca recreativa nas lagoas.<\/p>\n<p>O requerimento segue para a Prefeitura que ter\u00e1 o prazo regimental para responder aos questionamentos. O vereador refor\u00e7ou que continuar\u00e1 fiscalizando o caso at\u00e9 que as melhorias sejam entregues \u00e0 popula\u00e7\u00e3o.<\/p>\n<p>Do Gabinete Parlamentar \u2013 Vereador\u00a0 M\u00e1rcio dos Santos Vidal (DC)<\/p>\n<p>*Fotos do Gabinete parlamentar<\/p>\n<p>As mat\u00e9rias de origem dos Gabinetes Parlamentares s\u00e3o de inteira\u00a0 responsabilidade dos parlamentares e de suas assessorias. S\u00e3o devidamente assinadas e n\u00e3o refletem, necessariamente, a opini\u00e3o institucional da C\u00e2mara Municipal de Limeira.<\/p>\n<hr>\n<p><em>Fonte: <a href=\"https:\/\/www.limeira.sp.leg.br\/noticias\/view\/2026-04-15_marcio-do-estacionamento-cobra-prefeitura-sobre-revitalizacao-e-liberacao-de-pesca-recreativa-no-parque-das-lagoas\" target=\"_blank\" rel=\"noopener\">C\u00e2mara Municipal de Limeira<\/a><\/em><\/p>\n","protected":false},"excerpt":{"rendered":"<p>M\u00e1rcio do Estacionamento cobra Prefeitura sobre revitaliza\u00e7\u00e3o e libera\u00e7\u00e3o de pesca recreativa no Parque das Lagoas<\/p>\n<p>O vereador M\u00e1rcio do Estacionamento (DC) protocolou oficialmente o Requerimento N\u00ba 272\/2026, que foi lido na \u00faltima sess\u00e3o desta segunda-feira, 13 de abril, cobrando a Prefeitura infor<\/p>\n","protected":false},"author":4,"featured_media":61573,"comment_status":"","ping_status":"open","sticky":false,"template":"","format":"standard","meta":{"_jetpack_newsletter_access":"","_jetpack_dont_email_post_to_subs":false,"_jetpack_newsletter_tier_id":0,"_jetpack_memberships_contains_paywalled_content":false,"_mbp_banners":[],"_jetpack_feature_clip_id":0,"_jetpack_memberships_contains_paid_content":false,"footnotes":"","jetpack_publicize_message":"","jetpack_publicize_feature_enabled":true,"jetpack_social_post_already_shared":true,"jetpack_social_options":{"image_generator_settings":{"template":"highway","default_image_id":0,"font":"","enabled":false},"version":2},"jetpack_post_was_ever_published":false},"categories":[19],"tags":[],"class_list":["post-61574","post","type-post","status-publish","format-standard","has-post-thumbnail","category-politica"],"jetpack_publicize_connections":[],"jetpack-related-posts":[],"jetpack_shortlink":"https:\/\/wp.me\/p7Eq1F-g18","jetpack_sharing_enabled":true,"jetpack_featured_media_url":"https:\/\/i0.wp.com\/guialimeira.com.br\/news\/wp-content\/uploads\/2026\/04\/noticia-camara-83.jpg?fit=1280%2C640&ssl=1","_links":{"self":[{"href":"https:\/\/guialimeira.com.br\/news\/wp-json\/wp\/v2\/posts\/61574","targetHints":{"allow":["GET"]}}],"collection":[{"href":"https:\/\/guialimeira.com.br\/news\/wp-json\/wp\/v2\/posts"}],"about":[{"href":"https:\/\/guialimeira.com.br\/news\/wp-json\/wp\/v2\/types\/post"}],"author":[{"embeddable":true,"href":"https:\/\/guialimeira.com.br\/news\/wp-json\/wp\/v2\/users\/4"}],"replies":[{"embeddable":true,"href":"https:\/\/guialimeira.com.br\/news\/wp-json\/wp\/v2\/comments?post=61574"}],"version-history":[{"count":0,"href":"https:\/\/guialimeira.com.br\/news\/wp-json\/wp\/v2\/posts\/61574\/revisions"}],"wp:featuredmedia":[{"embeddable":true,"href":"https:\/\/guialimeira.com.br\/news\/wp-json\/wp\/v2\/media\/61573"}],"wp:attachment":[{"href":"https:\/\/guialimeira.com.br\/news\/wp-json\/wp\/v2\/media?parent=61574"}],"wp:term":[{"taxonomy":"category","embeddable":true,"href":"https:\/\/guialimeira.com.br\/news\/wp-json\/wp\/v2\/categories?post=61574"},{"taxonomy":"post_tag","embeddable":true,"href":"https:\/\/guialimeira.com.br\/news\/wp-json\/wp\/v2\/tags?post=61574"}],"curies":[{"name":"wp","href":"https:\/\/api.w.org\/{rel}","templated":true}]}}