{"id":6152,"date":"2024-05-23T17:41:52","date_gmt":"2024-05-23T20:41:52","guid":{"rendered":"https:\/\/guialimeira.com.br\/2024\/05\/23\/pessoas-com-tea-tem-sessao-de-cinema-inclusiva\/"},"modified":"2024-05-23T17:41:52","modified_gmt":"2024-05-23T20:41:52","slug":"pessoas-com-tea-tem-sessao-de-cinema-inclusiva","status":"publish","type":"post","link":"https:\/\/guialimeira.com.br\/news\/pessoas-com-tea-tem-sessao-de-cinema-inclusiva\/","title":{"rendered":"Pessoas com TEA t\u00eam sess\u00e3o de cinema inclusiva"},"content":{"rendered":"<p> <br \/>\n<\/p>\n<div>\n            <main class=\"\">&#13;<br \/>\n                &#13;<br \/>\n&#13;<br \/>\n&#13;<br \/>\n&#13;<br \/>\n    <img data-recalc-dims=\"1\" decoding=\"async\" src=\"https:\/\/i0.wp.com\/ecrie.com.br\/sistema\/conteudos\/imagem\/m_137_0_1_23052024142821.jpg?w=696&#038;ssl=1\" alt=\"Pessoas com TEA t\u00eam sess\u00e3o de cinema inclusiva\"\/>&#13;<br \/>\n&#13;<\/p>\n<p style=\"text-align: justify;\" align=\"justify\">O Limeira Shopping juntamente ao Centerplex Limeira, em parceria com o Fundo Social, promovem no domingo (26), \u00e0s 14h, a \u201cSess\u00e3o Azul\u201d com a exibi\u00e7\u00e3o do filme \u201cGarfield \u2013 Fora de Casa\u201d. A iniciativa \u00e9 voltada para pessoas com o transtorno do espectro autista (TEA), que ter\u00e3o entrada gratuita e os acompanhantes pagar\u00e3o meia entrada.<\/p>\n<p>&#13;<\/p>\n<p style=\"text-align: justify;\" align=\"justify\">Durante a exibi\u00e7\u00e3o do filme, as luzes ficar\u00e3o acesas e o som mais baixo. O ambiente tamb\u00e9m \u00e9 acess\u00edvel para cadeirantes. Os ingressos est\u00e3o dispon\u00edveis na bilheteria do Centerplex.<\/p>\n<p>&#13;<\/p>\n<p style=\"text-align: justify;\" align=\"justify\">Servi\u00e7o<\/p>\n<p>&#13;<\/p>\n<p style=\"text-align: justify;\" align=\"justify\">\u201cSess\u00e3o Azul\u201d com o filme \u201cGarfield \u2013 Fora de Casa\u201d<\/p>\n<p>&#13;<\/p>\n<p style=\"text-align: justify;\" align=\"justify\">Dia 26 de maio (domingo)<\/p>\n<p>&#13;<\/p>\n<p style=\"text-align: justify;\" align=\"justify\">14h, Limeira Shopping (Centerplex)<\/p>\n<p>&#13;<\/p>\n<p style=\"text-align: justify;\" align=\"justify\">Pessoas com TEA t\u00eam entrada gratuita, acompanhantes pagam meia entrada<\/p>\n<p>&#13;<br \/>\n&#13;<br \/>\n&#13;<br \/>\n&#13;<\/p>\n<aside class=\"list-related no-print\">&#13;<br \/>\n        &#13;<br \/>\n&#13;<\/p>\n<article class=\"list-item noticias \">&#13;<br \/>\n                    <a class=\"list-item__img\" href=\"https:\/\/limeira.sp.gov.br\/imprensa\/noticias\/fundo-social-de-limeira\/dia-d-da-campanha-do-agasalho-acontece-sabado-25-no-bairro-dos-pires\" tabindex=\"-1\" aria-hidden=\"true\" rel=\"noopener\">&#13;<br \/>\n                        <img data-recalc-dims=\"1\" decoding=\"async\" src=\"https:\/\/i0.wp.com\/ecrie.com.br\/sistema\/conteudos\/imagem\/m_137_0_1_22052024125057.jpg?w=696&#038;ssl=1\" alt=\"Dia D da Campanha do Agasalho acontece s\u00e1bado (25) no bairro dos Pires\"\/>&#13;<br \/>\n                    <\/a>&#13;<br \/>\n&#13;<br \/>\n                &#13;<br \/>\n            <\/article>\n<p>&#13;<\/p>\n<article class=\"list-item noticias \">&#13;<br \/>\n                    <a class=\"list-item__img\" href=\"https:\/\/limeira.sp.gov.br\/imprensa\/noticias\/fundo-social-de-limeira\/campanha-do-agasalho-realiza-drive-thru-na-vila-teixeira-marques\" tabindex=\"-1\" aria-hidden=\"true\" rel=\"noopener\">&#13;<br \/>\n                        <img data-recalc-dims=\"1\" decoding=\"async\" src=\"https:\/\/i0.wp.com\/ecrie.com.br\/sistema\/conteudos\/imagem\/m_137_0_1_21052024170347.jpg?w=696&#038;ssl=1\" alt=\"Campanha do Agasalho realiza drive-thru na Vila Teixeira Marques\"\/>&#13;<br \/>\n                    <\/a>&#13;<br \/>\n&#13;<br \/>\n                &#13;<br \/>\n            <\/article>\n<p>&#13;<\/p>\n<article class=\"list-item noticias \">&#13;<br \/>\n                    <a class=\"list-item__img\" href=\"https:\/\/limeira.sp.gov.br\/imprensa\/noticias\/fundo-social-de-limeira\/fundo-social-envia-nova-remessa-de-doacoes-para-o-rio-grande-do-sul\" tabindex=\"-1\" aria-hidden=\"true\" rel=\"noopener\">&#13;<br \/>\n                        <img data-recalc-dims=\"1\" decoding=\"async\" src=\"https:\/\/i0.wp.com\/ecrie.com.br\/sistema\/conteudos\/imagem\/m_137_0_1_20052024173803.jpg?w=696&#038;ssl=1\" alt=\"Fundo Social envia nova remessa de doa\u00e7\u00f5es para o Rio Grande do Sul\"\/>&#13;<br \/>\n                    <\/a>&#13;<br \/>\n&#13;<br \/>\n                &#13;<br \/>\n            <\/article>\n<p>&#13;<br \/>\n    <\/aside>\n<p>&#13;<br \/>\n&#13;<br \/>\n            <\/main><\/p><\/div>\n<p><br \/>\n<br \/><a href=\"https:\/\/limeira.sp.gov.br\/pessoas-com-tea-tem-sessao-de-cinema-inclusiva-1\" rel=\"noopener\">Informa\u00e7\u00f5es da PML <\/a><\/p>\n","protected":false},"excerpt":{"rendered":"<p>&#13; &#13; &#13; &#13; &#13; &#13; &#13; O Limeira Shopping juntamente ao Centerplex Limeira, em parceria com o Fundo Social, promovem no domingo (26), \u00e0s 14h, a \u201cSess\u00e3o Azul\u201d com a exibi\u00e7\u00e3o do filme \u201cGarfield \u2013 Fora de Casa\u201d. A iniciativa \u00e9 voltada para pessoas com o transtorno do espectro autista (TEA), que ter\u00e3o entrada [&hellip;]<\/p>\n","protected":false},"author":1,"featured_media":6153,"comment_status":"open","ping_status":"open","sticky":false,"template":"","format":"standard","meta":{"_jetpack_newsletter_access":"","_jetpack_dont_email_post_to_subs":false,"_jetpack_newsletter_tier_id":0,"_jetpack_memberships_contains_paywalled_content":false,"_mbp_banners":[],"_jetpack_feature_clip_id":0,"_jetpack_memberships_contains_paid_content":false,"footnotes":"","jetpack_publicize_message":"","jetpack_publicize_feature_enabled":true,"jetpack_social_post_already_shared":true,"jetpack_social_options":{"image_generator_settings":{"template":"highway","default_image_id":0,"font":"","enabled":false},"version":2},"jetpack_post_was_ever_published":false},"categories":[16],"tags":[],"class_list":["post-6152","post","type-post","status-publish","format-standard","has-post-thumbnail","category-local"],"jetpack_publicize_connections":[],"jetpack-related-posts":[],"jetpack_shortlink":"https:\/\/wp.me\/p7Eq1F-1Be","jetpack_sharing_enabled":true,"jetpack_featured_media_url":"https:\/\/i0.wp.com\/guialimeira.com.br\/news\/wp-content\/uploads\/2024\/05\/m_137_0_1_23052024142821.jpg?fit=1280%2C720&ssl=1","_links":{"self":[{"href":"https:\/\/guialimeira.com.br\/news\/wp-json\/wp\/v2\/posts\/6152","targetHints":{"allow":["GET"]}}],"collection":[{"href":"https:\/\/guialimeira.com.br\/news\/wp-json\/wp\/v2\/posts"}],"about":[{"href":"https:\/\/guialimeira.com.br\/news\/wp-json\/wp\/v2\/types\/post"}],"author":[{"embeddable":true,"href":"https:\/\/guialimeira.com.br\/news\/wp-json\/wp\/v2\/users\/1"}],"replies":[{"embeddable":true,"href":"https:\/\/guialimeira.com.br\/news\/wp-json\/wp\/v2\/comments?post=6152"}],"version-history":[{"count":0,"href":"https:\/\/guialimeira.com.br\/news\/wp-json\/wp\/v2\/posts\/6152\/revisions"}],"wp:featuredmedia":[{"embeddable":true,"href":"https:\/\/guialimeira.com.br\/news\/wp-json\/wp\/v2\/media\/6153"}],"wp:attachment":[{"href":"https:\/\/guialimeira.com.br\/news\/wp-json\/wp\/v2\/media?parent=6152"}],"wp:term":[{"taxonomy":"category","embeddable":true,"href":"https:\/\/guialimeira.com.br\/news\/wp-json\/wp\/v2\/categories?post=6152"},{"taxonomy":"post_tag","embeddable":true,"href":"https:\/\/guialimeira.com.br\/news\/wp-json\/wp\/v2\/tags?post=6152"}],"curies":[{"name":"wp","href":"https:\/\/api.w.org\/{rel}","templated":true}]}}